{"id":921,"date":"2011-04-16T21:46:04","date_gmt":"2011-04-16T20:46:04","guid":{"rendered":"https:\/\/sockenseite.de\/wordpress\/?p=921"},"modified":"2021-02-05T14:39:01","modified_gmt":"2021-02-05T13:39:01","slug":"wie-verhindere-ich-menschenwuerdige-pflege-teil-2-185","status":"publish","type":"post","link":"https:\/\/sockenseite.de\/wordpress\/2011\/04\/16\/wie-verhindere-ich-menschenwuerdige-pflege-teil-2-185\/","title":{"rendered":"Wie verhindere ich menschenw\u00fcrdige Pflege? (Teil 2.185)"},"content":{"rendered":"<p>Jetzt hat auch Otto Wulff, Chef der <a href=\"http:\/\/www.seniorenunion.de\/\">Senioren-Union<\/a>, den drohenden Pflegenotstand f\u00fcr sich entdeckt. Das liegt nahe, weil Senioren den Gro\u00dfteil der in Deutschland geleisteten Pflege empfangen und irgendwer<sup><a href=\"#footnote_1_921\" id=\"identifier_1_921\" class=\"footnote-link footnote-identifier-link\" title=\"Meinetwegen auch ein Dampfplauderer wie Wulff, der sonst auch gerne mal Bl&ouml;dsinn &uuml;ber Abtreibung und Kinderl&auml;rm erz&auml;hlt.\">1<\/a><\/sup> sich f\u00fcr diese Zielgruppe einsetzen sollte. Es m\u00fcsse selbstverst\u00e4ndlich &#8222;Hartz-IV-Empf\u00e4ngern zugemutet werden k\u00f6nnen, auch im sozialen Bereich zu arbeiten.&#8220; Durch Arbeitslose in der Pflege k\u00f6nnten n\u00e4mlich gleich zwei Fliegen mit einer Klappe erschlagen werden: Erstens tut man so, als w\u00fcrde man etwas gegen den Pflegenotstand unternehmen <sup><a href=\"#footnote_2_921\" id=\"identifier_2_921\" class=\"footnote-link footnote-identifier-link\" title=\"vgl. Zugangserschwerungsgesetz als Mittel gegen Kinderpornografie\">2<\/a><\/sup>, und zweitens w\u00fcrden die Faulenzer endlich der Gesellschaft etwas zur\u00fcckgeben.<\/p>\n<p>Die gutb\u00fcrgerlichen Stammtische, die wissen, das Hartz-IV-Empf\u00e4nger ohnehin nur schmarotzend herumliegen und die Almosen des Steuerzahlers versaufen, applaudieren schon; schlie\u00dflich wurde das faule Pack aus fehlgeleiteter N\u00e4chstenliebe schon nicht f\u00fcrs <a href=\"http:\/\/www.handelsblatt.com\/politik\/deutschland\/westerwelle-will-hartz-iv-emfaenger-schnee-schippen-lassen\/3374112.html\">Schneeschippen<\/a>, M\u00fcllr\u00e4umen und sonstige <a href=\"http:\/\/www.welt.de\/politik\/deutschland\/article5868714\/Koch-fordert-Arbeitspflicht-fuer-Hartz-IV-Empfaenger.html\">Gemeinschaftsdienste<\/a> zwangsverpflichtet, und auch die <a href=\"http:\/\/www.spiegel.de\/wirtschaft\/0,1518,421374,00.html\">Meldepflicht<\/a> war nur ein stumpfes Schwert. Dass all diese tollen Vorschl\u00e4ge<sup><a href=\"#footnote_3_921\" id=\"identifier_3_921\" class=\"footnote-link footnote-identifier-link\" title=\"Irgendwie erinnert das laute Nachdenken &uuml;ber m&ouml;gliche Zwangsarbeitseinsatzgebiete f&uuml;r Hartz-IV-Empf&auml;nger an das reflexartige Winken mit Netzsperren bei jeder sich nicht bietenden Gelegenheit.\">3<\/a><\/sup> trotz der Begeisterungsst\u00fcrme bei Deutschlands Stammtischen nicht umgesetzt wurden, lag sicherlich nur an <a href=\"http:\/\/www.tagesspiegel.de\/politik\/merkel-kuendigt-herbst-der-entscheidungen-an\/1933910.html\">mangelnder Durchsetzungsf\u00e4higkeit der Regierung<\/a> und nicht an der <a href=\"https:\/\/www.diw.de\/de\/diw_01.c.452441.de\/publikationen\/wochenberichte\/2008_43\/arbeitslose_hartz_iv_empfaenger_oftmals_gering_qualifiziert_aber_nicht_weniger_arbeitswillig.html\">angeblichen Arbeitswilligkeit<\/a> der Hartzer.<\/p>\n<p>Um aber mal ein wenig Realit\u00e4tsbezug in diesen Artikel zu bringen, verweise ich zun\u00e4chst mal an die weisen Worte aus dem <a href=\"http:\/\/www.freitag.de\/community\/blogs\/aredlin\/populismus-pur-hartz-iv-empfaenger-als-guenstige-pflegekraefte\">Freitag<\/a>:<\/p>\n<blockquote><p>&#8222;Die Zumutung besteht allerdings in Wirklichkeit nicht in der Tatsache, dass es sich um eine T\u00e4tigkeit in der Pflege handelt. Eine Zumutung ist in diesem Zusammenhang wohl eher, dass entsprechende Jobs, trotz einem Pflegenotstand, der nicht erst seit der Abschaffung des Zivildienstes besteht, nicht als regul\u00e4re Arbeitspl\u00e4tze eingerichtet und angemessen verg\u00fctet werden.&#8220;<\/p><\/blockquote>\n<p>Immer wieder damit zu kommen, dass Arbeitslose zur Arbeit in der Pflege zwangsverpflichtet werden k\u00f6nnten, hilft weder den Pflegebed\u00fcrftigen noch der Pflege. Es fehlt an Fachkr\u00e4ften, nicht an Hilfskr\u00e4ften, denen die jetzt sch\u00f6n bis zur \u00dcberlastung geforderten Fachkr\u00e4fte wegen der fehlenden Kenntnisse immer wieder kontrollierend hinterherlaufen m\u00fcssten. Es fehlt an angemessener Bezahlung und \u00f6ffentlicher Wertsch\u00e4ftzung der Pflege. Dass unz\u00e4hlige Laien, die eigene Angeh\u00f6rige zuhause pflegen, <a href=\"https:\/\/web.archive.org\/web\/20110907120659\/http:\/\/www.magazin66.de\/2011\/02\/wer-pflegt-wird-meist-selber-krank\/\">dabei vor die Hunde gehen<\/a>, ist immerhin <a href=\"http:\/\/www.krankenkassen.de\/dpa\/183418.html\">bei der Politik angekommen<\/a>. Es zeigt aber auch, dass Pflege kein Job ist, den jeder unvorbereitet tun kann. Wie <a href=\"https:\/\/sockenseite.de\/wordpress\/aufreger\/gepflegtes-aussitzen\/\">hierzublogs<\/a> bereits erkl\u00e4rt ist darum der Ansatz, ungelernte Hilfskr\u00e4fte en masse auf Pflegebed\u00fcrftige loszulassen, hirntot.<\/p>\n<p>Wulff aber hat eine Mission: &#8222;Besonders m\u00f6chte ich mich auch jenen B\u00fcrgerinnen und B\u00fcrgern widmen, die wegen Alters und Krankheit von der Gesellschaft abgeschoben wurden und h\u00e4ufig gro\u00dfen seelischen und k\u00f6rperlichen Leiden ausgesetzt sind.&#8220; Das hatte er schlie\u00dflich schon vor f\u00fcnf Jahren geheuchelt, als er sich von <a href=\"http:\/\/de.wikipedia.org\/wiki\/Friedbert_Pfl\u00fcger\">Friedbert Pfl\u00fcger<\/a> in dessen Kompetenzteam f\u00fcr den v\u00f6llig vergeigten Wahlkampf in Berlin holen lie\u00df. Heute will er, dass Menschen, die sich nicht dagegen wehren k\u00f6nnen, von Leuten versorgt werden, die zu dieser Arbeit gezwungen werden und keine entsprechende Ausbildung dazu haben. Das gab es schon mal, als sich im Mittelalter M\u00f6nche zwischen ihren Gebeten und Gottesdiensten um Kranke k\u00fcmmern mussten und teilweise sogar Straft\u00e4ter zur Versorgung Auss\u00e4tziger gezwungen wurden.Was h\u00e4ufig nicht einmal ein Unterschied war, weil mancher Misset\u00e4ter vor dem Zugriff der Strafverfolgung ins Kloster floh.<\/p>\n<p>Nennenswerten Einsatz von Gehirnschmalz setze ich f\u00fcr seinen aktuellen Vorschlag lieber nicht voraus. Dann w\u00e4re n\u00e4mlich Bosheit anzunehmen. Mein positives Menschenbild bringt mich jedoch zur Annahme, dass einfache Dummheit als Erkl\u00e4rung v\u00f6llig ausreicht. Wulff sollte an seine eigenen Worte erinnert werden. 2009, als er sich gegen die zeitliche Grundlage f\u00fcr die Ermittlung des Pflegebedarfs echauffierte, formulierte er folgendes: &#8222;Wie menschlich und wie mitf\u00fchlend unsere Gesellschaft ist, zeigt sich auch daran, wie sie mit ihren \u00e4lteren schwachen und pflegebed\u00fcrftigen Mitgliedern umgeht.&#8220; Sicherlich nicht dadurch, dass man ungelernte Hilfskr\u00e4fte dazu zwingt, sich um hilflose Menschen zu k\u00fcmmern. Da k\u00f6nnte man ja gleich Politiker ans Krankenbett schicken.<\/p>\n<p><b>Update:<\/b> Im DBfK-Blog <a href=\"http:\/\/www.good-care.de\/?p=591\">good-care.de<\/a> <del datetime=\"2021-02-05T13:23:25+00:00\">und beim Schnakenhascher<\/del> wird der fassungslos machende Aufruf zur Entprofessionalisierung der Pflege ebenfalls treffend kritisiert.<\/p>\n<ol class=\"footnotes\"><li id=\"footnote_1_921\" class=\"footnote\">Meinetwegen auch ein Dampfplauderer wie Wulff, der sonst auch gerne mal Bl\u00f6dsinn \u00fcber Abtreibung und Kinderl\u00e4rm erz\u00e4hlt.<span class=\"footnote-back-link-wrapper\">[<a href=\"#identifier_1_921\" class=\"footnote-link footnote-back-link\">&#8617;<\/a>]<\/span><\/li><li id=\"footnote_2_921\" class=\"footnote\">vgl. <a href=\"https:\/\/web.archive.org\/web\/20151004200210\/http:\/\/www.heise.de\/thema\/Zugangserschwerungsgesetz\">Zugangserschwerungsgesetz<\/a> als Mittel gegen Kinderpornografie<span class=\"footnote-back-link-wrapper\">[<a href=\"#identifier_2_921\" class=\"footnote-link footnote-back-link\">&#8617;<\/a>]<\/span><\/li><li id=\"footnote_3_921\" class=\"footnote\">Irgendwie erinnert das laute Nachdenken \u00fcber m\u00f6gliche Zwangsarbeitseinsatzgebiete f\u00fcr Hartz-IV-Empf\u00e4nger an das reflexartige Winken mit <a href=\"http:\/\/www.spiegel.de\/netzwelt\/web\/0,1518,756706,00.html\">Netzsperren<\/a> bei jeder sich nicht bietenden Gelegenheit.<span class=\"footnote-back-link-wrapper\">[<a href=\"#identifier_3_921\" class=\"footnote-link footnote-back-link\">&#8617;<\/a>]<\/span><\/li><\/ol>","protected":false},"excerpt":{"rendered":"<p>Jetzt hat auch Otto Wulff, Chef der Senioren-Union, den drohenden Pflegenotstand f\u00fcr sich entdeckt. Das liegt nahe, weil Senioren den Gro\u00dfteil der in&hellip;<\/p>\n","protected":false},"author":1,"featured_media":3261,"comment_status":"open","ping_status":"open","sticky":false,"template":"","format":"standard","meta":{"_bluesky_dont_syndicate":"","_bluesky_syndication_accounts":"","_bluesky_syndication_text":"","footnotes":""},"categories":[13,21],"tags":[178,287,423],"class_list":["post-921","post","type-post","status-publish","format-standard","has-post-thumbnail","hentry","category-aufreger","category-pflege-und-gesundheit","tag-hartz-iv","tag-pflege","tag-union"],"_links":{"self":[{"href":"https:\/\/sockenseite.de\/wordpress\/wp-json\/wp\/v2\/posts\/921","targetHints":{"allow":["GET"]}}],"collection":[{"href":"https:\/\/sockenseite.de\/wordpress\/wp-json\/wp\/v2\/posts"}],"about":[{"href":"https:\/\/sockenseite.de\/wordpress\/wp-json\/wp\/v2\/types\/post"}],"author":[{"embeddable":true,"href":"https:\/\/sockenseite.de\/wordpress\/wp-json\/wp\/v2\/users\/1"}],"replies":[{"embeddable":true,"href":"https:\/\/sockenseite.de\/wordpress\/wp-json\/wp\/v2\/comments?post=921"}],"version-history":[{"count":0,"href":"https:\/\/sockenseite.de\/wordpress\/wp-json\/wp\/v2\/posts\/921\/revisions"}],"wp:featuredmedia":[{"embeddable":true,"href":"https:\/\/sockenseite.de\/wordpress\/wp-json\/wp\/v2\/media\/3261"}],"wp:attachment":[{"href":"https:\/\/sockenseite.de\/wordpress\/wp-json\/wp\/v2\/media?parent=921"}],"wp:term":[{"taxonomy":"category","embeddable":true,"href":"https:\/\/sockenseite.de\/wordpress\/wp-json\/wp\/v2\/categories?post=921"},{"taxonomy":"post_tag","embeddable":true,"href":"https:\/\/sockenseite.de\/wordpress\/wp-json\/wp\/v2\/tags?post=921"}],"curies":[{"name":"wp","href":"https:\/\/api.w.org\/{rel}","templated":true}]}}