{"id":6054,"date":"2025-03-31T21:27:00","date_gmt":"2025-03-31T19:27:00","guid":{"rendered":"https:\/\/sockenseite.de\/wordpress\/2025\/03\/31\/anfrage-entwicklung-des-offenen-ganztags-in-leverkusen\/"},"modified":"2025-04-17T13:10:10","modified_gmt":"2025-04-17T11:10:10","slug":"anfrage-entwicklung-des-offenen-ganztags-in-leverkusen","status":"publish","type":"post","link":"https:\/\/sockenseite.de\/wordpress\/2025\/03\/31\/anfrage-entwicklung-des-offenen-ganztags-in-leverkusen\/","title":{"rendered":"Anfrage Entwicklung des Offenen Ganztags in Leverkusen"},"content":{"rendered":"<p>Gerne dokumentieren wir die von Pirat\u00a0<a href=\"https:\/\/piratenpartei-leverkusen.de\/tag\/oliver-ding\/?amp=1\">Oliver Ding<\/a>\u00a0formulierte Anfrage zum Offenen Ganztag in Leverkusen:<\/p>\n<h2 class=\"wp-block-heading\">Anfrage<\/h2>\n<p>Sehr geehrter Herr Oberb\u00fcrgermeister Richrath,<\/p>\n<p>ich bitte freundlich um die Beantwortung folgender Anfrage:<\/p>\n<p>Laut dem Gesetz zur ganzt\u00e4gigen F\u00f6rderung von Kindern im Grundschulalter haben ab dem 1. August 2026 zun\u00e4chst alle Kinder der ersten Klassenstufe einen Anspruch darauf, ganzt\u00e4gig gef\u00f6rdert zu werden. Laut aktuellem Bildungsbericht werden im Schuljahr 2024\/2025 82% der Leverkusener Schulkinder nach dem Unterricht in Ganztagsangeboten betreut.<\/p>\n<p>Aufbauend auf unsere Anfrage von 2022 haben wir dazu folgende Fragen:<\/p>\n<ol class=\"wp-block-list\">\n<li>Sind bei der Tr\u00e4gerschaft der Ganztagsangebote bei Leverkusener Schulen \u00c4nderungen erfolgt?<\/li>\n<li>Wie viele Kinder k\u00f6nnen derzeit nicht im Ganztag betreut werden, weil nach einem entsprechenden Antrag kein Platz zur Verf\u00fcgung gestellt werden konnte?<\/li>\n<li>In der Stellungnahme zu unserer damaligen Anfrage verwiesen Sie darauf, dass \u201eauch an den Standorten an denen aktuell keine Warteliste zu verzeichnen ist, [..] die Rahmenbedingungen f\u00fcr einen qualitativen Ganztag nicht zwingend abgebildet\u201c seien. Auf wie viele Schulen trifft diese Einsch\u00e4tzung aktuell noch zu? Teilen Sie bitte zudem mit, bei welchen Schulen bauliche Verbesserungsma\u00dfnahmen bereits veranlasst sind und in welchem Status (Planungsverfahren, Gremienbeschluss, Beauftragung erfolgt, in Bau) sich dieUmsetzung befindet.<\/li>\n<\/ol>\n<p>Der Beitrag <a href=\"https:\/\/piratenpartei-leverkusen.de\/2025\/03\/anfrage-entwicklung-des-offenen-ganztags-in-leverkusen\/\">Anfrage Entwicklung des Offenen Ganztags in Leverkusen<\/a> erschien zuerst auf <a href=\"https:\/\/piratenpartei-leverkusen.de\/\">Piratenpartei Leverkusen<\/a>.<\/p>\n<\/div>\n","protected":false},"excerpt":{"rendered":"<p>Gerne dokumentieren wir die von Pirat\u00a0Oliver Ding\u00a0formulierte Anfrage zum Offenen Ganztag in Leverkusen: Anfrage Sehr geehrter Herr Oberb\u00fcrgermeister Richrath, ich bitte freundlich um&hellip;<\/p>\n","protected":false},"author":2,"featured_media":5038,"comment_status":"closed","ping_status":"open","sticky":false,"template":"","format":"standard","meta":{"_bluesky_dont_syndicate":"1","_bluesky_syndication_accounts":"","_bluesky_syndication_text":"","footnotes":""},"categories":[683,22],"tags":[510,789,294,508],"class_list":["post-6054","post","type-post","status-publish","format-standard","has-post-thumbnail","hentry","category-piraten","category-politik-und-gesellschaft","tag-bildung","tag-kinderbetreuung","tag-piraten","tag-schulen"],"_links":{"self":[{"href":"https:\/\/sockenseite.de\/wordpress\/wp-json\/wp\/v2\/posts\/6054","targetHints":{"allow":["GET"]}}],"collection":[{"href":"https:\/\/sockenseite.de\/wordpress\/wp-json\/wp\/v2\/posts"}],"about":[{"href":"https:\/\/sockenseite.de\/wordpress\/wp-json\/wp\/v2\/types\/post"}],"author":[{"embeddable":true,"href":"https:\/\/sockenseite.de\/wordpress\/wp-json\/wp\/v2\/users\/2"}],"replies":[{"embeddable":true,"href":"https:\/\/sockenseite.de\/wordpress\/wp-json\/wp\/v2\/comments?post=6054"}],"version-history":[{"count":0,"href":"https:\/\/sockenseite.de\/wordpress\/wp-json\/wp\/v2\/posts\/6054\/revisions"}],"wp:featuredmedia":[{"embeddable":true,"href":"https:\/\/sockenseite.de\/wordpress\/wp-json\/wp\/v2\/media\/5038"}],"wp:attachment":[{"href":"https:\/\/sockenseite.de\/wordpress\/wp-json\/wp\/v2\/media?parent=6054"}],"wp:term":[{"taxonomy":"category","embeddable":true,"href":"https:\/\/sockenseite.de\/wordpress\/wp-json\/wp\/v2\/categories?post=6054"},{"taxonomy":"post_tag","embeddable":true,"href":"https:\/\/sockenseite.de\/wordpress\/wp-json\/wp\/v2\/tags?post=6054"}],"curies":[{"name":"wp","href":"https:\/\/api.w.org\/{rel}","templated":true}]}} 