{"id":5950,"date":"2025-03-12T20:15:00","date_gmt":"2025-03-12T19:15:00","guid":{"rendered":"https:\/\/sockenseite.de\/wordpress\/?p=5950"},"modified":"2025-03-14T14:57:07","modified_gmt":"2025-03-14T13:57:07","slug":"information-vs-desinformation","status":"publish","type":"post","link":"https:\/\/sockenseite.de\/wordpress\/2025\/03\/12\/information-vs-desinformation\/","title":{"rendered":"Information vs. Desinformation"},"content":{"rendered":"\n<p>Der wunderbare Podcast &#8222;Corona-Virus-Update&#8220; des NDR blickt aktuell in einer mehrteiligen Reihe zur\u00fcck: &#8222;5 Jahre Corona &#8211; Was haben wir gelernt?&#8220; zur\u00fcck. Ich habe bisher jede Folge gefeiert. Wichtige Erkenntnisse, klug und unaufgeregt mit reichlich Sachverstand aufbereitet. <\/p>\n\n\n\n<p>In der aktuellen Folge <a href=\"https:\/\/www.ardaudiothek.de\/episode\/das-coronavirus-update-von-ndr-info\/erklaeren-kommunikation-und-politikberatung-9-10\/ndr-info\/14266471\/\">&#8222;Kommunikation und Politikberatung&#8220;<\/a>, zum Nachlesen zusammengefasst unter <a href=\"https:\/\/www.ndr.de\/ratgeber\/gesundheit\/Aus-Corona-Fehlern-lernen-Kommunikation-in-Pandemien-,coronavirusupdate290.html\">&#8222;Aus Corona-Fehlern lernen: Kommunikation in Pandemien&#8220;<\/a>, wird \u00fcber die Desinformation w\u00e4hrend der Pandemie berichtet. Es wird nicht nur sachlich knapp gegen verstrahlte Hetzer wie Bhakdhi und Wodarg ausgeteilt und Falschinformation richtig gestellt. Vor allem gibt es konkrete Learnings aus der Pandemie, z.B. wie Krisenkommunikation durch phasengerechte Erkl\u00e4rungen und Transparenz an der richtigen Stelle besser funktionieren kann. Ein Beispiel:<\/p>\n\n\n\n<blockquote class=\"wp-block-quote is-layout-flow wp-block-quote-is-layout-flow\">\n<p>&#8222;Der Virologe <a href=\"https:\/\/sockenseite.de\/wordpress\/tag\/christian-drosten\/\">Christian Drosten<\/a> war einer der f\u00fchrenden Wissensvermittler in der Corona-Pandemie&nbsp;und auch Mitglied des Expertenrats. Er hat die Kommunikation mit der Politik eher als Einbahnstra\u00dfe empfunden. Die R\u00fcckkopplung sei zum Teil sp\u00e4rlich gewesen und Resultate h\u00e4tten auch die beratenden Wissenschaftler h\u00e4ufig erst aus den Medien erfahren, sagt er. Die Beratungs- und Entscheidungsprozesse m\u00fcssten in k\u00fcnftigen Pandemien nachvollziehbar gemacht werden, so Drosten: &#8222;Die Bev\u00f6lkerung muss das unbedingt mitkriegen, damit manche Desinformationsquellen weniger Chancen haben, ihre Fehlinformationen zu streuen auf dem R\u00fccken der beteiligten Wissenschaftlerinnen und Wissenschaftler und auch auf dem R\u00fccken der Politiker. Man kann das nur mit Transparenz heilen.&#8220;<\/p>\n\n\n\n<p>Als Beispiel daf\u00fcr, wie sehr Medien durch Verk\u00fcrzung und Verzerrung zur Desinformation beitragen, gibt es einen aktuell von den Schwurblern gefeierten NZZ-Artikel:<\/p>\n\n\n\n<p><a href=\"https:\/\/www.nzz.ch\/international\/der-deutschen-regierung-liegen-plausible-indizien-vor-dass-das-coronavirus-aus-dem-labor-in-wuhan-kommt-ld.1874840\">&#8222;Der deutschen Regierung liegen plausible Indizien vor, dass das Coronavirus aus dem Labor in Wuhan kommt&#8220;<\/a><\/p>\n<\/blockquote>\n\n\n\n<p>Der Artikel wurde verfasst von <a href=\"https:\/\/medieninsider.com\/ex-bild-chefredakteur-johannes-boie-schreibt-jetzt-fur-nzz\/23936\/\">Johannes Boie<\/a>, dessen ehemalige Positon als Chefredakteur von Welt und BILD nicht das allerbeste Leumundszeugnis in Sachen Seriosit\u00e4t. Als Quelle werden Geheimdienst-Informationen benannt, die man sich mangels \u00dcberpr\u00fcfbarkeit auch einfach behaupten kann. Und dann der Clou: Ausgerechnet <a href=\"https:\/\/sockenseite.de\/wordpress\/tag\/christian-drosten\/\">Christian Drosten<\/a>, der im Laufe der Pandemie immer wieder die Laborthese als weniger wahrscheinlich dargestellt hat, weil es sehr viel mehr Indizien f\u00fcr eine vom Tiermarkt in Wuhan ausgehende Verbreitung gibt, wird als Kronzeuge f\u00fcr die Labor-Behauptung angef\u00fchrt. Als Quelle dient ein Interview in der taz. Ob Boie aber mehr als nur die \u00dcberschrift gelesen hat, ist fraglich: &#8222;Je mehr Zeit vergeht, desto skeptischer werde ich&#8220;, wird Drosten zitiert: &#8222;Der Virologe war fr\u00fcher \u00fcberzeugt davon, dass das Sars-CoV-2 Virus aus der Natur komme, mittlerweile \u00e4ussert er sich deutlich anders:<\/p>\n\n\n\n<p>Und wenn man den mit <a href=\"https:\/\/taz.de\/Christian-Drosten\/!6061896\/\" target=\"_blank\" rel=\"noreferrer noopener\">&#8222;Je mehr Zeit vergeht, desto skeptischer werde ich&#8220;<\/a> betitelten Artikel liest, steht da allerdings das gleiche, was Drosten wiederkehrend auch in Interview<sup><a href=\"#footnote_1_5950\" id=\"identifier_1_5950\" class=\"footnote-link footnote-identifier-link\" title=\"z.B. in Folge 2 von &bdquo;5 Jahre Corona &ndash; Was haben wir gelernt&ldquo;: &bdquo;Zoonosen und Surveillance&ldquo; bzw. im  dazugeh&ouml;rigenArtikel &bdquo;F&uuml;nf Jahre Corona: Was sind die Lehren f&uuml;r die n&auml;chste Pandemie?&ldquo;\">1<\/a><\/sup> immer sagt:<\/p>\n\n\n\n<blockquote class=\"wp-block-quote is-layout-flow wp-block-quote-is-layout-flow\">\n<blockquote class=\"wp-block-quote is-layout-flow wp-block-quote-is-layout-flow\">\n<p>Da passt eigentlich alles zusammen: Die fr\u00fchen Infektionen hatten eine r\u00e4umliche Verbindung zum Markt. Dort gab es die Zwischenwirte, Marderhunde, und das Virus wurde genau da auf dem Markt gefunden, wo auch diese Tiere verkauft wurden. Auf dem Markt hat man auch die fr\u00fchen beiden Viruslinien gefunden, von denen die Pandemie ausging. Diese Linien sind geringgradig unterschiedlich und gehen nicht auf einen bekannten gemeinsamen Vorfahren im Menschen zur\u00fcck. Der Mensch hat also mit einiger Wahrscheinlichkeit das Virus mehrmals erworben, und das passt eher zu Infektionen an einer Gruppe von Tieren als im Labor. Nat\u00fcrlich k\u00f6nnten sich die Markttiere auch an infizierten Menschen angesteckt haben, aber wahrscheinlicher ist eine Infektion des Menschen am Tier, wie auch bei Sars-1.<\/p>\n<\/blockquote>\n<\/blockquote>\n\n\n\n<p>Zusammengefasst:<\/p>\n\n\n\n<ul class=\"wp-block-list\">\n<li>Alle vorliegenden Erkenntnisse sprechen f\u00fcr eine nat\u00fcrliche Ausbreitung im Umfeld von Tieren auf dem Tiermarkt.<\/li>\n\n\n\n<li>China d\u00fcrfte genauere Daten haben, gibt diese aber nicht heraus.<\/li>\n\n\n\n<li>Mit Hilfe dieser Daten lie\u00dfe sich sehr leicht die Laborthese widerlegen.<\/li>\n\n\n\n<li>Er ist skeptisch, dass die chinesischer Regierung die Daten zeitnah oder \u00fcberhaupt ver\u00f6ffentlicht.<\/li>\n<\/ul>\n\n\n\n<p>Und genau auf diesen letzten Punkt bezieht sich das &#8222;skeptischer&#8220;. Es geht dabei nicht um Zweifel an der Tiermarkt-Hypothese, sondern um die Ver\u00f6ffentlichung der dies belegenden Daten durch die chinesische Regierung.<\/p>\n\n\n\n<p>Hat der Autor des Artikels \u00fcberhaupt mehr gelesen als die \u00dcberschrift? So wird durch Quotemardern das Gegenteil der tats\u00e4chlichen Aussage. Fahrl\u00e4ssigkeit oder Absicht? In den arbeitsscheuen Redaktionen der Republik greift man jedenfalls gleich munter zu. Das Das <a href=\"https:\/\/www.zdf.de\/nachrichten\/politik\/corona-labor-geheimdienst-bundesregierung-100.html\">ZDF<\/a> zitiert die Passage mit Referenz auf die NZZ, also komplett aus dem Kontext gerissen:<\/p>\n\n\n\n<blockquote class=\"wp-block-quote is-layout-flow wp-block-quote-is-layout-flow\">\n<blockquote class=\"wp-block-quote is-layout-flow wp-block-quote-is-layout-flow\">\n<p>Sp\u00e4ter \u00e4u\u00dferte sich Drosten auch anders: Im Januar sagte er der &#8222;taz&#8220;, dass er skeptischer werde, je mehr Zeit vergehe.&nbsp;<\/p>\n<\/blockquote>\n<\/blockquote>\n\n\n\n<blockquote class=\"wp-block-quote is-layout-flow wp-block-quote-is-layout-flow\">\n<p>Ich wette, dass hier ebenfalls die Originalquelle maximal bis zur \u00dcberschrift gelesen wurde. Und gleich danach stellt die heute-Redaktion auch noch ohne jede Einordnung fest, dass &#8222;die amerikanische CIA [..] im Januar ihre Einsch\u00e4tzung zum Ursprung des Corona-Virus&#8220; ge\u00e4ndert habe. Auf Weisung der faktenallergischen und verschw\u00f6rungsaffinen Trumpisten, nicht aufgrund neuer Erkenntnisse.<\/p>\n\n\n\n<p>Dann krabbelt auch noch Wolfgang Kubicki unter seinem Stein hervor und krakeelt mit Bezug auf das Geraune, dass Karl Lauterbach nicht mehr Gesundheitsminister werden d\u00fcrfe. <\/p>\n\n\n\n<p>Viel mehr als auf nicht nachvollziehbare Behauptungen aus &#8222;Geheimdienstkreisen&#8220; steil zu gehen, sollte man abwarten, was die Pr\u00fcfung der BND-Erkenntnisse ergibt. Ende 2023 hat die Bundesregierung&nbsp;n\u00e4mlich externe Experten mit einer \u00dcberpr\u00fcfung dieser Erkenntnisse beauftragt. Zu der Gruppe geh\u00f6rten Lars Schade, Pr\u00e4sident des Robert Koch-Instituts, und Christian Drosten. Ein Ergebnis steht noch aus.<\/p>\n<\/blockquote>\n\n\n\n<p>Man kann diese Art &#8222;Journalismus&#8220; nur noch verachten. Kein Wunder, dass die Schwurbler das feiern. Aber immerhin passt das zu der nur als d\u00fcnn zu bezeichnenden Quellenlage. Es wird nicht dadurch wahrer, wenn sich deutsche und amerikanische Geheimdienste damit befassen. Es geht um Daten und Fakten. Und f\u00fcr den Tiermarkt in Wuhan kann dies nur die chinesische Regierung bereitstellen.<\/p>\n\n\n\n<p>\u00dcbrigens kommt die Laborthese auch in der aktuellen Folge von &#8222;5 Jahre Corona &#8211; Was haben wir gelernt?&#8220; vor. Der Biologe Fabian Leendertz vom Helmholtz-Institut f\u00fcr One Health in Greifswald f\u00fchrt (ca. ab Minute 64:47) aus:<\/p>\n\n\n\n<blockquote class=\"wp-block-quote is-layout-flow wp-block-quote-is-layout-flow\">\n<p>&#8222;Was ich auch gelernt habe, ist, dass es unglaublich schwierig ist,  Wahrscheinlichkeiten zu vermitteln. Ja also, wenn man jetzt sagt, technisch kann man nicht ausschlie\u00dfen, dass SARS-CoV-2 aus dem Labor gekommen ist, aber es ist wesentlich wahrscheinlicher, 99% oder was auch immer, ja, einfach wesentlich wahrscheinlicher aufgrund der Masse der Mensch-Tier-Kontakte in Farmen, auf diesen Wetmarket und so weiter, wo die Leute ungesch\u00fctzt sind &#8211; im Labor ist man auf jeden Fall gesch\u00fctzt -, dass da das Virus \u00fcbergesprungen ist, dann kann es durchaus sein, dass der Titel dieses Artikels dann &#8222;Leendertz schlie\u00dft Laborunfall nicht aus&#8220;.<\/p>\n\n\n\n<p>Und das zeigt das Medienproblem ja mal sehr deutlich.<\/p>\n<\/blockquote>\n<ol class=\"footnotes\"><li id=\"footnote_1_5950\" class=\"footnote\">z.B. in Folge 2 von &#8222;5 Jahre Corona &#8211; Was haben wir gelernt&#8220;: <a href=\"https:\/\/www.ndr.de\/nachrichten\/info\/epg\/Coronavirus-Update,sendung1523610.html\">&#8222;Zoonosen und Surveillance&#8220;<\/a> bzw. im  dazugeh\u00f6rigenArtikel <a href=\"https:\/\/www.ndr.de\/ratgeber\/gesundheit\/Fuenf-Jahre-Corona-Was-sind-die-Lehren-fuer-die-naechste-Pandemie,coronavirusupdate262.html\">&#8222;F\u00fcnf Jahre Corona: Was sind die Lehren f\u00fcr die n\u00e4chste Pandemie?&#8220;<\/a><span class=\"footnote-back-link-wrapper\">[<a href=\"#identifier_1_5950\" class=\"footnote-link footnote-back-link\">&#8617;<\/a>]<\/span><\/li><\/ol>","protected":false},"excerpt":{"rendered":"<p>Der wunderbare Podcast &#8222;Corona-Virus-Update&#8220; des NDR blickt aktuell in einer mehrteiligen Reihe zur\u00fcck: &#8222;5 Jahre Corona &#8211; Was haben wir gelernt?&#8220; zur\u00fcck. Ich&hellip;<\/p>\n","protected":false},"author":1,"featured_media":5951,"comment_status":"open","ping_status":"open","sticky":false,"template":"","format":"standard","meta":{"_bluesky_dont_syndicate":"","_bluesky_syndication_accounts":"","_bluesky_syndication_text":"","footnotes":""},"categories":[13,21,22,10],"tags":[773,514,102,113,774,317,457],"class_list":["post-5950","post","type-post","status-publish","format-standard","has-post-thumbnail","hentry","category-aufreger","category-pflege-und-gesundheit","category-politik-und-gesellschaft","category-wissenschaft-und-forschung","tag-christian-drosten","tag-coronavirus","tag-desinformation","tag-diskussionskultur","tag-ndr","tag-qualitaetsjournalismus","tag-wissenschaft"],"_links":{"self":[{"href":"https:\/\/sockenseite.de\/wordpress\/wp-json\/wp\/v2\/posts\/5950","targetHints":{"allow":["GET"]}}],"collection":[{"href":"https:\/\/sockenseite.de\/wordpress\/wp-json\/wp\/v2\/posts"}],"about":[{"href":"https:\/\/sockenseite.de\/wordpress\/wp-json\/wp\/v2\/types\/post"}],"author":[{"embeddable":true,"href":"https:\/\/sockenseite.de\/wordpress\/wp-json\/wp\/v2\/users\/1"}],"replies":[{"embeddable":true,"href":"https:\/\/sockenseite.de\/wordpress\/wp-json\/wp\/v2\/comments?post=5950"}],"version-history":[{"count":0,"href":"https:\/\/sockenseite.de\/wordpress\/wp-json\/wp\/v2\/posts\/5950\/revisions"}],"wp:featuredmedia":[{"embeddable":true,"href":"https:\/\/sockenseite.de\/wordpress\/wp-json\/wp\/v2\/media\/5951"}],"wp:attachment":[{"href":"https:\/\/sockenseite.de\/wordpress\/wp-json\/wp\/v2\/media?parent=5950"}],"wp:term":[{"taxonomy":"category","embeddable":true,"href":"https:\/\/sockenseite.de\/wordpress\/wp-json\/wp\/v2\/categories?post=5950"},{"taxonomy":"post_tag","embeddable":true,"href":"https:\/\/sockenseite.de\/wordpress\/wp-json\/wp\/v2\/tags?post=5950"}],"curies":[{"name":"wp","href":"https:\/\/api.w.org\/{rel}","templated":true}]}}