{"id":5409,"date":"2024-12-06T13:08:09","date_gmt":"2024-12-06T12:08:09","guid":{"rendered":"https:\/\/sockenseite.de\/wordpress\/?p=5409"},"modified":"2025-04-17T10:27:42","modified_gmt":"2025-04-17T08:27:42","slug":"maskenverbot-ueber-die-hintertuer-aber-nicht-mit-den-piraten","status":"publish","type":"post","link":"https:\/\/sockenseite.de\/wordpress\/2024\/12\/06\/maskenverbot-ueber-die-hintertuer-aber-nicht-mit-den-piraten\/","title":{"rendered":"Maskenverbot \u00fcber die Hintert\u00fcr? \u2013 Aber nicht mit den Piraten"},"content":{"rendered":"\n<p>In Hamburg soll ein Verbot von Gesichtsverh\u00fcllung im Unterricht beschlossen werden. Das Tragen von Masken zum Schutz vor infekti\u00f6sen Aerosolen darf nicht durch interpretierbare Rechtsnormen behindert werden. Die PIRATEN schlie\u00dfen sich dem Protest an und wenden sich an die Hamburger Mehrheitsfraktionen per E-Mail.<\/p>\n\n\n\n<p>Die Koalitionspartner lehnen laut Koalitionsvertrag \u00abeine Gesichtsverh\u00fcllung in relevanten, sensiblen \u00f6ffentlichen Funktionen oder \u00f6ffentlichen Institutionen ab\u00bb[1]. In der am 30.04.2024 erschienen Pressemitteilung \u00abOffene Kommunikation \u2013 Rot-Gr\u00fcn schafft Rechtssicherheit mit \u00c4nderung des Hamburger Schulgesetzes\u00bb[2] wird zwar einger\u00e4umt, \u00abdass im Sinne der Sch\u00fcler:innen auch Ausnahmen, etwa f\u00fcr das Tragen medizinischer Masken, im begr\u00fcndeten Einzelfall m\u00f6glich bleiben\u00bb soll. Im vorgestellten Entwurf bleiben als Hintert\u00fcrchen das Vorliegen einer medizinischen Indikation sowie von der Schulleitung&nbsp;\u00abaus schulischen oder gesundheitlichen Gr\u00fcnden oder bei schulpflichtigen Sch\u00fclerinnen und Sch\u00fclern zur Vermeidung einer unbilligen H\u00e4rte im Einzelfall\u00bb genehmigte Ausnahmen enthalten.\u200b\u200b\u200b\u200b\u200b\u200b[3] In den Erw\u00e4gungsgr\u00fcnden wird erl\u00e4utert, dass eine medizinische Indikation auch bei Familienangeh\u00f6rigen vorliegen kann, womit dies bei Schattenfamilien[4] erlaubt bliebe. Aber auch f\u00fcr alle anderen Personen ergibt sich aus der Pr\u00e4senzpflicht f\u00fcr Schulunterricht keine Verpflichtung, vermeidbare Erkrankungen wie Diabetes mellitus Typ 1[5] in Kauf nehmen zu m\u00fcssen.<\/p>\n\n\n\n<blockquote class=\"wp-block-quote is-layout-flow wp-block-quote-is-layout-flow\">\n<p>\u00abUm mal eine bekannte Klimaaktivistin zu zitieren: How dare you?\u00bb,<\/p>\n<\/blockquote>\n\n\n\n<p>kritisiert Niklas Koopmann, Vorsitzender der Piratenpartei Hamburg, das Vorhaben.<\/p>\n\n\n\n<blockquote class=\"wp-block-quote is-layout-flow wp-block-quote-is-layout-flow\">\n<p>\u00abDass das nachweisliche Vorliegen einer schwere Langzeitsch\u00e4den verursachenden, hoch ansteckenden Erkrankung in der Atemluft bereits als Begr\u00fcndung f\u00fcr das Tragen einer Maske ausreichen muss, sollte selbstverst\u00e4ndlich sein. Um es noch einmal deutlich zu sagen: Wir reden hier nicht von einer harmlosen Grippe!\u00bb<\/p>\n<\/blockquote>\n\n\n\n<p>Oliver Ding von der AG Gesundheit + Pflege der Piratenpartei Deutschland erg\u00e4nzt:<\/p>\n\n\n\n<blockquote class=\"wp-block-quote is-layout-flow wp-block-quote-is-layout-flow\">\n<p>\u00abDie im Gesetzentwurf enthaltene Behauptung, dass durch diese Regelung \u00abdie Grundrechtspositionen der Sch\u00fcler:innen und der ebenfalls grundrechtlich verankerte Bildungs- und Erziehungsauftrag des Staates in einen angemessenen Ausgleich gebracht\u00bb w\u00fcrden, ist haltlos, weil das aus Art. 2. Abs 2. S. 1 GG bestehende Recht auf k\u00f6rperliche Unversehrtheit ignoriert wurde. Schon allein die M\u00f6glichkeit, dass P\u00e4dagog:innen das Verh\u00fcllungsverbot nutzen k\u00f6nnten, um das in vielen Schulklassen bestehende Mobbing gegen maskentragende Sch\u00fclys mit beh\u00f6rdlichem Segen weiterzutragen, wenn nicht die schulpflichtige Person oder eine Angeh\u00f6rige schwer erkrankt ist, ist ein Grund, dagegen in sch\u00e4rfster Form vorzugehen.\u00bb<\/p>\n<\/blockquote>\n\n\n\n<p>Die Sprecherin der AG Gesundheit + Pflege, Jeanine B., erweitert:<\/p>\n\n\n\n<blockquote class=\"wp-block-quote is-layout-flow wp-block-quote-is-layout-flow\">\n<p>\u00abDie wichtige Frage, warum die Ausnahmen beim Verh\u00fcllungsverbot den individuellen, nicht bereits durch vorhandene Gesundheitseinschr\u00e4nkungen begr\u00fcndeten Schutz durch Masken nicht einschlie\u00dfen, nehmen wir zum Anlass, sowohl die&nbsp;Fraktion Die Gr\u00fcne HH als auch die&nbsp;Fraktion SPD HH via E-Mail zu kontaktieren, in der wir auf die m\u00f6gliche Grundrechtswidrigkeit[6] hinweisen, an die E-Mail von Rechtsanwalt Martin Becker vom 3.5.2024 erinnern[7] und eine Stellungnahme erbitten.\u00bb<\/p>\n<\/blockquote>\n\n\n\n<h3 class=\"wp-block-heading\">Quellen:<\/h3>\n\n\n\n<p>[1]&nbsp;<a href=\"https:\/\/www.gruene-hamburg.de\/wp-content\/uploads\/2020\/06\/Koalitionsvertrag-SPD-Gr%C3%BCne-2020.pdf\">https:\/\/www.gruene-hamburg.de\/wp-content\/uploads\/2020\/06\/Koalitionsvertrag-SPD-Gr\u00fcne-2020.pdf<\/a>, S. 157<br>[2]&nbsp;<a href=\"https:\/\/www.gruene-hamburg.de\/presse\/offene-kommunikation-rot-gruen-schafft-rechtssicherheit-mit-aenderung-des-hamburger-schulgesetzes\/\">https:\/\/www.gruene-hamburg.de\/presse\/offene-kommunikation-rot-gruen-schafft-rechtssicherheit-mit-aenderung-des-hamburger-schulgesetzes\/<\/a><br>[3]&nbsp;<a href=\"https:\/\/www.spd-fraktion-hamburg.de\/buergerschaft\/antraege\/detail\/gewaehrleistung-der-offenen-kommunikation-an-hamburger-schulen\">https:\/\/www.spd-fraktion-hamburg.de\/buergerschaft\/antraege\/detail\/gewaehrleistung-der-offenen-kommunikation-an-hamburger-schulen<\/a><br>[4] Was Schattenfamilien sind und was sie brauchen:&nbsp;<a href=\"https:\/\/www.ndr.de\/ratgeber\/gesundheit\/Corona-Schattenfamilien-fordern-mehr-Solidaritaet,kinderundcorona102.html\">https:\/\/www.ndr.de\/ratgeber\/gesundheit\/Corona-Schattenfamilien-fordern-mehr-Solidaritaet,kinderundcorona102.html<\/a><br>[5]&nbsp;<a href=\"https:\/\/twitter.com\/Karl_Lauterbach\/status\/1700968112479187190?t=9EUI5vksT7NDTbeg1e2dgA\">https:\/\/twitter.com\/Karl_Lauterbach\/status\/1700968112479187190?t=9EUI5vksT7NDTbeg1e2dgA<\/a><br>[6] <a href=\"https:\/\/youtu.be\/Kd_UwhAjaek?si=0KxTKnxtZPoCbpl3\">https:\/\/youtu.be\/Kd_UwhAjaek?si=0KxTKnxtZPoCbpl3<\/a><br>[7] <a href=\"https:\/\/www.wbecker-partner.de\/e-mail.pdf\">https:\/\/www.wbecker-partner.de\/e-mail.pdf<\/a><\/p>\n","protected":false},"excerpt":{"rendered":"<p>In Hamburg soll ein Verbot von Gesichtsverh\u00fcllung im Unterricht beschlossen werden. Das Tragen von Masken zum Schutz vor infekti\u00f6sen Aerosolen darf nicht durch&hellip;<\/p>\n","protected":false},"author":4,"featured_media":5681,"comment_status":"closed","ping_status":"closed","sticky":false,"template":"","format":"standard","meta":{"_bluesky_dont_syndicate":"","_bluesky_syndication_accounts":"","_bluesky_syndication_text":"","footnotes":""},"categories":[13,21,683,22],"tags":[743,514,165,763,764,762,557,294,508],"class_list":["post-5409","post","type-post","status-publish","format-standard","has-post-thumbnail","hentry","category-aufreger","category-pflege-und-gesundheit","category-piraten","category-politik-und-gesellschaft","tag-ag-gesundheit-pflege","tag-coronavirus","tag-gesundheit","tag-hamburg","tag-jeanine-b","tag-niklas-koopmann","tag-persoenliche-schutzausruestung","tag-piraten","tag-schulen"],"_links":{"self":[{"href":"https:\/\/sockenseite.de\/wordpress\/wp-json\/wp\/v2\/posts\/5409","targetHints":{"allow":["GET"]}}],"collection":[{"href":"https:\/\/sockenseite.de\/wordpress\/wp-json\/wp\/v2\/posts"}],"about":[{"href":"https:\/\/sockenseite.de\/wordpress\/wp-json\/wp\/v2\/types\/post"}],"author":[{"embeddable":true,"href":"https:\/\/sockenseite.de\/wordpress\/wp-json\/wp\/v2\/users\/4"}],"replies":[{"embeddable":true,"href":"https:\/\/sockenseite.de\/wordpress\/wp-json\/wp\/v2\/comments?post=5409"}],"version-history":[{"count":0,"href":"https:\/\/sockenseite.de\/wordpress\/wp-json\/wp\/v2\/posts\/5409\/revisions"}],"wp:featuredmedia":[{"embeddable":true,"href":"https:\/\/sockenseite.de\/wordpress\/wp-json\/wp\/v2\/media\/5681"}],"wp:attachment":[{"href":"https:\/\/sockenseite.de\/wordpress\/wp-json\/wp\/v2\/media?parent=5409"}],"wp:term":[{"taxonomy":"category","embeddable":true,"href":"https:\/\/sockenseite.de\/wordpress\/wp-json\/wp\/v2\/categories?post=5409"},{"taxonomy":"post_tag","embeddable":true,"href":"https:\/\/sockenseite.de\/wordpress\/wp-json\/wp\/v2\/tags?post=5409"}],"curies":[{"name":"wp","href":"https:\/\/api.w.org\/{rel}","templated":true}]}}