{"id":523,"date":"2010-12-10T02:54:37","date_gmt":"2010-12-10T00:54:37","guid":{"rendered":"https:\/\/sockenseite.de\/wordpress\/?p=523"},"modified":"2020-12-07T17:30:57","modified_gmt":"2020-12-07T16:30:57","slug":"der-flitzer","status":"publish","type":"post","link":"https:\/\/sockenseite.de\/wordpress\/2010\/12\/10\/der-flitzer\/","title":{"rendered":"Der Flitzer"},"content":{"rendered":"<p>Der gesch\u00e4tzte <a href=\"http:\/\/www.facebook.com\/profile.php?id=718008924\">Roland Meyer de Voltaire<\/a><sup><a href=\"#footnote_1_523\" id=\"identifier_1_523\" class=\"footnote-link footnote-identifier-link\" title=\"Derzeit nur in Facebook erreichbar.\">1<\/a><\/sup>, sonst Vorsteher der wunderbaren Band <a href=\"http:\/\/www.voltaire-musik.de\/\">Voltaire<\/a>, h\u00e4lt sich gerne an seiner Akustikgitarre fest. Jetzt hat er auch eine kleine, feine EP namens <a href=\"https:\/\/web.archive.org\/web\/20110927051302\/http:\/\/www.audiomagnet.com:80\/rmdv\">&#8222;Lauf, lauf&#8220;<\/a> aufgenommen, der man einmal sein Ohr schenken sollte.<\/p>\n<p><iframe loading=\"lazy\" width=\"100%\" height=\"300\" scrolling=\"no\" frameborder=\"no\" allow=\"autoplay\" src=\"https:\/\/w.soundcloud.com\/player\/?url=https%3A\/\/api.soundcloud.com\/tracks\/22562041&amp;color=%23ff5500&amp;auto_play=false&amp;hide_related=false&amp;show_comments=true&amp;show_user=true&amp;show_reposts=false&amp;show_teaser=true&amp;visual=true\"><\/iframe><\/p>\n<p>Roland wird seine Solo-EP am <b>22.12.2010<\/b> im <a href=\"http:\/\/www.zakk.de\/\">Zakk<\/a> in D\u00fcsseldorf und am <b>15.01.2011<\/b> in der Bonner <a href=\"http:\/\/www.brotfabrik-bonn.de\/\">Brotfabrik<\/a> vorstellen. Die Band war in der Zwischenzeit auch nicht unt\u00e4tig, bereitet sie doch das dritte Voltaire-Album &#8211; nach den tollen <a href=\"http:\/\/www.plattentests.de\/rezi.php?show=3738\">&#8222;Heute ist jeder Tag&#8220;<\/a> und <a href=\"http:\/\/www.plattentests.de\/rezi.php?show=6519\">&#8222;Das letzte bisschen Etikette&#8220;<\/a> &#8211; vor. Erste Zwischenergebnisse werden am <b>21.01.2011<\/b> im schnuckeligen <a href=\"http:\/\/www.kult41.de\/\">Kult41<\/a> in Bonn pr\u00e4sentiert. F\u00fcr seelisches Wohl sorgt die Stimme, die G\u00e4nsehaut wird jedoch nicht gestellt. Die m\u00fcsst ihr schon selbst mitbringen.<\/p>\n<p><strong>Update<\/strong> (2018-02-01): Player ausgetauscht.<\/p>\n<ol class=\"footnotes\"><li id=\"footnote_1_523\" class=\"footnote\">Derzeit nur in Facebook erreichbar.<span class=\"footnote-back-link-wrapper\">[<a href=\"#identifier_1_523\" class=\"footnote-link footnote-back-link\">&#8617;<\/a>]<\/span><\/li><\/ol>","protected":false},"excerpt":{"rendered":"<p>Der gesch\u00e4tzte Roland Meyer de Voltaire1, sonst Vorsteher der wunderbaren Band Voltaire, h\u00e4lt sich gerne an seiner Akustikgitarre fest. Jetzt hat er auch&hellip;<\/p>\n","protected":false},"author":1,"featured_media":0,"comment_status":"open","ping_status":"open","sticky":false,"template":"","format":"standard","meta":{"_bluesky_dont_syndicate":"","_bluesky_syndication_accounts":"","_bluesky_syndication_text":"","footnotes":""},"categories":[16,19],"tags":[70,120,127,220,240,265,440],"class_list":["post-523","post","type-post","status-publish","format-standard","hentry","category-fundstuecke","category-musik-und-kultur","tag-bonn","tag-duesseldorf","tag-ep","tag-konzert","tag-live","tag-musik","tag-voltaire"],"_links":{"self":[{"href":"https:\/\/sockenseite.de\/wordpress\/wp-json\/wp\/v2\/posts\/523","targetHints":{"allow":["GET"]}}],"collection":[{"href":"https:\/\/sockenseite.de\/wordpress\/wp-json\/wp\/v2\/posts"}],"about":[{"href":"https:\/\/sockenseite.de\/wordpress\/wp-json\/wp\/v2\/types\/post"}],"author":[{"embeddable":true,"href":"https:\/\/sockenseite.de\/wordpress\/wp-json\/wp\/v2\/users\/1"}],"replies":[{"embeddable":true,"href":"https:\/\/sockenseite.de\/wordpress\/wp-json\/wp\/v2\/comments?post=523"}],"version-history":[{"count":0,"href":"https:\/\/sockenseite.de\/wordpress\/wp-json\/wp\/v2\/posts\/523\/revisions"}],"wp:attachment":[{"href":"https:\/\/sockenseite.de\/wordpress\/wp-json\/wp\/v2\/media?parent=523"}],"wp:term":[{"taxonomy":"category","embeddable":true,"href":"https:\/\/sockenseite.de\/wordpress\/wp-json\/wp\/v2\/categories?post=523"},{"taxonomy":"post_tag","embeddable":true,"href":"https:\/\/sockenseite.de\/wordpress\/wp-json\/wp\/v2\/tags?post=523"}],"curies":[{"name":"wp","href":"https:\/\/api.w.org\/{rel}","templated":true}]}}