{"id":522,"date":"2010-12-27T23:25:31","date_gmt":"2010-12-27T22:25:31","guid":{"rendered":"https:\/\/sockenseite.de\/wordpress\/?p=522"},"modified":"2022-04-01T13:44:21","modified_gmt":"2022-04-01T11:44:21","slug":"gepflegtes-aussitzen","status":"publish","type":"post","link":"https:\/\/sockenseite.de\/wordpress\/2010\/12\/27\/gepflegtes-aussitzen\/","title":{"rendered":"Gepflegtes Aussitzen und ein offener Brief"},"content":{"rendered":"<p><!--pagetitle:Gepflegtes Aussitzen-->Dezember 2010: Es hat <a href=\"https:\/\/www.waz-online.de\/Nachrichten\/Politik\/Deutschland-Welt\/Eugen-Brysch-im-Gespraech-zum-Thema-Pflege\">pflegegegipfelt<\/a>. Gesundheitsvernichter R\u00f6sler macht es sich einfach. Er fordert von den Arbeitgebern der Pflege, den Pflegenden mehr Geld zu bezahlen. Das passt ins \u00fcbliche Maulheldentum. Denn woher sollen die Arbeitgeber das Geld bitte nehmen? Aus der Pflegeversicherung ist keine zus\u00e4tzliche Finanzierung zu holen, und die Feilschereien im Rahmen der Pflegesatzverhandlungen sind auch gedeckelt. Weil er dies vielleicht selbst ahnt, macht er sogar einen Vorschlag: <a href=\"https:\/\/web.archive.org\/web\/20120311062021\/http:\/\/www.ftd.de:80\/politik\/deutschland\/:roesler-vorstoss-arbeitslose-sollen-not-in-pflegeheimen-lindern\/50203100.html\">Arbeitslose k\u00f6nnten als Pflegekr\u00e4fte angelernt werden<\/a>, um so Versorgungsengp\u00e4sse abzumilden. Tolle Idee. So wird der drohende Pflegenotstand <sup><a href=\"#footnote_1_522\" id=\"identifier_1_522\" class=\"footnote-link footnote-identifier-link\" title=\"Im Jahr 2025 werden laut Bundesregierung rund 152.000 Pflegekr&auml;fte fehlen, um die dann zu erwartende Zahl an Krankenhauspatienten und Pflegebed&uuml;rftigen zu versorgen.\">1<\/a><\/sup> jedenfalls nicht abgewendet.<\/p>\n<p>Diese Schnapsidee hatte er jedoch nicht als Erster. Regierende \u00fcberlegen bekanntlich nicht immer genau, was ihre unbedachten &Auml;u\u00dferungen ausl\u00f6sen. Da macht unsere Bundesmutti keine Ausnahme. Es sei <a href=\"http:\/\/www.bild.de\/BILD\/politik\/2010\/09\/05\/bundeskanzlerin-angela-merkel-interview\/ueber-thilo-sarrazin-und-deutsche-migranten-teil-2.html\">nicht einzusehen<\/a>, qualifizierte Pflegekr\u00e4fte aus dem Ausland zu holen, wo es doch jede Menge unqualifizierte Hartz-IV-Empf\u00e4nger gibt. (Das dr\u00fcckt ebenso eine Hochachtung vor den zu Pflegenden aus, die ja bequem von Ahnungslosen versorgt werden k\u00f6nnen, wie auch vor den Pflegenden, mit deren Qualifikation es ja nicht so weit her sein d\u00fcrfte, wenn Bundesmutti so daherredet.) Oder wenn sie meint, bei einer Krankenhauser\u00f6ffnung davon zu reden, dass Politik <a href=\"https:\/\/www.bundeskanzlerin.de\/bkin-de\/aktuelles\/grusswort-von-bundeskanzlerin-angela-merkel-anlaesslich-des-besuchs-der-sana-kliniken-sommerfeld-459548\">Pflegenden keine Lust an ihrem Beruf vermitteln kann<\/a>. (Dabei w\u00e4re das doch wohl dringend n\u00f6tig. Es gibt ja keine Pflegekr\u00e4fte, die unbezahlt ihre Freizeit opfern, um sich um die zu Pflegenden zu k\u00fcmmern, weil diese sonst von der Gesellschaft vergessen werden.)<\/p>\n<p>Angeregt durch den <a href=\"https:\/\/web.archive.org\/web\/20120904004925\/http:\/\/www.deutscher-pflegerat.de:80\/dpr.nsf\/0\/BDAFF9C4C8F0BCBDC12576FE0049B8D9\">Aufruf<\/a> des <a href=\"http:\/\/www.deutscher-pflegerat.de\/\">Deutschen Pflegerats<\/a> und inspiriert durch <a href=\"http:\/\/weblog.hundeiker.de\/item\/2338\">einige<\/a> <a href=\"http:\/\/www.balkev.de\/balk.nsf\/0\/A6BF4F84EAB9CC3DC125718D0030C15C\">schon<\/a> <a href=\"http:\/\/www.balk-nrw.de\/aktuelles\/Mail%20an%20die%20Bundeskanzlerin.pdf\">ver\u00f6ffentlichte<\/a> <a href=\"http:\/\/www.dbfk.de\/gelbekarte\/\">Protestnoten<\/a> formulierten <sup><a href=\"#footnote_2_522\" id=\"identifier_2_522\" class=\"footnote-link footnote-identifier-link\" title=\"Lies: Einer formuliert (in diesem Fall: ich), die Leitungsgremien geben Verbesserungsw&uuml;nsche ab, ich setze um, die Mitarbeiter lesen und befinden den Vorschlag f&uuml;r gut. Das kann bei einem Betrieb, der &uuml;blicherweise andere Dinge zu erledigen hat als Protestnoten zu verfassen, auch mal etwas dauern.\">2<\/a><\/sup> auch die Mitarbeitenden des <a href=\"http:\/\/www.altenheim-wahlscheid.de\/\">Ev. Altenheim Wahlscheid e.V.<\/a> <sup><a href=\"#footnote_3_522\" id=\"identifier_3_522\" class=\"footnote-link footnote-identifier-link\" title=\"Mein Arbeitgeber. F&uuml;r die nicht mehr wirklich taufrische Website bin ich &uuml;brigens nicht verantwortlich.\">3<\/a><\/sup> einen Brief an Angela Merkel. &Uuml;ber 100 ehren- und hauptamtliche Mitarbeitende der Altenheime Wahlscheid und Lohmar unterzeichneten den Protest, der mit etwas Versp\u00e4tung <sup><a href=\"#footnote_4_522\" id=\"identifier_4_522\" class=\"footnote-link footnote-identifier-link\" title=\"Wie gesagt: Das kann bei einem Betrieb, der &uuml;blicherweise andere Dinge zu erledigen hat als Protestnoten zu verfassen, auch mal etwas dauern.\">4<\/a><\/sup> letzte Woche endlich gen Berlin abgeschickt wurde. Ungef\u00e4hr zeitgleich erhielt ein <a href=\"http:\/\/weblog.hundeiker.de\/item-2338.html\">Absender<\/a>, der schon im September sein Unbehagen verschriftlicht hatte, einen <a href=\"http:\/\/weblog.hundeiker.de\/item\/2705\">Textbaustein<\/a>. Ein Zusammenhang ist unwahrscheinlich.<\/p>\n<p>Den interessierten Mitlesern, die ihr ADHS noch nicht zum Wegklicken gen\u00f6tigt hat, m\u00f6chte ich unseren Brief nach all der langen Vorrede jedoch nicht vorenthalten.<\/p>\n<p><!--more--><!--pagetitle:Offener Brief an Angela Merkel--><\/p>\n<blockquote><p>Sehr geehrte Frau Bundeskanzlerin!<\/p>\n<p>Mit Unbehagen haben wir Ihre &Auml;u\u00dferungen <a href=\"http:\/\/www.bild.de\/BILD\/politik\/2010\/09\/05\/bundeskanzlerin-angela-merkel-interview\/ueber-thilo-sarrazin-und-deutsche-migranten-teil-2.html\">bez\u00fcglich des Einsatzes von Hartz-IV-Empf\u00e4ngern in der Pflege<\/a> sowie <a href=\"https:\/\/www.bundeskanzlerin.de\/bkin-de\/aktuelles\/grusswort-von-bundeskanzlerin-angela-merkel-anlaesslich-des-besuchs-der-sana-kliniken-sommerfeld-459548\">zur Lust der Pflegekr\u00e4fte an ihrer Arbeit<\/a> gelesen.<\/p>\n<p>Wir verstehen diese &Auml;u\u00dferungen als Geringsch\u00e4tzung unseres Berufes und unserer Professionalit\u00e4t als Pflegekr\u00e4fte. Sie passen ebenso wenig zu der von Ihrer Regierung angek\u00fcndigten St\u00e4rkung der Pflegeberufe wie der k\u00fcrzlich beschlossene <a href=\"https:\/\/web.archive.org\/web\/20100801064356\/http:\/\/www.krankenpflege-journal.com:80\/pflege-aktuell\/3375-chance-fuer-nachwuchssicherung-in-den-pflegeberufen-vertan.html\">Wegfall der Finanzierung des dritten Ausbildungsjahres bei Umschulungsma\u00dfnahmen zur Alten- oder Gesundheits- und Krankenpflegefachkraft<\/a>.<\/p>\n<p>Sie erteilen mit solchen &Auml;u\u00dferungen der in der durch die <a href=\"http:\/\/www.google.com\/search?q=pflege%20skandal\">negativ voreingenommene Berichterstattung<\/a> immer wieder geleugneten, aber tats\u00e4chlich durch aufopferungsvolle Arbeit ungez\u00e4hlter Pflegefachkr\u00e4fte tagt\u00e4glich erreichten Qualit\u00e4t und Professionalit\u00e4t in der Pflege eine schallende Ohrfeige. Nicht nur w\u00fcrdigt dies den Einsatz der Pflegekr\u00e4fte herab; es versch\u00e4rft auch mittelbar den bereits bestehenden Fachkr\u00e4ftemangel, indem es Menschen abschreckt, die an einer Ausbildung in diesem anspruchsvollen Berufsfeld interessiert sind, und nimmt Pflegenden jene Lust an ihrer Arbeit, von der Sie am 3.9.2010 in einem <a href=\"https:\/\/www.bundeskanzlerin.de\/bkin-de\/aktuelles\/grusswort-von-bundeskanzlerin-angela-merkel-anlaesslich-des-besuchs-der-sana-kliniken-sommerfeld-459548\">Gru\u00dfwort<\/a> sagten, dass Sie sie den Mitarbeiterinnen und Mitarbeitern nicht vermitteln k\u00f6nnten. Wenn Sie dies erkannt haben, sollten Sie vielleicht auch erkennen, dass Sie mit solch leichtfertigen &Auml;u\u00dferungen die bestehende Lust der Pflegenden aktiv beeintr\u00e4chtigen.<\/p>\n<p>Es werden nicht nur helfende H\u00e4nde in der Pflege ben\u00f6tigt, sondern auch und vor allem qualifiziert denkende K\u00f6pfe mit hohen sozialen F\u00e4higkeiten, denn zu einer professionellen Pflege geh\u00f6rt weit mehr als nur Hilfe bei K\u00f6rperpflege und Ausscheidungen oder beim Essen. Professionelle Pflegekr\u00e4fte m\u00fcssen in der Lage sein, Probleme wie Dekubitus- und Thrombosegef\u00e4hrdung fr\u00fchzeitig zu erkennen und abzuwenden, mit psychosozialen Problemen wie Depressionen, Demenz, &Auml;ngsten und Aggressivit\u00e4t behutsam umzugehen und gleichzeitig ein komplexes System aus Pflege, Betreuung und Therapie sinnvoll zu steuern. Dies k\u00f6nnen nicht oder nur unzureichend ausgebildete Hilfskr\u00e4fte nicht leisten.<\/p>\n<p>Im Gegenteil: Ungelernte Hilfskr\u00e4fte, die nicht gewohnt sind, unter Druck zu arbeiten, w\u00fcrden die bestehenden Personaldefizite nicht lindern, sondern sogar noch versch\u00e4rfen, weil die Fachkr\u00e4fte umso umf\u00e4nglicher die von anderen geleistete Arbeit \u00fcberpr\u00fcfen m\u00fcssten, was ihnen umso weniger Zeit f\u00fcr ihre eigentlichen Aufgabe lie\u00dfe. Bereits der Versuch, Langzeitarbeitslose zu BetreuungsassistentInnen nach \u00c2\u00a787b fortzubilden, scheiterte daran, dass viele der so Qualifizierten aufgrund mangelnder Belastbarkeit keine attraktiven Arbeitskr\u00e4fte darstellen und daher nicht vermittelbar sind.<\/p>\n<p>Das gesellschaftliche Problem, das durch die in absehbarer Zeit anstehende Verdopplung der Zahl der zu pflegenden Senioren entsteht, wird von der Politik weiterhin str\u00e4flich ignoriert. Halbherzige, undurchdachte Schnellsch\u00fcsse wie die oben genannten, sind bestenfalls Aktionismus und Spiegelfechterei. Der Personalmangel in der Pflege dr\u00fcckt sich mittlerweile sogar in <a href=\"http:\/\/www.heimmitwirkung.de\/smf\/index.php?topic=1431.0\">&#8222;Kopfpr\u00e4mien&#8220;<\/a> aus, die Einrichtungen f\u00fcr abgeworbene Fachkr\u00e4fte zahlen. Wenn sich zeitgleich Tr\u00e4ger von Altenpflegeeinrichtungen daf\u00fcr aussprechen, die Fachkraftquote von 50% zu senken, liegt dies nicht daran, dass sie darin ein Einsparungspotential erkennen, sondern daran, dass das n\u00f6tige qualifizierte Personal derzeit nicht auf dem Arbeitsmarkt zur Verf\u00fcgung steht.<\/p>\n<p>Eine \u00f6ffentliche W\u00fcrdigung der gesellschaftlichen Bedeutung und der Leistungen der Pflege, in der Tag f\u00fcr Tag und Jahr f\u00fcr Jahr Pflegende am oberen Ende ihrer M\u00f6glichkeiten daf\u00fcr sorgen, dass Menschen, die auf Hilfe angewiesen sind, diese in professioneller, menschenw\u00fcrdiger und liebevoller Art und Weise erhalten, erscheint daher mehr als angemessen.<\/p>\n<p>Wir greifen den <a href=\"http:\/\/www.balk-nrw.de\/aktuelles\/Mail%20an%20die%20Bundeskanzlerin.pdf\">Vorschlag von Ludger Risse<\/a>, Vorsitzender der Landesarbeitsgemeinschaft der Pflegeorganisationen Pflegerat NRW, auf und empfehlen Ihnen und Ihren zust\u00e4ndigen Ministern eine Pflegereise \u2013 analog zu Ihrer <a href=\"https:\/\/archiv.bundesregierung.de\/archiv-de\/bundeskanzlerin-auf-energiereise-320030\">Energiereise<\/a> vom August 2010. Daf\u00fcr laden wir Sie auch gerne zu einem Abstecher in unsere beiden Pflegeeinrichtungen ein, so dass Sie sich einen &Uuml;berblick \u00fcber die Aufgaben und Arbeiten der Pflege vor Ort verschaffen und gemeinsam mit den betroffenen Fachkr\u00e4ften aus der Pflege \u00fcber pflegepolitische Aspekte austauschen k\u00f6nnen. Dabei sollten u.a. folgende Themen angesprochen werden:<\/p>\n<p>a)\tdie gezielte Auseinandersetzung mit den Rahmenbedingungen und inhaltlichen Voraussetzungen der T\u00e4tigkeit von Fachkr\u00e4ften in der Pflege,<br \/>\nb)\tnachhaltige Ma\u00dfnahmen zur Steigerung der Attraktivit\u00e4t des Berufsfeldes,<br \/>\nc)\tdie sinnvolle und nachhaltige Rekrutierung von qualifiziertem Pflege-Nachwuchs sowie<br \/>\nd)\tdie gezielte Eingliederung und Qualifizierung von Menschen, die Hartz IV empfangen.<\/p>\n<p>Mit freundlichen Gr\u00fc\u00dfen<br \/>\n[&#8230;]<\/p><\/blockquote>\n<p>Mal sehen, ob wir unsere Antwort schneller erhalten. Jetzt, wo der <a href=\"http:\/\/blog.zeit.de\/herdentrieb\/2010\/09\/30\/herbst-der-entscheidungen_2369\">Herbst der Entscheidungen<\/a> vorbei ist, kann sich die Regierung ja wieder <a href=\"http:\/\/www.youtube.com\/watch?v=HIV1z05DR-Y\">dem gepflegten Nichtstun<\/a> widmen.<\/p>\n<p><b>Update, 22. Januar 2011:<\/b> Das Bundeskanzleramt hat <a href=\"https:\/\/sockenseite.de\/wordpress\/aufreger\/das-gegenteil-von-volksnaehe\/\">geantwortet<\/a>.<\/p>\n<ol class=\"footnotes\"><li id=\"footnote_1_522\" class=\"footnote\">Im Jahr 2025 werden laut <a href=\"https:\/\/www.waz-online.de\/Nachrichten\/Politik\/Deutschland-Welt\/Eugen-Brysch-im-Gespraech-zum-Thema-Pflege\">Bundesregierung<\/a> rund 152.000 Pflegekr\u00e4fte fehlen, um die dann zu erwartende Zahl an Krankenhauspatienten und Pflegebed\u00fcrftigen zu versorgen.<span class=\"footnote-back-link-wrapper\">[<a href=\"#identifier_1_522\" class=\"footnote-link footnote-back-link\">&#8617;<\/a>]<\/span><\/li><li id=\"footnote_2_522\" class=\"footnote\">Lies: Einer formuliert (in diesem Fall: ich), die Leitungsgremien geben Verbesserungsw\u00fcnsche ab, ich setze um, die Mitarbeiter lesen und befinden den Vorschlag f\u00fcr gut. Das kann bei einem Betrieb, der \u00fcblicherweise andere Dinge zu erledigen hat als Protestnoten zu verfassen, auch mal etwas dauern.<span class=\"footnote-back-link-wrapper\">[<a href=\"#identifier_2_522\" class=\"footnote-link footnote-back-link\">&#8617;<\/a>]<\/span><\/li><li id=\"footnote_3_522\" class=\"footnote\">Mein Arbeitgeber. F\u00fcr die nicht mehr wirklich taufrische Website bin ich \u00fcbrigens nicht verantwortlich.<span class=\"footnote-back-link-wrapper\">[<a href=\"#identifier_3_522\" class=\"footnote-link footnote-back-link\">&#8617;<\/a>]<\/span><\/li><li id=\"footnote_4_522\" class=\"footnote\">Wie gesagt: Das kann bei einem Betrieb, der \u00fcblicherweise andere Dinge zu erledigen hat als Protestnoten zu verfassen, auch mal etwas dauern.<span class=\"footnote-back-link-wrapper\">[<a href=\"#identifier_4_522\" class=\"footnote-link footnote-back-link\">&#8617;<\/a>]<\/span><\/li><\/ol>","protected":false},"excerpt":{"rendered":"<p>Dezember 2010: Es hat pflegegegipfelt. Gesundheitsvernichter R\u00f6sler macht es sich einfach. Er fordert von den Arbeitgebern der Pflege, den Pflegenden mehr Geld zu&hellip;<\/p>\n","protected":false},"author":1,"featured_media":4960,"comment_status":"open","ping_status":"open","sticky":false,"template":"","format":"standard","meta":{"_bluesky_dont_syndicate":"","_bluesky_syndication_accounts":"","_bluesky_syndication_text":"","footnotes":""},"categories":[13,21,22],"tags":[42,137,280,287],"class_list":["post-522","post","type-post","status-publish","format-standard","has-post-thumbnail","hentry","category-aufreger","category-pflege-und-gesundheit","category-politik-und-gesellschaft","tag-merkel","tag-fdp","tag-offener-brief","tag-pflege"],"_links":{"self":[{"href":"https:\/\/sockenseite.de\/wordpress\/wp-json\/wp\/v2\/posts\/522","targetHints":{"allow":["GET"]}}],"collection":[{"href":"https:\/\/sockenseite.de\/wordpress\/wp-json\/wp\/v2\/posts"}],"about":[{"href":"https:\/\/sockenseite.de\/wordpress\/wp-json\/wp\/v2\/types\/post"}],"author":[{"embeddable":true,"href":"https:\/\/sockenseite.de\/wordpress\/wp-json\/wp\/v2\/users\/1"}],"replies":[{"embeddable":true,"href":"https:\/\/sockenseite.de\/wordpress\/wp-json\/wp\/v2\/comments?post=522"}],"version-history":[{"count":0,"href":"https:\/\/sockenseite.de\/wordpress\/wp-json\/wp\/v2\/posts\/522\/revisions"}],"wp:featuredmedia":[{"embeddable":true,"href":"https:\/\/sockenseite.de\/wordpress\/wp-json\/wp\/v2\/media\/4960"}],"wp:attachment":[{"href":"https:\/\/sockenseite.de\/wordpress\/wp-json\/wp\/v2\/media?parent=522"}],"wp:term":[{"taxonomy":"category","embeddable":true,"href":"https:\/\/sockenseite.de\/wordpress\/wp-json\/wp\/v2\/categories?post=522"},{"taxonomy":"post_tag","embeddable":true,"href":"https:\/\/sockenseite.de\/wordpress\/wp-json\/wp\/v2\/tags?post=522"}],"curies":[{"name":"wp","href":"https:\/\/api.w.org\/{rel}","templated":true}]}}