{"id":5075,"date":"2022-05-11T10:01:00","date_gmt":"2022-05-11T08:01:00","guid":{"rendered":"https:\/\/sockenseite.de\/wordpress\/2022\/05\/11\/piraten-fordern-mehr-awareness-fuer-me-cfs\/"},"modified":"2025-04-17T10:28:43","modified_gmt":"2025-04-17T08:28:43","slug":"piraten-fordern-mehr-awareness-fuer-me-cfs","status":"publish","type":"post","link":"https:\/\/sockenseite.de\/wordpress\/2022\/05\/11\/piraten-fordern-mehr-awareness-fuer-me-cfs\/","title":{"rendered":"PIRATEN fordern mehr Awareness f\u00fcr ME\/CFS"},"content":{"rendered":"\r\n<p><strong><em>+++ Zum Internationalen Tag des Chronischen Ersch\u00f6pfungssyndroms +++ Wenig erforschte Erkrankungen brauchen mehr Aufmerksamkeit +++ steigender Handlungsbedarf durch Long- und Post-Covid in allen Altersgruppen +++<\/em><\/strong><\/p>\r\n\r\n\r\n\r\n<p>Zum internationalen ME\/CFS-Tag am 12. Mai erinnern PIRATEN an die aktuelle Lage der Erkrankten sowie den derzeitigen Stand der Forschung. Dringend gesucht werden M\u00f6glichkeiten, diese <a href=\"https:\/\/www.tk.de\/techniker\/gesundheit-und-medizin\/behandlungen-und-medizin\/neurologische-einschraenkungen\/me-cfs-mehr-als-nur-erschoepfung-2016418\">zurzeit noch unheilbare Krankheit<\/a> in Deutschland zu therapieren.<\/p>\r\n\r\n\r\n\r\n<p><strong>Sandra Leurs, Listenkandidatin zur Landtagswahl der PIRATEN NRW und Themenbeauftragte f\u00fcr Gesundheit und Pflege der Piratenpartei kommentiert:<\/strong><\/p>\r\n\r\n\r\n\r\n<blockquote class=\"wp-block-quote is-layout-flow wp-block-quote-is-layout-flow\"><p>\u201eSeltene Erkrankungen brauchen mehr Aufmerksamkeit im Bereich der Forschung, breitere Wahrnehmung in der Bev\u00f6lkerung und gezielte Fortbildungsma\u00dfnahmen f\u00fcr \u00c4rzt:innen. Gerade bei den Ursachen von ME\/CFS tappt die Medizin immer noch im Dunkeln, wobei sich Anzeichen f\u00fcr eine Beteiligung des Epstein-Barr-Virus (Pfeiffersches Dr\u00fcsenfieber) mehren, das auch mit der Entstehung der Multiplen Sklerose in Verbindung steht. Neben den Krankheitsursachen m\u00fcssen zudem die Mechanismen erforscht werden, da beides dringend f\u00fcr die Therapieentwicklungen n\u00f6tig ist.\u201c<\/p><\/blockquote>\r\n\r\n\r\n\r\n<p>Die Piratenpartei NRW setzt sich daf\u00fcr ein, die finanzielle Unterst\u00fctzung der Erforschung von Ursprung, Entstehung, Diagnostik und Therapie\/Medikation sowie ihrer Wirkungsweise bei seltenen und\/oder schwerwiegenden Erkrankungen <a href=\"https:\/\/wiki.piratenpartei.de\/NRW:Wahlprogramm_Landtagswahl_NRW_2022#Forschung_f.C3.B6rdern_bei_seltenen_und.2Foder_schwerwiegenden_Erkrankungen\">drastisch zu erh\u00f6hen<\/a> und ME\/CFS in die Liste der seltenen Erkrankungen aufnehmen.<\/p>\r\n\r\n\r\n\r\n<blockquote class=\"wp-block-quote is-layout-flow wp-block-quote-is-layout-flow\"><p>\u201eGerade mit den steigenden Infektionszahlen wird es zwangsl\u00e4ufig zu immer mehr Long- und Post-Covid in allen Altersgruppen kommen. Damit kommt es auch geh\u00e4uft zu Manifestationen von mit ME\/CFS vergleichbarer Post-Exertional Malaise (eine absolute Belastungsintoleranz) mit andauernder Fatigue (Ersch\u00f6pfung). Dies sind bekannte Folgeerscheinungen von Covid-19 auch bei milden und asymptomatischen Verl\u00e4ufen. Auf diese m\u00fcssen wir uns als Gesellschaft vermehrt vorbereiten, aber auch parallel pr\u00e4ventive Strategien wie No-Covid entwickeln. Dazu geh\u00f6rt nat\u00fcrlich auch ein angemessener finanzieller Support von Erkrankten und Forschenden in dem Bereich,\u201c<\/p><\/blockquote>\r\n\r\n\r\n\r\n<p><strong>erkl\u00e4rt Oliver Ding, Listenkandidat zur Landtagswahl und Mitglied der AG Gesundheit + Pflege.<\/strong><\/p>\r\n\r\n\r\n\r\n<p>In Deutschland sind etwa 250.000 Menschen betroffen, darunter 40.000 Kinder. Weltweit sind es ca. 17 Millionen.<\/p>\r\n\r\n\r\n\r\n<p>Das Gesundheits- und Pflegeprogramm der PIRATEN NRW zum <a href=\"https:\/\/www.piratenpartei-nrw.de\/wahlen-und-programm\/landtagswahl-2022\/wahlprogramm-2022\/gesundheit\/\">Nachlesen<\/a>.<\/p>\r\n\r\n\r\n\r\n<p>Der Beitrag <a href=\"https:\/\/piratenpartei-leverkusen.de\/2022\/05\/piraten-fordern-mehr-awareness-fuer-me-cfs\/\" rel=\"nofollow\">PIRATEN fordern mehr Awareness f\u00fcr ME\/CFS<\/a> erschien zuerst auf <a href=\"https:\/\/piratenpartei-leverkusen.de\/\" rel=\"nofollow\">Piratenpartei Leverkusen<\/a>.<\/p>\r\n","protected":false},"excerpt":{"rendered":"<p>+++ Zum Internationalen Tag des Chronischen Ersch\u00f6pfungssyndroms +++ Wenig erforschte Erkrankungen brauchen mehr Aufmerksamkeit +++ steigender Handlungsbedarf durch Long- und Post-Covid in allen&hellip;<\/p>\n","protected":false},"author":4,"featured_media":5076,"comment_status":"closed","ping_status":"open","sticky":false,"template":"","format":"standard","meta":{"_bluesky_dont_syndicate":"","_bluesky_syndication_accounts":"","_bluesky_syndication_text":"","footnotes":""},"categories":[683,22],"tags":[514,521,740,165,739,294,707],"class_list":["post-5075","post","type-post","status-publish","format-standard","has-post-thumbnail","hentry","category-piraten","category-politik-und-gesellschaft","tag-coronavirus","tag-evidenzbasierte-medizin","tag-forschung","tag-gesundheit","tag-me-cfs","tag-piraten","tag-sandra-leurs"],"_links":{"self":[{"href":"https:\/\/sockenseite.de\/wordpress\/wp-json\/wp\/v2\/posts\/5075","targetHints":{"allow":["GET"]}}],"collection":[{"href":"https:\/\/sockenseite.de\/wordpress\/wp-json\/wp\/v2\/posts"}],"about":[{"href":"https:\/\/sockenseite.de\/wordpress\/wp-json\/wp\/v2\/types\/post"}],"author":[{"embeddable":true,"href":"https:\/\/sockenseite.de\/wordpress\/wp-json\/wp\/v2\/users\/4"}],"replies":[{"embeddable":true,"href":"https:\/\/sockenseite.de\/wordpress\/wp-json\/wp\/v2\/comments?post=5075"}],"version-history":[{"count":0,"href":"https:\/\/sockenseite.de\/wordpress\/wp-json\/wp\/v2\/posts\/5075\/revisions"}],"wp:featuredmedia":[{"embeddable":true,"href":"https:\/\/sockenseite.de\/wordpress\/wp-json\/wp\/v2\/media\/5076"}],"wp:attachment":[{"href":"https:\/\/sockenseite.de\/wordpress\/wp-json\/wp\/v2\/media?parent=5075"}],"wp:term":[{"taxonomy":"category","embeddable":true,"href":"https:\/\/sockenseite.de\/wordpress\/wp-json\/wp\/v2\/categories?post=5075"},{"taxonomy":"post_tag","embeddable":true,"href":"https:\/\/sockenseite.de\/wordpress\/wp-json\/wp\/v2\/tags?post=5075"}],"curies":[{"name":"wp","href":"https:\/\/api.w.org\/{rel}","templated":true}]}}