{"id":5023,"date":"2018-03-27T22:48:00","date_gmt":"2018-03-27T20:48:00","guid":{"rendered":"https:\/\/sockenseite.de\/wordpress\/?p=5023"},"modified":"2022-04-01T15:51:17","modified_gmt":"2022-04-01T13:51:17","slug":"antwort-der-stadtverwaltung-auf-die-anfrage-zum-tatsaechlichen-betreuungsbedarf-2017-2018","status":"publish","type":"post","link":"https:\/\/sockenseite.de\/wordpress\/2018\/03\/27\/antwort-der-stadtverwaltung-auf-die-anfrage-zum-tatsaechlichen-betreuungsbedarf-2017-2018\/","title":{"rendered":"Antwort der Stadtverwaltung auf die Anfrage zum tats\u00e4chlichen Betreuungsbedarf 2017\/2018"},"content":{"rendered":"\n<p>Auf die&nbsp;<a href=\"https:\/\/sockenseite.de\/wordpress\/2017\/12\/22\/anfrage-tatsaechlicher-betreuungsbedarf-2017-2018-und-ausblick\/\" data-type=\"post\" data-id=\"5021\">Anfrage zum tats\u00e4chlichen Betreuungsbedarf<\/a>&nbsp;hat die Stadtverwaltung in der&nbsp;<a href=\"https:\/\/www.leverkusen.de\/rathaus-service\/downloads\/rathaus\/zdA_Rat\/z.d.A._Rat_Nr._4_vom_22.03.2018.pdf#3\">z.d.A. Rat Nr. 4 vom 22.3.2018<\/a>&nbsp;geantwortet. Wir dokumentieren dies gern:<\/p>\n\n\n\n<h3 class=\"wp-block-heading\">Stellungnahme:<\/h3>\n\n\n\n<p><strong>Zu 1. bis 6.:<\/strong><br>Beim Kita-Planer handelt es sich um ein Vormerksystem, das tagesaktuelle Aussagen zu Betreuungsplatzvormerkungen f\u00fcr die Tageseinrichtungen f\u00fcr Kinder liefern kann. Eine statistische Festschreibung von Daten gibt es nicht. R\u00fcckblickende Auswertungen entsprechend den Ziffern 1. bis 6. sind von daher nicht m\u00f6glich.<br>Des Weiteren wird darauf hingewiesen, dass es sich bei diesem Programm um ein Instrument der Bedarfsplanung und nicht der Qualit\u00e4tsbewertung von Kitas handelt. Die Priorisierung trifft keine Aussage \u00fcber die Beliebtheit einer Einrichtung, da f\u00fcr Eltern verschiedenste Gr\u00fcnde f\u00fcr das Priorisieren einer Einrichtung ma\u00dfgeblich sind.<br>Ein Einbezug der Tagespflege ist bisher noch nicht erfolgt.<br><strong>Zu 7.:<\/strong><br>2017 wurden 308 Kinder in Tagespflege vermittelt. Alle neu vermittelten Kinder sind in der Kindertagespflege in der Regel unter 3 Jahren. Eine Aufschl\u00fcsselung nach Stadtteil f\u00fcr die jeweils neu vermittelten Kinder liegt nicht vor.<br><strong>Zu 8.:<\/strong><br>Von August 2016 bis einschlie\u00dflich Juli 2017 wurden insgesamt 576 Rechtsanspruchs-Antr\u00e4ge gestellt (162 U3, 414 \u00dc3). Monatliche Aufschl\u00fcsselungen liegen nicht vor.<br><strong>Zu 9.:<\/strong><br>Von August 2016 bis einschlie\u00dflich Dezember 2016 wurden insgesamt 86 Rechtsanspruchs-Antr\u00e4ge gestellt (33 U3, 53 \u00dc3). Von Januar 2017 bis Ende Juni 2017 wurden insgesamt 410 Rechtsanspruchs-Antr\u00e4ge gestellt (104 U3, 306 \u00dc3).<br><strong>Zu 10.:<\/strong><br>Die Bearbeitung der Rechtsanspruchs-Antr\u00e4ge richtet sich nach den Vorgaben des Gesetzes zur fr\u00fchen Bildung und F\u00f6rderung von Kindern (Kinderbildungsgesetz \u2013 KiBiz) vom 30.10.2007. Nach M\u00f6glichkeit wird eine parallele Platzvergabe w\u00e4hrend der Vergabezeit der Betreuungspl\u00e4tze durch die Leitungen der Tageseinrichtungen f\u00fcr Kinder vermieden. Die entsprechenden Antr\u00e4ge werden dann f\u00fcr eine sp\u00e4tere zeitgerechte Bearbeitung zur\u00fcckgestellt. Unter den gesetzlichen Fristvorgaben kann im Einzelfall allerdings auch eine parallele Platzvergabe notwendig werden. Generell werden Rechtsanspruchs-Antr\u00e4ge ansonsten m\u00f6glichst zeitnah bearbeitet.<br><strong>Zu 11.:<\/strong><br>Diesbez\u00fcgliche Auswertungen liegen nicht vor. Der Umfang der angebotenen Betreuung im Rechtsanspruchsverfahren richtet sich vor dem Hintergrund der bestehenden Defizitsituation an Betreuungspl\u00e4tzen in Tageseinrichtungen f\u00fcr Kinder und der Problematik der Umsetzung des Rechtsanspruchs auf einen Betreuungsplatz in einer St\u00e4dtischen Tageseinrichtung f\u00fcr Kinder in Leverkusen strikt nach dem individuellen Bedarf der Eltern\/Erziehungsberechtigten.<br><strong>Zu 12.:<\/strong><br>Eine Aussage f\u00fcr das gesamte Kindergartenjahr 2017\/2018 l\u00e4sst sich nicht treffen, da monatliche Ver\u00e4nderungen bei der Belegung der Betreuungspl\u00e4tze gegeben sind. F\u00fcr November 2017 ergibt sich folgender Sachstand:<br>5 Gruppen in der Gruppenform I nach KiBiz, Soll jeweils 20 Kinder, Ist jeweils 22 Kinder. 1 Gruppe in der Gruppenform II nach KiBiz, Soll 10 Kinder, Ist 11 Kinder.<br><strong>Zu 13.:<\/strong><br>Nach der vom Kinder- und Jugendhilfeausschuss beschlossenen Jugendhilfeplanung, Teilbereich Tageseinrichtungen f\u00fcr Kinder, gibt es im Kindergartenjahr 2017\/2018 insgesamt rund 301 Gruppen in Tageseinrichtungen f\u00fcr Kinder, wovon rund 156 Gruppen auf die Stadt Leverkusen und rund 145 Gruppen auf freie Tr\u00e4ger entfallen. Die Angabe \u201erund\u201c ist dabei erforderlich, da die Jugendhilfeplanung nicht in allen F\u00e4llen Gesamtgruppen nach dem Kinderbildungsgesetz enth\u00e4lt, vielmehr eine anteilige Gruppenbildung in unterschiedlicher Konstellation m\u00f6glich ist, soweit die generelle Gruppenstruktur\/Personalbemessung nach dem Kinderbildungsgesetz eingehalten wird. Von daher weist die vom Kinder- und Jugendhilfeausschuss der Stadt Leverkusen als Grundlage f\u00fcr das Betreuungsangebot in Leverkusen beschlossene Jugendhilfeplanung, Teilbereich Tageseinrichtungen f\u00fcr Kinder, auch keine Gruppen, sondern die konkreten Betreuungsplatzzahlen beim entsprechenden Betreuungsanbot in der jeweiligen Tageseinrichtung f\u00fcr Kinder aus, die anhand der Sollst\u00e4rken der Betreuungsgruppen nach KiBiz in die vorstehenden Gruppenzahlen umgerechnet worden sind.<br><strong>Zu 14.:<\/strong><br>4 Gruppen in der Gruppenform II nach KiBiz, Soll jeweils 10 Kinder, Ist jeweils 12 Kinder. 1 Gruppe III, Mischform 35\/45 Stunden, Soll 10\/15 Kinder, Ist 12\/18 Kinder. Alle vorgenannten Gruppen sind in der Tr\u00e4gerschaft der Stadt Leverkusen.<br><strong>Zu 15. und 16.:<\/strong><br>Nach der vom Kinder- und Jugendhilfeausschuss in seiner Sitzung am 18.01.2018 beschlossenen Jugendhilfeplanung, Teilbereich Tageseinrichtungen f\u00fcr Kinder, fehlen im Kindergartenjahr 2018\/2019 in Leverkusen 137 U3-Pl\u00e4tze und 12 \u00dc3-Pl\u00e4tze.<br><strong>Zu 17.:<\/strong><br>Es gibt aktuell keine \u00dcbergangsl\u00f6sungen, vielmehr m\u00fcssen zus\u00e4tzliche Anforderungen erf\u00fcllt werden. So muss die Einrichtung Stralsunder Stra\u00dfe nach provisorischem R\u00fcckbau zu einer Tageseinrichtung f\u00fcr Kinder zun\u00e4chst zur Auslagerung der im EG der St\u00e4dtischen Tageseinrichtung f\u00fcr Kinder Nikolaus-Gro\u00df-Stra\u00dfe betreuten Kinder genutzt werden, um hier einen aufgetretenen erheblichen Wasserschaden beseitigen zu k\u00f6nnen.<br>Betreuungserfordernisse werden unabh\u00e4ngig von \u00dcbergangsl\u00f6sungen im Rahmen des<br>Rechtsanspruchs auf einen Betreuungsplatz wie bisher abgearbeitet und nach den gesetzlichen Vorgaben erf\u00fcllt.<\/p>\n\n\n\n<p>Kinder und Jugend<\/p>\n","protected":false},"excerpt":{"rendered":"<p>Auf die&nbsp;Anfrage zum tats\u00e4chlichen Betreuungsbedarf&nbsp;hat die Stadtverwaltung in der&nbsp;z.d.A. Rat Nr. 4 vom 22.3.2018&nbsp;geantwortet. Wir dokumentieren dies gern: Stellungnahme: Zu 1. bis 6.:Beim&hellip;<\/p>\n","protected":false},"author":3,"featured_media":2262,"comment_status":"open","ping_status":"open","sticky":false,"template":"","format":"standard","meta":{"_bluesky_dont_syndicate":"","_bluesky_syndication_accounts":"","_bluesky_syndication_text":"","footnotes":""},"categories":[22,708],"tags":[725,539,715,579,485,231,717],"class_list":["post-5023","post","type-post","status-publish","format-standard","has-post-thumbnail","hentry","category-politik-und-gesellschaft","category-stadtelternrat","tag-anfrage","tag-elternarbeit","tag-elternmitwirkung","tag-kinder-und-jugendliche","tag-kindertagesstaette","tag-leverkusen","tag-stadtelternrat"],"_links":{"self":[{"href":"https:\/\/sockenseite.de\/wordpress\/wp-json\/wp\/v2\/posts\/5023","targetHints":{"allow":["GET"]}}],"collection":[{"href":"https:\/\/sockenseite.de\/wordpress\/wp-json\/wp\/v2\/posts"}],"about":[{"href":"https:\/\/sockenseite.de\/wordpress\/wp-json\/wp\/v2\/types\/post"}],"author":[{"embeddable":true,"href":"https:\/\/sockenseite.de\/wordpress\/wp-json\/wp\/v2\/users\/3"}],"replies":[{"embeddable":true,"href":"https:\/\/sockenseite.de\/wordpress\/wp-json\/wp\/v2\/comments?post=5023"}],"version-history":[{"count":0,"href":"https:\/\/sockenseite.de\/wordpress\/wp-json\/wp\/v2\/posts\/5023\/revisions"}],"wp:featuredmedia":[{"embeddable":true,"href":"https:\/\/sockenseite.de\/wordpress\/wp-json\/wp\/v2\/media\/2262"}],"wp:attachment":[{"href":"https:\/\/sockenseite.de\/wordpress\/wp-json\/wp\/v2\/media?parent=5023"}],"wp:term":[{"taxonomy":"category","embeddable":true,"href":"https:\/\/sockenseite.de\/wordpress\/wp-json\/wp\/v2\/categories?post=5023"},{"taxonomy":"post_tag","embeddable":true,"href":"https:\/\/sockenseite.de\/wordpress\/wp-json\/wp\/v2\/tags?post=5023"}],"curies":[{"name":"wp","href":"https:\/\/api.w.org\/{rel}","templated":true}]}} 