{"id":4995,"date":"2017-12-22T20:08:00","date_gmt":"2017-12-22T19:08:00","guid":{"rendered":"https:\/\/sockenseite.de\/wordpress\/?p=4995"},"modified":"2022-04-01T15:18:03","modified_gmt":"2022-04-01T13:18:03","slug":"anfrage-des-stadtelternrats-zu-gewaltpraevention-in-leverkusener-kitas","status":"publish","type":"post","link":"https:\/\/sockenseite.de\/wordpress\/2017\/12\/22\/anfrage-des-stadtelternrats-zu-gewaltpraevention-in-leverkusener-kitas\/","title":{"rendered":"Anfrage des Stadtelternrats zu Gewaltpr\u00e4vention in Leverkusener Kitas"},"content":{"rendered":"\n<p>Sehr geehrter Herr Oberb\u00fcrgermeister Richrath,<\/p>\n\n\n\n<p>dem Stadtelternrat sind mehrere Vorf\u00e4lle zugetragen worden, die \u00dcbergriffe gegen\u00fcber der Selbstbestimmtheit der in den Einrichtungen betreuten Kinder darstellen. Dem Stadtelternrat ist bewusst, dass sich \u00dcbergriffe im Alltag nicht vollst\u00e4ndig verhindern lassen, da eine l\u00fcckenlose Aufsicht aller Kinder zu jeder Zeit nicht realisierbar ist. Dennoch muss Gewaltpr\u00e4vention umfassend in die p\u00e4dagogische Arbeit integriert werden, denn im Elementarbereich finden wichtige Entwicklungsphasen statt, die Grundlagen f\u00fcr das gesamte sp\u00e4tere Leben bilden.<\/p>\n\n\n\n<p>Dazu fragt der Stadtelternrat:<\/p>\n\n\n\n<ol class=\"wp-block-list\"><li>Welche Verfahren gibt es in den Kindertageseinrichtungen in der Stadt Leverkusen zur Gewaltpr\u00e4vention?<\/li><li>Wie f\u00f6rdert die Stadtverwaltung, dass in allen Kindertageseinrichtungen, ein solches Konzept erstellt wird?<\/li><li>Gibt es in allen Leverkusener Kindertageseinrichtungen Beauftragte zur<br>Gewaltpr\u00e4vention bzw. zum Kinderschutz?<\/li><li>Gibt es in der Stadt Leverkusen ein Verfahren zur Meldung, Aufkl\u00e4rung und Nachbereitung von F\u00e4llen von physischer oder psychischer Gewalt gegen\u00fcber in<br>Kindertageseinrichtungen betreuten Kindern? Wenn ja, was sieht dieses konkret vor?<\/li><li>Welche Arten von physischer und psychischer Gewalt wurden nach Erkenntnis der Stadtverwaltung in Leverkusen in den vergangenen drei Jahren in Leverkusener Kindertageseinrichtungen beobachtet?<\/li><li>Liegen der Stadtverwaltung Zahlen \u00fcber die H\u00e4ufigkeit solcher \u00dcbergriffe in Kitas in der Stadt Leverkusen in dem vergangenen drei Jahren vor? Bitte nach Jahren, Stadtteilen und Tr\u00e4gerschaft aufschl\u00fcsseln.<\/li><li>Gibt es bereits Konzepte, um Kindern, die durch gewaltgeneigtes Verhalten auff\u00e4llig wurden, gezielt so zu f\u00f6rdern, dass diese Verhaltensweisen reduziert werden konnten?<\/li><li>Welche Verfahren gibt es in den Kindertageseinrichtungen, um Opfer von bereits stattgefundenem \u00fcbergriffigem Verhalten vor weiteren \u00dcbergriffen zu sch\u00fctzen?<\/li><li>Welche M\u00f6glichkeiten sieht die Stadtverwaltung, dass Kinder in den<br>Kindertageseinrichtungen, Aggressionen auf sozialvertr\u00e4gliche Art und Weise abbauen k\u00f6nnen (z.B. durch St\u00e4rkung sportlicher Aktivit\u00e4ten sowie die Vermittlung von positiven Einstellungen zum eigenen K\u00f6rper und Respekt vor den Bed\u00fcrfnissen anderer Menschen)?<\/li><li>Welches Vorgehen empfiehlt die Stadtverwaltung Eltern, die \u00dcbergriffe beobachtet haben oder aufgrund von \u00c4u\u00dferungen und Beobachtungen von \u00fcbergriffigem Verhalten ausgehen?<\/li><\/ol>\n\n\n\n<p>Vielen Dank f\u00fcr eine Beantwortung \u00fcber z.d.A. Rat.<\/p>\n\n\n\n<p><a href=\"https:\/\/stadtelternratleverkusenblog.files.wordpress.com\/2017\/12\/20171221_anfrage-gewaltprc3a4vention.pdf\">Download der Anfrage Gewaltpr\u00e4vention<\/a><\/p>\n\n\n\n<p><strong>Update<\/strong>: Die Stadtverwaltung hat&nbsp;<a href=\"https:\/\/stadtelternratleverkusenblog.wordpress.com\/2018\/02\/25\/antwort-der-stadtverwaltung-auf-die-anfrage-zur-gewaltpraevention-in-kitas\/\">geantwortet<\/a>.<\/p>\n","protected":false},"excerpt":{"rendered":"<p>Sehr geehrter Herr Oberb\u00fcrgermeister Richrath, dem Stadtelternrat sind mehrere Vorf\u00e4lle zugetragen worden, die \u00dcbergriffe gegen\u00fcber der Selbstbestimmtheit der in den Einrichtungen betreuten Kinder&hellip;<\/p>\n","protected":false},"author":1,"featured_media":4884,"comment_status":"open","ping_status":"open","sticky":false,"template":"","format":"standard","meta":{"_bluesky_dont_syndicate":"","_bluesky_syndication_accounts":"","_bluesky_syndication_text":"","footnotes":""},"categories":[22,708],"tags":[168,575,579,485,489,488,638],"class_list":["post-4995","post","type-post","status-publish","format-standard","has-post-thumbnail","hentry","category-politik-und-gesellschaft","category-stadtelternrat","tag-gewaltpraevention","tag-jugendamt","tag-kinder-und-jugendliche","tag-kindertagesstaette","tag-kindeswohlgefaehrdung","tag-qualitaetsmanagement","tag-stadtverwaltung"],"_links":{"self":[{"href":"https:\/\/sockenseite.de\/wordpress\/wp-json\/wp\/v2\/posts\/4995","targetHints":{"allow":["GET"]}}],"collection":[{"href":"https:\/\/sockenseite.de\/wordpress\/wp-json\/wp\/v2\/posts"}],"about":[{"href":"https:\/\/sockenseite.de\/wordpress\/wp-json\/wp\/v2\/types\/post"}],"author":[{"embeddable":true,"href":"https:\/\/sockenseite.de\/wordpress\/wp-json\/wp\/v2\/users\/1"}],"replies":[{"embeddable":true,"href":"https:\/\/sockenseite.de\/wordpress\/wp-json\/wp\/v2\/comments?post=4995"}],"version-history":[{"count":0,"href":"https:\/\/sockenseite.de\/wordpress\/wp-json\/wp\/v2\/posts\/4995\/revisions"}],"wp:featuredmedia":[{"embeddable":true,"href":"https:\/\/sockenseite.de\/wordpress\/wp-json\/wp\/v2\/media\/4884"}],"wp:attachment":[{"href":"https:\/\/sockenseite.de\/wordpress\/wp-json\/wp\/v2\/media?parent=4995"}],"wp:term":[{"taxonomy":"category","embeddable":true,"href":"https:\/\/sockenseite.de\/wordpress\/wp-json\/wp\/v2\/categories?post=4995"},{"taxonomy":"post_tag","embeddable":true,"href":"https:\/\/sockenseite.de\/wordpress\/wp-json\/wp\/v2\/tags?post=4995"}],"curies":[{"name":"wp","href":"https:\/\/api.w.org\/{rel}","templated":true}]}}