{"id":4871,"date":"2021-01-03T16:36:00","date_gmt":"2021-01-03T15:36:00","guid":{"rendered":"https:\/\/sockenseite.de\/wordpress\/?p=4871"},"modified":"2022-04-01T09:39:33","modified_gmt":"2022-04-01T07:39:33","slug":"stadtelternrat-kritisiert-abbildung-der-bedarfsabfrage-im-kitaplaner","status":"publish","type":"post","link":"https:\/\/sockenseite.de\/wordpress\/2021\/01\/03\/stadtelternrat-kritisiert-abbildung-der-bedarfsabfrage-im-kitaplaner\/","title":{"rendered":"Stadtelternrat kritisiert Abbildung der Bedarfsabfrage im Kitaplaner"},"content":{"rendered":"\n<p>Im <a href=\"https:\/\/stadtelternratleverkusenblog.wordpress.com\/beratung\/#Kitaplaner\">Kitaplaner<\/a> der Stadt Leverkusen ist es Eltern, die einen <a href=\"https:\/\/stadtelternratleverkusenblog.wordpress.com\/beratung\/#Kitaplaner\">Betreuungsplatz f\u00fcr ihre Kinder suchen<\/a>, mittlerweile m\u00f6glich, ihren Betreuungsbedarf anzugeben. Einen m\u00f6glichen Platz bekommen Eltern aber nur angeboten, wenn sie ihre W\u00fcnsche auf die vorhandenen Angebote reduzieren. Da Vormerkungen nur f\u00fcr vorhandene Angebote m\u00f6glich sind, werden die tats\u00e4chlichen Bedarfe in vielen F\u00e4llen nicht registriert. Der Stadtelternrat kritisiert diese Umsetzung scharf.<\/p>\n\n\n\n<p>Oliver Ding, Vorsitzender des Stadtelternrats, f\u00fchrt aus: &#8222;In \u00a7 4 Abs. 3 und 4 KiBiz fordert der Gesetzgeber, dass das Betreuungsangebot an den <a href=\"https:\/\/stadtelternratleverkusenblog.wordpress.com\/beratung\/rechtsanspruch\/#Bedarfsmeldung\">Bedarfen der Familien<\/a> ausgerichtet ist und den W\u00fcnschen f\u00fcr den Betreuungsumfang entspricht. Die Familien in Leverkusen werden im <a href=\"https:\/\/stadtelternratleverkusenblog.wordpress.com\/beratung\/#Kitaplaner\">Kitaplaner<\/a> jedoch wegen des unzureichenden Angebots gen\u00f6tigt, ihre legitimen W\u00fcnsche hintenanzustellen. Eine Familie, die lediglich ein Betreuungsangebot von 7 bis 12 Uhr ben\u00f6tigt, was einem zeitlichen Bedarf von 25 Stunden entspricht, kann <a href=\"https:\/\/stadtelternratleverkusenblog.files.wordpress.com\/2020\/12\/kitaplaner-25-stunden.png\">in keiner Leverkusener Kita einen solchen 25-Stunden-Platz<\/a> erhalten. Eine weitere Familie, die eine Betreuung von 8 Uhr bis 14 Uhr ben\u00f6tigt und ihr Kind daher <a href=\"https:\/\/stadtelternratleverkusenblog.files.wordpress.com\/2020\/12\/kitaplaner-35-stunden-block.png\">f\u00fcr einen 35-Stunden-Platz vormerken will, bekommt ebenfalls kein Platzangebot<\/a>. Wenn beide Familien aber Pl\u00e4tze ohne Mittagsbetreuung ausw\u00e4hlen, tauchen <a href=\"https:\/\/stadtelternratleverkusenblog.files.wordpress.com\/2020\/12\/kitaplaner-35-stunden-geteilt.png\">zahlreiche Angebote in allen Stadtteilen<\/a> auf. Individuelle Bedarfe k\u00f6nnen somit nur theoretisch hinterlegt werden. Sobald der Filter &#8222;Nur Einrichtungen mit freien Kapazit\u00e4ten f\u00fcr meinen Betreuungswunsch anzeigen&#8220; gesetzt ist, herrscht g\u00e4hnende Leere. So werden Eltern gesteuert, Angaben zu machen, die ihrem tats\u00e4chlichen Bedarf nicht entsprechen oder diesen nicht vollst\u00e4ndig abbilden. Eine Betreuung \u00fcber Mittag ist jedoch kein exotischer Sonderwunsch, sondern in vielen F\u00e4llen f\u00fcr die Vereinbarkeit von Familie und Beruf notwendig.&#8220;<\/p>\n\n\n\n<figure class=\"wp-block-gallery has-nested-images columns-default is-cropped wp-block-gallery-2 is-layout-flex wp-block-gallery-is-layout-flex\">\n<figure class=\"wp-block-image size-large\"><img decoding=\"async\" data-id=\"2600\" src=\"https:\/\/stadtelternratleverkusenblog.files.wordpress.com\/2020\/12\/kitaplaner-25-stunden.png?w=648\" alt=\"Screenshot Kitaplaner 25 Stunden\" class=\"wp-image-2600\"\/><figcaption>Kitaplaner 25 Stunden<\/figcaption><\/figure>\n\n\n\n<figure class=\"wp-block-image size-large\"><img decoding=\"async\" data-id=\"2598\" src=\"https:\/\/stadtelternratleverkusenblog.files.wordpress.com\/2020\/12\/kitaplaner-35-stunden-geteilt.png?w=648\" alt=\"Screenshot Kitaplaner 35 Stunden geteilt\" class=\"wp-image-2598\"\/><figcaption>Kitaplaner 35 Stunden geteilt<\/figcaption><\/figure>\n\n\n\n<figure class=\"wp-block-image size-large\"><img decoding=\"async\" data-id=\"2599\" src=\"https:\/\/stadtelternratleverkusenblog.files.wordpress.com\/2020\/12\/kitaplaner-35-stunden-block.png?w=648\" alt=\"Screenshot Kitaplaner 35 Stunden Block - mit \u00dcbermittagsbetreuung\" class=\"wp-image-2599\"\/><figcaption>Kitaplaner 35 Stunden Block &#8211; mit \u00dcbermittagsbetreuung<\/figcaption><\/figure>\n<figcaption class=\"blocks-gallery-caption\"><small>Verf\u00fcgbare Pl\u00e4tze laut Kitaplaner<\/small><\/figcaption><\/figure>\n\n\n\n<p><a href=\"\/tag\/sandra-quell\/\">Sandra Quell<\/a>, stellvertretende Vorsitzende des Stadtelternrats und Mitglied im Kinder- und Jugendhilfeausschuss, erg\u00e4nzt: &#8222;Im Datenschutz wird f\u00fcr Einwilligungserkl\u00e4rungen die freie Entscheidung vorausgesetzt. Der Betroffene muss in der Lage sein, eine echte Wahl treffen zu k\u00f6nnen, d.h. er darf nicht vor vollendete Tatsachen gestellt oder sonst in seiner Entscheidungskraft eingeschr\u00e4nkt werden. Eine solche freie Entscheidung ist bei Eintr\u00e4gen in den <a href=\"https:\/\/stadtelternratleverkusenblog.wordpress.com\/beratung\/#Kitaplaner\">Kitaplaner<\/a> nicht gegeben, denn Familien k\u00f6nnen gar keine Pl\u00e4tze vormerken lassen, f\u00fcr die es aktuell kein Angebot gibt. Vor diesem Hintergrund ist eine Nutzung der durch den <a href=\"https:\/\/stadtelternratleverkusenblog.wordpress.com\/beratung\/#Kitaplaner\">Kitaplaner<\/a> ermittelten Daten durch die Stadt nicht zul\u00e4ssig, um z.B. die Beibehaltung oder gar den Ausbau geteilter 35-Stunden-Pl\u00e4tze zu rechtfertigen. So lobenswert der Versuch der Digitalisierung bei der Bedarfsermittlung auch ist, bildet diese Art der Umsetzung derzeit nicht den geeigneten Rahmen f\u00fcr eine exakte Ermittlung der tats\u00e4chlich ben\u00f6tigten Pl\u00e4tze. Eine Einbeziehung des Stadtelternrats bei der Entwicklung der Abfragem\u00f6glichkeiten h\u00e4tte diese Schieflage eventuell zu einem fr\u00fcheren Zeitpunkt verdeutlicht und die M\u00f6glichkeit zum Gegensteuern gegeben.&#8220;<\/p>\n\n\n\n<p>Der Stadtelternrat ruft die Stadtverwaltung auf, die <a href=\"https:\/\/stadtelternratleverkusenblog.wordpress.com\/tag\/bedarfsermittlung\/\">Bedarfsermittlung<\/a> unabh\u00e4ngig von der Vormerkung durchzuf\u00fchren. Besonderes Augenmerk sollte hier auf der \u00dcbermittagsbetreuung liegen, um die Bedarfe der Familien konkret zu erfassen.<\/p>\n","protected":false},"excerpt":{"rendered":"<p>Im Kitaplaner der Stadt Leverkusen ist es Eltern, die einen Betreuungsplatz f\u00fcr ihre Kinder suchen, mittlerweile m\u00f6glich, ihren Betreuungsbedarf anzugeben. Einen m\u00f6glichen Platz&hellip;<\/p>\n","protected":false},"author":3,"featured_media":4872,"comment_status":"open","ping_status":"open","sticky":false,"template":"","format":"standard","meta":{"_bluesky_dont_syndicate":"","_bluesky_syndication_accounts":"","_bluesky_syndication_text":"","footnotes":""},"categories":[13,22,708],"tags":[511,539,715,579,485,231,710,717],"class_list":["post-4871","post","type-post","status-publish","format-standard","has-post-thumbnail","hentry","category-aufreger","category-politik-und-gesellschaft","category-stadtelternrat","tag-digitalisierung","tag-elternarbeit","tag-elternmitwirkung","tag-kinder-und-jugendliche","tag-kindertagesstaette","tag-leverkusen","tag-sandra-quell","tag-stadtelternrat"],"_links":{"self":[{"href":"https:\/\/sockenseite.de\/wordpress\/wp-json\/wp\/v2\/posts\/4871","targetHints":{"allow":["GET"]}}],"collection":[{"href":"https:\/\/sockenseite.de\/wordpress\/wp-json\/wp\/v2\/posts"}],"about":[{"href":"https:\/\/sockenseite.de\/wordpress\/wp-json\/wp\/v2\/types\/post"}],"author":[{"embeddable":true,"href":"https:\/\/sockenseite.de\/wordpress\/wp-json\/wp\/v2\/users\/3"}],"replies":[{"embeddable":true,"href":"https:\/\/sockenseite.de\/wordpress\/wp-json\/wp\/v2\/comments?post=4871"}],"version-history":[{"count":0,"href":"https:\/\/sockenseite.de\/wordpress\/wp-json\/wp\/v2\/posts\/4871\/revisions"}],"wp:featuredmedia":[{"embeddable":true,"href":"https:\/\/sockenseite.de\/wordpress\/wp-json\/wp\/v2\/media\/4872"}],"wp:attachment":[{"href":"https:\/\/sockenseite.de\/wordpress\/wp-json\/wp\/v2\/media?parent=4871"}],"wp:term":[{"taxonomy":"category","embeddable":true,"href":"https:\/\/sockenseite.de\/wordpress\/wp-json\/wp\/v2\/categories?post=4871"},{"taxonomy":"post_tag","embeddable":true,"href":"https:\/\/sockenseite.de\/wordpress\/wp-json\/wp\/v2\/tags?post=4871"}],"curies":[{"name":"wp","href":"https:\/\/api.w.org\/{rel}","templated":true}]}}