{"id":4857,"date":"2022-03-31T17:00:00","date_gmt":"2022-03-31T15:00:00","guid":{"rendered":"https:\/\/sockenseite.de\/wordpress\/?p=4857"},"modified":"2022-04-01T13:21:59","modified_gmt":"2022-04-01T11:21:59","slug":"die-maske-bleibt-auf-immer-noch","status":"publish","type":"post","link":"https:\/\/sockenseite.de\/wordpress\/2022\/03\/31\/die-maske-bleibt-auf-immer-noch\/","title":{"rendered":"Die Maske bleibt auf &#8211; immer noch"},"content":{"rendered":"\n<p>Die&nbsp;Fallzahlen explodieren immer noch, die&nbsp;<a href=\"https:\/\/www.deutschlandfunk.de\/gebauer-schulen-duerfen-keine-maskenpflicht-mehr-erlassen-100.html\">Masken sollen fallen<\/a>. Erneut haben wir als Schulpflegschaft einen Appell verfasst, um die Eltern zu bitten, dass ihre Kids die Maske im Unterricht nicht abnehmen, obwohl sie es jetzt d\u00fcrften:<\/p>\n\n\n\n<blockquote class=\"wp-block-quote is-layout-flow wp-block-quote-is-layout-flow\"><p>Liebe Eltern,<\/p><p>aus den Medien habt ihr sicherlich erfahren, dass Bildungsministerin Gebauer trotz der hohen Infektionszahlen keine Absicht hat, die Maskenpflicht an den Schulen \u00fcber den 2.4.2022 zu verl\u00e4ngern. In der freien Wirtschaft m\u00fcssen die Arbeitgeber eine Gef\u00e4hrdungsbeurteilung durchf\u00fchren und d\u00fcrfen auf dieser Basis eine Maskenpflicht eigenverantwortlich verh\u00e4ngen. Diese M\u00f6glichkeit wird den Schulen verwehrt.<\/p><p>Mit gro\u00dfer Sorge sehen wir als Elternpflegschaft, dass ohne Not eine von den Kindern gut akzeptierte und nachweislich wirksame Ma\u00dfnahme wegf\u00e4llt. Dies kann bei der hohen Inzidenz zwangsl\u00e4ufig zu noch mehr Infektionen sorgen. Dies wird auch uns Eltern und den Rest der Familien treffen, denn bei der kursierenden Variante sch\u00fctzen auch bestehende Immunisierungen nicht mehr so gut vor Ansteckungen.<\/p><p>Daher rufen wir als Schulpflegschaft alle Eltern dazu auf, den Kindern weiterhin das Tragen von Masken zu erm\u00f6glichen und nahezulegen.<\/p><\/blockquote>\n\n\n\n<p>Ich rechne nicht damit, dass die neue CoronaSchutzVO vor Freitag nachmittags vorliegt. Eher am Vorabend. Oder wie zuletzt in den sp\u00e4ten Abendstunden. Ist ja nicht so, als d\u00fcrften Schulleitungen und Eltern irgendwann Feierabend machen.<\/p>\n","protected":false},"excerpt":{"rendered":"<p>Die&nbsp;Fallzahlen explodieren immer noch, die&nbsp;Masken sollen fallen. Erneut haben wir als Schulpflegschaft einen Appell verfasst, um die Eltern zu bitten, dass ihre Kids&hellip;<\/p>\n","protected":false},"author":1,"featured_media":4589,"comment_status":"open","ping_status":"open","sticky":false,"template":"","format":"standard","meta":{"_bluesky_dont_syndicate":"","_bluesky_syndication_accounts":"","_bluesky_syndication_text":"","footnotes":""},"categories":[21,22],"tags":[515,678,514,165,174,557,508,648],"class_list":["post-4857","post","type-post","status-publish","format-standard","has-post-thumbnail","hentry","category-pflege-und-gesundheit","category-politik-und-gesellschaft","tag-masken","tag-coronabetrvo","tag-coronavirus","tag-gesundheit","tag-gute-sache","tag-persoenliche-schutzausruestung","tag-schulen","tag-schulpflegschaft"],"_links":{"self":[{"href":"https:\/\/sockenseite.de\/wordpress\/wp-json\/wp\/v2\/posts\/4857","targetHints":{"allow":["GET"]}}],"collection":[{"href":"https:\/\/sockenseite.de\/wordpress\/wp-json\/wp\/v2\/posts"}],"about":[{"href":"https:\/\/sockenseite.de\/wordpress\/wp-json\/wp\/v2\/types\/post"}],"author":[{"embeddable":true,"href":"https:\/\/sockenseite.de\/wordpress\/wp-json\/wp\/v2\/users\/1"}],"replies":[{"embeddable":true,"href":"https:\/\/sockenseite.de\/wordpress\/wp-json\/wp\/v2\/comments?post=4857"}],"version-history":[{"count":0,"href":"https:\/\/sockenseite.de\/wordpress\/wp-json\/wp\/v2\/posts\/4857\/revisions"}],"wp:featuredmedia":[{"embeddable":true,"href":"https:\/\/sockenseite.de\/wordpress\/wp-json\/wp\/v2\/media\/4589"}],"wp:attachment":[{"href":"https:\/\/sockenseite.de\/wordpress\/wp-json\/wp\/v2\/media?parent=4857"}],"wp:term":[{"taxonomy":"category","embeddable":true,"href":"https:\/\/sockenseite.de\/wordpress\/wp-json\/wp\/v2\/categories?post=4857"},{"taxonomy":"post_tag","embeddable":true,"href":"https:\/\/sockenseite.de\/wordpress\/wp-json\/wp\/v2\/tags?post=4857"}],"curies":[{"name":"wp","href":"https:\/\/api.w.org\/{rel}","templated":true}]}}