{"id":4844,"date":"2019-11-22T13:23:51","date_gmt":"2019-11-22T12:23:51","guid":{"rendered":"https:\/\/sockenseite.de\/wordpress\/?p=4844"},"modified":"2022-04-01T15:53:56","modified_gmt":"2022-04-01T13:53:56","slug":"konstituierende-sitzung-des-stadtelternrats-leverkusen-hauptaemter-auf-verschiedene-koepfe-verteilt","status":"publish","type":"post","link":"https:\/\/sockenseite.de\/wordpress\/2019\/11\/22\/konstituierende-sitzung-des-stadtelternrats-leverkusen-hauptaemter-auf-verschiedene-koepfe-verteilt\/","title":{"rendered":"Konstituierende Sitzung des Stadtelternrats Leverkusen: Haupt\u00e4mter auf verschiedene K\u00f6pfe verteilt"},"content":{"rendered":"<p>Bei der konstituierenden Sitzung des\u00a0<a href=\"https:\/\/stadtelternratleverkusenblog.wordpress.com\/ueber_den_stadtelternrat_leverkusen\/mitglieder-2019-2020\/\">Stadtelternrats Leverkusen (SER)<\/a>\u00a0am 19. November wurden in Schlebusch die Grundlagen f\u00fcr eine erfolgreiche Amtszeit 2019\/2020 gelegt.\u00a0<a href=\"https:\/\/stadtelternratleverkusenblog.wordpress.com\/tag\/oliver-ding\/\">Oliver Ding<\/a>\u00a0wurde zum neuen Vorsitzenden gew\u00e4hlt,\u00a0<a href=\"https:\/\/stadtelternratleverkusenblog.wordpress.com\/tag\/eva-birkhaeuser\/\">Eva Birkh\u00e4user<\/a>\u00a0und\u00a0<a href=\"https:\/\/stadtelternratleverkusenblog.wordpress.com\/tag\/vanessa-primerano\/\">Vanessa Primerano<\/a>\u00a0wurden Stellvertretende Vorsitzende. Neues Mitglied im\u00a0<a href=\"https:\/\/stadtelternratleverkusenblog.wordpress.com\/tag\/kinder-und-jugendhilfeausschuss\/\">Kinder- und Jugendhilfeausschuss<\/a>\u00a0wird\u00a0<a href=\"https:\/\/stadtelternratleverkusenblog.wordpress.com\/tag\/simona-ruch\/\">Simona Ruch<\/a>, die hier im vergangen Jahr bereits die Vertretung \u00fcbernommen hatte. Melanie Busch ist Deligierte f\u00fcr die Wahl des\u00a0<a href=\"https:\/\/stadtelternratleverkusenblog.wordpress.com\/tag\/landeselternbeirat\/\">Landeselternbeirats<\/a>. Die Verteilung der Haupt\u00e4mter erm\u00f6glicht die gewachsene Verantwortung und zeitintensiven Aktivit\u00e4ten in der neuen Zusammensetzung des SER auf mehrere Schultern zu verteilen (und u.a. eine noch konstruktivere Zusammenarbeit mit dem\u00a0<a href=\"https:\/\/stadtelternratleverkusenblog.wordpress.com\/tag\/fachbereich-kinder-und-jugend\/\">Jugendamt<\/a>\u00a0und den freien Tr\u00e4gern anzustreben). Die bisherige Vorsitzende\u00a0<a href=\"https:\/\/stadtelternratleverkusenblog.wordpress.com\/tag\/irina-pruem\/\">Irina Pr\u00fcm<\/a>\u00a0wurde gemeinsam mit Stephanie Poup\u00e9 in den\u00a0<a href=\"https:\/\/stadtelternratleverkusenblog.wordpress.com\/tag\/ser-beirat\/\">Beirat<\/a>\u00a0berufen.<\/p>\n<p><a href=\"https:\/\/stadtelternratleverkusenblog.wordpress.com\/tag\/oliver-ding\/\">Oliver Ding<\/a>\u00a0kommentiert: \u201eIch freue mich \u00fcber das Vertrauen der alten und neuen Mitglieder des Stadtelternrats. Wir wollen die erfolgreiche Arbeit der letzten Jahre fortsetzen und haben die Aufgaben gut verteilt. Wir bedanken uns bei unseren scheidenden Mitgliedern, insbesondere bei Irina Pr\u00fcm, die mit ihrem Engagement und Fachwissen die Elternmitwirkung in Leverkusen an entscheidenden Stellen vorw\u00e4rts gebracht hat. Sie hat immer wieder auf Verbesserungsm\u00f6glichkeiten hingewiesen und nicht nur im\u00a0<a href=\"https:\/\/stadtelternratleverkusenblog.wordpress.com\/tag\/kinder-und-jugendhilfeausschuss\/\">Kinder- und Jugendhilfeausschuss<\/a>\u00a0daran gearbeitet, die Interessen der Eltern und Kinder an die Ohren der politischen Entscheidungstr\u00e4ger in Leverkusen zu bringen. In Erinnerung bleiben, werden uns nicht nur ihre ausf\u00fchrlichen, randvoll mit klugen Gedanken gespickten Nachrichten und zahlreiche durchdiskutierte Abende. Ohne sie und ihren unerm\u00fcdlichen Einsatz st\u00fcnde der Stadtelternrat nicht dort, wo er jetzt steht. Wir freuen uns, dass Irina Pr\u00fcm und Stephanie Poup\u00e9 den Stadtelternrat weiterhin \u00fcber den Beirat bei den Belangen der Eltern und Kinder unterst\u00fctzen werden.\u201c<\/p>\n<p>Der\u00a0<a href=\"https:\/\/stadtelternratleverkusenblog.wordpress.com\/tag\/ser-beirat\/\">Beirat<\/a>\u00a0bietet ehemaligen Mitgliedern des Stadtelternrats die M\u00f6glichkeit, sich weiter mit ihrem erworbenen Wissen und organisatorischer Unterst\u00fctzung in die Arbeit f\u00fcr die Kindertagesbetreuung in Leverkusen einzubringen. F\u00fcr die weiteren \u00c4mter wurden als Schriftf\u00fchrerinnen Katharina R\u00f6hm und Sandra Quell (sowie als Kassenpr\u00fcferin Stefanie Hornberger) gew\u00e4hlt. Die konstituierende Sitzung des Stadtelternrats Leverkusen fand im DOM-Brauhaus in Schlebusch statt.<\/p>\n","protected":false},"excerpt":{"rendered":"<p>Bei der konstituierenden Sitzung des\u00a0Stadtelternrats Leverkusen (SER)\u00a0am 19. November wurden in Schlebusch die Grundlagen f\u00fcr eine erfolgreiche Amtszeit 2019\/2020 gelegt.\u00a0Oliver Ding\u00a0wurde zum neuen&hellip;<\/p>\n","protected":false},"author":3,"featured_media":5027,"comment_status":"closed","ping_status":"closed","sticky":false,"template":"","format":"standard","meta":{"_bluesky_dont_syndicate":"","_bluesky_syndication_accounts":"","_bluesky_syndication_text":"","footnotes":""},"categories":[22,708],"tags":[539,715,485,231,262,717],"class_list":["post-4844","post","type-post","status-publish","format-standard","has-post-thumbnail","hentry","category-politik-und-gesellschaft","category-stadtelternrat","tag-elternarbeit","tag-elternmitwirkung","tag-kindertagesstaette","tag-leverkusen","tag-mitbestimmung","tag-stadtelternrat"],"_links":{"self":[{"href":"https:\/\/sockenseite.de\/wordpress\/wp-json\/wp\/v2\/posts\/4844","targetHints":{"allow":["GET"]}}],"collection":[{"href":"https:\/\/sockenseite.de\/wordpress\/wp-json\/wp\/v2\/posts"}],"about":[{"href":"https:\/\/sockenseite.de\/wordpress\/wp-json\/wp\/v2\/types\/post"}],"author":[{"embeddable":true,"href":"https:\/\/sockenseite.de\/wordpress\/wp-json\/wp\/v2\/users\/3"}],"replies":[{"embeddable":true,"href":"https:\/\/sockenseite.de\/wordpress\/wp-json\/wp\/v2\/comments?post=4844"}],"version-history":[{"count":0,"href":"https:\/\/sockenseite.de\/wordpress\/wp-json\/wp\/v2\/posts\/4844\/revisions"}],"wp:featuredmedia":[{"embeddable":true,"href":"https:\/\/sockenseite.de\/wordpress\/wp-json\/wp\/v2\/media\/5027"}],"wp:attachment":[{"href":"https:\/\/sockenseite.de\/wordpress\/wp-json\/wp\/v2\/media?parent=4844"}],"wp:term":[{"taxonomy":"category","embeddable":true,"href":"https:\/\/sockenseite.de\/wordpress\/wp-json\/wp\/v2\/categories?post=4844"},{"taxonomy":"post_tag","embeddable":true,"href":"https:\/\/sockenseite.de\/wordpress\/wp-json\/wp\/v2\/tags?post=4844"}],"curies":[{"name":"wp","href":"https:\/\/api.w.org\/{rel}","templated":true}]}}