{"id":4681,"date":"2021-11-22T10:30:53","date_gmt":"2021-11-22T09:30:53","guid":{"rendered":"https:\/\/sockenseite.de\/wordpress\/2021\/11\/22\/piraten-nrw-waehlen-landesliste-zur-landtagswahl-im-mai-2022\/"},"modified":"2022-04-01T11:03:44","modified_gmt":"2022-04-01T09:03:44","slug":"piraten-nrw-waehlen-landesliste-zur-landtagswahl-im-mai-2022","status":"publish","type":"post","link":"https:\/\/sockenseite.de\/wordpress\/2021\/11\/22\/piraten-nrw-waehlen-landesliste-zur-landtagswahl-im-mai-2022\/","title":{"rendered":"PIRATEN NRW w\u00e4hlen Landesliste zur Landtagswahl im Mai 2022"},"content":{"rendered":"\n<p><em><strong>+++ Alessa Flohe aus Kerpen f\u00fchrt ihren Landesverband in den NRW-Landtagswahlkampf +++ PIRATEN-Mission: zur\u00fcck in den Landtag +++<\/strong><\/em><\/p>\n\n\n\n<p>Auf ihrer <a href=\"https:\/\/wiki.piratenpartei.de\/NRW:Aufstellungsversammlung_2021.2\">Aufstellungsversammlung<\/a> nominierten die PIRATEN NRW am vergangenen Wochenende die Listenkandidat:innen f\u00fcr die Landtagswahl im Mai 2022. Dabei sprachen sich die Anwesenden einstimmig f\u00fcr die Kerpenerin Alessa Flohe als Spitzenkandidatin aus. Die 26-j\u00e4hrige sitzt f\u00fcr die PIRATEN im Stadtrat von Kerpen und ist sachkundige B\u00fcrgerin in zwei Aussch\u00fcssen im Rhein-Erft-Kreis.<\/p>\n\n\n\n<p><strong><a href=\"https:\/\/piratenpartei-leverkusen.de\/tag\/alessa-flohe\/\">Alessa Flohe<\/a>, Spitzenkandidatin der Landesliste der Piraten NRW zur Landtagswahl kritisiert:<\/strong><\/p>\n\n\n\n<blockquote class=\"wp-block-quote is-layout-flow wp-block-quote-is-layout-flow\"><p>\u201e2017 wollte die CDU im Landtagswahlkampf NRW \u201eentfesseln\u201c, die Kr\u00e4fte und Dynamik der Gesellschaft zur Modernisierung nutzen. Nur einlassen wollten sie sich darauf dann nicht. Letztlich wurde in den vergangenen vier Jahren also nur der Stillstand kultiviert. Jede Stimme f\u00fcr die Piratenpartei und f\u00fcr mich ist ein klares Signal an die anderen Parteien, dass es Zeit f\u00fcr einen Wandel ist.\u201c<\/p><\/blockquote>\n\n\n\n<p>Auf Platz zwei landete der <strong>aktuelle Vorsitzende der PIRATEN NRW <a href=\"https:\/\/piratenpartei-leverkusen.de\/tag\/wilk-spieker\/\">Wilk Spieker<\/a> aus Bad Driburg<\/strong>. Spieker, seit vielen Jahren vor allem bildungspolitisch engagiert, kommentiert:<\/p>\n\n\n\n<blockquote class=\"wp-block-quote is-layout-flow wp-block-quote-is-layout-flow\"><p>\u201eNRW ben\u00f6tigt dringend ein politisches Update. Tats\u00e4chlich haben sich viele Bereiche eher zur\u00fcck entwickelt im Vergleich zu unserer Fraktionszeit in NRW. Die Digitalisierung unserer Schulen ist in der Pandemiezeit vollkommen schief gelaufen, der Pandemieschutz unserer Kinder erst recht!\u201c<\/p><\/blockquote>\n\n\n\n<p><strong>Insgesamt stellen die PIRATEN 16 Kandidat:innen zur Landtagswahl 2022 auf:<\/strong><\/p>\n\n\n\n<p>1. <a href=\"https:\/\/piratenpartei-leverkusen.de\/tag\/alessa-flohe\/\">Alessa Flohe<\/a> (Kerpen)<br>2. <a href=\"https:\/\/piratenpartei-leverkusen.de\/tag\/wilk-spieker\/\">Wilk Spieker<\/a> (Bad Driburg)<br>3. <a href=\"https:\/\/piratenpartei-leverkusen.de\/tag\/frank-herrmann\/\">Frank Herrmann<\/a> (Ratingen)<br>4. <a href=\"https:\/\/piratenpartei-leverkusen.de\/tag\/kristian-katzmarek\/\">Kristian Katzmarek<\/a> (Frechen)<br>5. <a href=\"https:\/\/piratenpartei-leverkusen.de\/tag\/sandra-leurs\/\">Sandra Leurs<\/a> (Krefeld)<br>6. <a href=\"https:\/\/piratenpartei-leverkusen.de\/tag\/sven-bechen\/\">Sven Bechen<\/a> (Wuppertal)<br>7. <a class=\"broken_link\" rel=\"nofollow\" href=\"https:\/\/piratenpartei-leverkusen.de\/tag\/tatjana-jordic\/\">Tatjana <span class=\"author-a-vez84zvz83ziz72zt2nz90zsnqw5\">Kordi\u0107<\/span>-Aguiar<\/a> (Recklinghausen)<br>8. <a href=\"https:\/\/piratenpartei-leverkusen.de\/tag\/andrea-deckelmann\/\">Andrea Deckelmann<\/a> (Meerbusch)<br>9. <a href=\"https:\/\/piratenpartei-leverkusen.de\/tag\/fabian-holtappels\/\">Fabian Holtappels<\/a> (Krefeld)<br>10. <a href=\"https:\/\/piratenpartei-leverkusen.de\/tag\/christian-gebel\/\">Christian Gebel<\/a> (Dortmund)<br>11. <a href=\"https:\/\/piratenpartei-leverkusen.de\/tag\/carsten-nyga\/\">Carsten Nyga<\/a> (Bielefeld)<br>12. <a href=\"https:\/\/piratenpartei-leverkusen.de\/tag\/oliver-graf\/\">Oliver Graf<\/a> (Wuppertal)<br>13. <a href=\"https:\/\/piratenpartei-leverkusen.de\/tag\/victor-schuetz\/\">Victor Sch\u00fctz<\/a> (Meschede)<br>14. <a href=\"https:\/\/piratenpartei-leverkusen.de\/person\/oliver-ding\/\">Oliver Ding<\/a> (Leverkusen)<br>15. <a class=\"broken_link\" rel=\"nofollow\" href=\"https:\/\/piratenpartei-leverkusen.de\/tag\/norbert-boxberg\/\">Norbert Boxberg<\/a> (Wegberg)<\/p>\n\n\n\n<p>Mit einer Mischung aus bereits erfahrenen Politiker:innen, neuen Gesichtern und jungen Engagierten k\u00e4mpfen die PIRATEN NRW um den Wiedereinzug in den nordrhein-westf\u00e4lischen Landtag.<\/p>\n\n\n\n<p>Der Beitrag <a href=\"https:\/\/piratenpartei-leverkusen.de\/2021\/11\/piraten-nrw-waehlen-landesliste-zur-landtagswahl-im-mai-2022\/\" rel=\"nofollow\">PIRATEN NRW w\u00e4hlen Landesliste zur Landtagswahl im Mai 2022<\/a> erschien zuerst auf <a href=\"https:\/\/piratenpartei-leverkusen.de\/\" rel=\"nofollow\">Piratenpartei Leverkusen<\/a>.<\/p>\n","protected":false},"excerpt":{"rendered":"<p>+++ Alessa Flohe aus Kerpen f\u00fchrt ihren Landesverband in den NRW-Landtagswahlkampf +++ PIRATEN-Mission: zur\u00fcck in den Landtag +++ Auf ihrer Aufstellungsversammlung nominierten die&hellip;<\/p>\n","protected":false},"author":2,"featured_media":4903,"comment_status":"closed","ping_status":"open","sticky":false,"template":"","format":"standard","meta":{"_bluesky_dont_syndicate":"","_bluesky_syndication_accounts":"","_bluesky_syndication_text":"","footnotes":""},"categories":[683,22],"tags":[97,150,174,209,513,704,294],"class_list":["post-4681","post","type-post","status-publish","format-standard","has-post-thumbnail","hentry","category-piraten","category-politik-und-gesellschaft","tag-demokratie","tag-freiheitlich-demokratische-grundordnung","tag-gute-sache","tag-kandidatur","tag-landtagswahl","tag-ltw22","tag-piraten"],"_links":{"self":[{"href":"https:\/\/sockenseite.de\/wordpress\/wp-json\/wp\/v2\/posts\/4681","targetHints":{"allow":["GET"]}}],"collection":[{"href":"https:\/\/sockenseite.de\/wordpress\/wp-json\/wp\/v2\/posts"}],"about":[{"href":"https:\/\/sockenseite.de\/wordpress\/wp-json\/wp\/v2\/types\/post"}],"author":[{"embeddable":true,"href":"https:\/\/sockenseite.de\/wordpress\/wp-json\/wp\/v2\/users\/2"}],"replies":[{"embeddable":true,"href":"https:\/\/sockenseite.de\/wordpress\/wp-json\/wp\/v2\/comments?post=4681"}],"version-history":[{"count":0,"href":"https:\/\/sockenseite.de\/wordpress\/wp-json\/wp\/v2\/posts\/4681\/revisions"}],"wp:featuredmedia":[{"embeddable":true,"href":"https:\/\/sockenseite.de\/wordpress\/wp-json\/wp\/v2\/media\/4903"}],"wp:attachment":[{"href":"https:\/\/sockenseite.de\/wordpress\/wp-json\/wp\/v2\/media?parent=4681"}],"wp:term":[{"taxonomy":"category","embeddable":true,"href":"https:\/\/sockenseite.de\/wordpress\/wp-json\/wp\/v2\/categories?post=4681"},{"taxonomy":"post_tag","embeddable":true,"href":"https:\/\/sockenseite.de\/wordpress\/wp-json\/wp\/v2\/tags?post=4681"}],"curies":[{"name":"wp","href":"https:\/\/api.w.org\/{rel}","templated":true}]}}