{"id":4633,"date":"2021-09-24T22:15:00","date_gmt":"2021-09-24T20:15:00","guid":{"rendered":"https:\/\/sockenseite.de\/wordpress\/2021\/09\/24\/antrag-corona-fallzahlen-mit-anteil-der-geimpften-hospitalisierungsrate-darstellen\/"},"modified":"2022-04-01T13:08:54","modified_gmt":"2022-04-01T11:08:54","slug":"antrag-corona-fallzahlen-mit-anteil-der-geimpften-hospitalisierungsrate-darstellen","status":"publish","type":"post","link":"https:\/\/sockenseite.de\/wordpress\/2021\/09\/24\/antrag-corona-fallzahlen-mit-anteil-der-geimpften-hospitalisierungsrate-darstellen\/","title":{"rendered":"Antrag Corona-Fallzahlen mit Anteil der Geimpften &#038; Hospitalisierungsrate darstellen"},"content":{"rendered":"<p><em>Zum Antrag der CDU-Fraktion <a href=\"http:\/\/ris.leverkusen.de\/vo0050.asp?__kvonr=8562\">\u201eReaktion auf die anhaltend hohen Inzidenzwerte in Leverkusen\u201c<\/a> dokumentieren wir gerne folgenden <a href=\"http:\/\/ris.leverkusen.de\/vo0050.asp?__kvonr=8596\">Erg\u00e4nzungsantrag<\/a>, den <a href=\"https:\/\/piratenpartei-leverkusen.de\/tag\/oliver-ding\/\">Oliver Ding<\/a> gemeinsam mit der Mandatstr\u00e4gerrunde erarbeitet hat:<\/em><\/p>\n<h2 id=\"antrag\">Antrag<\/h2>\n<p>Sehr geehrter Herr Oberb\u00fcrgermeister Richrath,<br \/>bitte setzen Sie den folgenden Antrag auf die Tagesordnung des Rates und der zust\u00e4ndigen Gremien:<\/p>\n<ol>\n<li>Der Medizinische Dienst wird angewiesen, in allen Angaben zu Fallzahlen von Infektionen mit SARS-CoV-2 den Anteil der geimpften Personen auszuweisen.<\/li>\n<li>Der Medizinische Dienst wird angewiesen, t\u00e4glich die Anzahl der Hospitalisierung in Leverkusen nach 5-Jahres-Alterskohorten anzugeben. Hierbei soll dargestellt werden, wie viele der Patienten sich auf Normal- und wie viele sich auf Intensivstation befinden. Auch bei diesen Personen ist der Impfstatus auszuweisen.<\/li>\n<\/ol>\n<h2 id=\"begrundung\">Begr\u00fcndung<\/h2>\n<ol>\n<li>Durch den niedrigen Anteil geimpfter Personen an den an Covid Erkrankten wird der Vorteil einer Impfung offensichtlich vor Augen gef\u00fchrt. Dies in der \u00f6ffentlichen Darstellung wiederholt auszuweisen und pr\u00e4sent zu halten, k\u00f6nnte sich positiv auf das Impfverhalten von Unentschlossenen auswirken. Mittels dieser sachlichen Informationen k\u00f6nnte die Impfquote<br \/>gesteigert werden. Die Stadt Wien stellt die Fallzahlen bereits so dar:<br \/><a href=\"https:\/\/twitter.com\/LandauDaniel\/status\/1428616304207056899\">https:\/\/twitter.com\/LandauDaniel\/status\/1428616304207056899<\/a><br \/>Ebenso ver\u00f6ffentlich die Freie und Hansestadt Hamburg diese Information:<br \/><a href=\"https:\/\/www.mopo.de\/hamburg\/behoerde-gibt-bekannt-so-niedrig-ist-die-inzidenz-unter-geimpften\/\">https:\/\/www.mopo.de\/hamburg\/behoerde-gibt-bekannt-so-niedrig-ist-die-inzidenz-unter-geimpften\/<\/a><\/li>\n<li>Da bei der Betrachtung und Abw\u00e4gung von Ma\u00dfnahmen zur Coronabek\u00e4mpfung nicht mehr ausschlie\u00dflich die Inzidenz betrachtet werden, sondern auch die Bettenbelegung in den Krankenh\u00e4usern, muss diese Information daher der Bev\u00f6lkerung transparent und tagesaktuell dargestellt werden. Die Darstellung der Altersgruppe soll den falschen Eindruck verhindern, dass es sich weiterhin vorwiegend um \u00e4ltere oder hochaltrige Personen handelt, die erkranken. Gerade weil die Infektionen stark \u00fcberwiegend Ungeimpfte treffen, ist auch bei der Hospitalisierung \u00fcberwiegend mit ungeimpften Personen zu rechnen, was aufgrund des Verlaufs der Impfkampagne \u00fcberwiegend j\u00fcngere Leute sein werden. Es ist aufgrund der Hochinzidenz damit zu rechnen, dass dabei auch Betroffene aus den Altersgruppen unter 30 Jahren zunehmen werden.<\/li>\n<\/ol>\n<p>Mit freundlichen Gr\u00fc\u00dfen<\/p>\n<p>Keneth Dietrich<br \/>DIE LINKE<\/p>\n<h2 id=\"beratungsfolge\">Beratungsfolge<\/h2>\n<p>Die <a href=\"http:\/\/ris.leverkusen.de\/vo0053.asp?__kvonr=8596\">Beratungsfolge<\/a> ist dem Ratsinformationssystem zu entnehmen.<\/p>\n<p>Der Beitrag <a rel=\"nofollow\" href=\"https:\/\/piratenpartei-leverkusen.de\/2021\/09\/antrag-corona-fallzahlen-mit-anteil-der-geimpften-hospitalisierungsrate-darstellen\/\">Antrag Corona-Fallzahlen mit Anteil der Geimpften &amp; Hospitalisierungsrate darstellen<\/a> erschien zuerst auf <a rel=\"nofollow\" href=\"https:\/\/piratenpartei-leverkusen.de\/\">Piratenpartei Leverkusen<\/a>.<\/p>\n","protected":false},"excerpt":{"rendered":"<p>Zum Antrag der CDU-Fraktion \u201eReaktion auf die anhaltend hohen Inzidenzwerte in Leverkusen\u201c dokumentieren wir gerne folgenden Erg\u00e4nzungsantrag, den Oliver Ding gemeinsam mit der&hellip;<\/p>\n","protected":false},"author":2,"featured_media":4634,"comment_status":"closed","ping_status":"open","sticky":false,"template":"","format":"standard","meta":{"_bluesky_dont_syndicate":"","_bluesky_syndication_accounts":"","_bluesky_syndication_text":"","footnotes":""},"categories":[21,683,22],"tags":[700,514,520,231,294,529],"class_list":["post-4633","post","type-post","status-publish","format-standard","has-post-thumbnail","hentry","category-pflege-und-gesundheit","category-piraten","category-politik-und-gesellschaft","tag-antrag","tag-coronavirus","tag-impfung","tag-leverkusen","tag-piraten","tag-stadtrat-leverkusen"],"_links":{"self":[{"href":"https:\/\/sockenseite.de\/wordpress\/wp-json\/wp\/v2\/posts\/4633","targetHints":{"allow":["GET"]}}],"collection":[{"href":"https:\/\/sockenseite.de\/wordpress\/wp-json\/wp\/v2\/posts"}],"about":[{"href":"https:\/\/sockenseite.de\/wordpress\/wp-json\/wp\/v2\/types\/post"}],"author":[{"embeddable":true,"href":"https:\/\/sockenseite.de\/wordpress\/wp-json\/wp\/v2\/users\/2"}],"replies":[{"embeddable":true,"href":"https:\/\/sockenseite.de\/wordpress\/wp-json\/wp\/v2\/comments?post=4633"}],"version-history":[{"count":0,"href":"https:\/\/sockenseite.de\/wordpress\/wp-json\/wp\/v2\/posts\/4633\/revisions"}],"wp:featuredmedia":[{"embeddable":true,"href":"https:\/\/sockenseite.de\/wordpress\/wp-json\/wp\/v2\/media\/4634"}],"wp:attachment":[{"href":"https:\/\/sockenseite.de\/wordpress\/wp-json\/wp\/v2\/media?parent=4633"}],"wp:term":[{"taxonomy":"category","embeddable":true,"href":"https:\/\/sockenseite.de\/wordpress\/wp-json\/wp\/v2\/categories?post=4633"},{"taxonomy":"post_tag","embeddable":true,"href":"https:\/\/sockenseite.de\/wordpress\/wp-json\/wp\/v2\/tags?post=4633"}],"curies":[{"name":"wp","href":"https:\/\/api.w.org\/{rel}","templated":true}]}}