{"id":4618,"date":"2021-06-02T13:37:02","date_gmt":"2021-06-02T11:37:02","guid":{"rendered":"https:\/\/sockenseite.de\/wordpress\/2021\/06\/02\/anfrage-zur-sicherstellung-der-versorgung-von-kindern-und-pflegebeduerftigen\/"},"modified":"2022-04-01T13:10:21","modified_gmt":"2022-04-01T11:10:21","slug":"anfrage-zur-sicherstellung-der-versorgung-von-kindern-und-pflegebeduerftigen","status":"publish","type":"post","link":"https:\/\/sockenseite.de\/wordpress\/2021\/06\/02\/anfrage-zur-sicherstellung-der-versorgung-von-kindern-und-pflegebeduerftigen\/","title":{"rendered":"Anfrage zur Sicherstellung der Versorgung von Kindern und Pflegebed\u00fcrftigen"},"content":{"rendered":"\n<p><em>Ich habe folgende Anfrage der <a href=\"https:\/\/piratenpartei-leverkusen.de\/tag\/ratsgruppe\/\">Ratsgruppe Die LINKE<\/a> mitverfasst, die ich Euch nicht vorenthalten will<\/em>:<\/p>\n\n\n\n<h2 class=\"wp-block-heading\">Anfrage<\/h2>\n\n\n\n<p>Sehr geehrter Herr Oberb\u00fcrgermeister Richrath,<\/p>\n\n\n\n<p>im Laufe der <a href=\"https:\/\/piratenpartei-leverkusen.de\/tag\/coronavirus\/\">Corona-Pandemie<\/a> gab es Berichte \u00fcber Familien, in denen beide Elternteile schwer an<br>Covid-19 erkrankt sind und sich dadurch nicht um ihre Kinder k\u00fcmmern konnten. \u00c4hnliches ist auch<br>bei der Betreuung schwerstpflegebed\u00fcrftiger Angeh\u00f6riger zu bedenken, insb. wenn diese nicht<br>aufgrund der individuellen Erkrankung in Priorit\u00e4tsgruppe 2 eingestuft werden k\u00f6nnen oder insb.<br>wegen des noch bestehenden Mangels an Impfdosen noch keinen Impftermin haben erhalten<br>k\u00f6nnen. Dazu stellen sich Fragen:<\/p>\n\n\n\n<ol class=\"wp-block-list\"><li>Hat die Stadt Leverkusen ein Konzept f\u00fcr die Unterbringung, Betreuung und Versorgung<br>m\u00f6glicherweise selbst Corona-positiver Kinder von erkrankten Eltern, wenn beide Elternteile<br>oder das alleinerziehende Elternteil so schwer akut oder langfristig an Covid-19 bzw.<br>LongCovid erkrankt sind, dass diese sich nicht mehr selbst um ihre Kinder k\u00fcmmern k\u00f6nnen?<\/li><li>Hat die Stadt Leverkusen ein Konzept f\u00fcr die Unterbringung, Betreuung und Versorgung<br>m\u00f6glicherweise selbst Corona-positiver schwerstpflegebed\u00fcrftiger Angeh\u00f6riger von<br>erkrankten Pflegepersonen aus dem gleichen Haushalt, wenn diese so schwer akut oder<br>langfristig an Covid-19 bzw. LongCovid erkrankt sind, dass diese sich nicht mehr selbst um<br>ihre schwerstpflegebed\u00fcrftigen Angeh\u00f6rigen k\u00fcmmern k\u00f6nnen?<\/li><li>Welche psychologische Betreuung steht f\u00fcr derart betroffene Kinder und Jugendliche bzw.<br>schwerstpflegebed\u00fcrftigen Angeh\u00f6rige zur Verf\u00fcgung?<\/li><li>Wie stellt die Stadt Leverkusen sicher, dass Familien und insb. den Kindern und Jugendlichen<br>Anlaufstellen bekannt sind, um in diesen F\u00e4llen Hilfe zu erhalten?<\/li><li>Haben in der Stadt Leverkusen bereits solche Situationen stattgefunden? Wenn ja, wie lange<br>und wo waren die betroffenen Kinder jeweils in Fremdbetreuung bzw. wie lange waren die<br>pflegebed\u00fcrftigen Angeh\u00f6rigen in Verhinderungspflege?<\/li><\/ol>\n\n\n\n<p>Mit freundlichen Gr\u00fc\u00dfen<\/p>\n\n\n\n<p>Ratsfrau Gisela Kronenberg<\/p>\n\n\n\n<p>Ratsherr Keneth Dietrich<br>DIE LINKE<\/p>\n\n\n\n<h2 class=\"wp-block-heading\">Stellungnahme<\/h2>\n\n\n\n<p><em>Gerne dokumentieren wir die Antwort in der z.d.A. Rat Nr. 8 vom 12. August 2021, den der Medizinische Dienst, Soziales und Kinder und Jugend gemeinsam verfasst haben:<\/em><\/p>\n\n\n\n<p>Zu 1.:<br>Der Fachbereich Kinder und Jugend kann Kinder in solchen Situationen in station\u00e4ren Jugendhilfeeinrichtungen innerhalb und au\u00dferhalb von Leverkusen unterbringen. Alle station\u00e4ren Jugendhilfeeinrichtungen verf\u00fcgen \u00fcber Quarant\u00e4ne-M\u00f6glichkeiten und k\u00f6nnen Kinder dort sowohl kurz- als auch langfristig unterbringen.<\/p>\n\n\n\n<p>Zu 2.:<br>Die Sicherstellung der h\u00e4uslichen Pflege ger\u00e4t grunds\u00e4tzlich und sehr h\u00e4ufig ins Wanken, wenn die Pflegeperson pl\u00f6tzlich erkrankt. Insbesondere, wenn noch keine weiteren Hilfen vorhanden sind. Im Falle einer Covid-19-Erkrankung unterst\u00fctzt die Pflegeberatung der Stadt Leverkusen, um die Versorgung des Betroffenen sicher zu stellen.<\/p>\n\n\n\n<p>F\u00fcr eine erkrankte Pflegeperson besteht seitens der Pflegeberatung keine Unterbringungsm\u00f6glichkeit. Je nach Schwere und Ausma\u00df der Erkrankung gibt es die M\u00f6glichkeit, nach \u00a7 37 SGB V die sogenannte \u201eH\u00e4usliche Krankenpflege\u201c verordnet zu bekommen. Diese kann z. B. eine Unterst\u00fctzung im Haushalt und\/oder bei der K\u00f6rperpflege durch einen ambulanten Pflegedienst beinhalten.<\/p>\n\n\n\n<p>Innerhalb des Haushalts sollten alle bekannten, m\u00f6glichen und erdenklichen Ma\u00dfnahmen ergriffen werden, um den Pflegebed\u00fcrftigen vor Ansteckung zu sch\u00fctzen.<\/p>\n\n\n\n<p>Die Pflegeberatung der Stadt Leverkusen hat eine Kooperationsvereinbarung mit den Pflegekassen der pronova BKK, der AOK Rheinland \/ Hamburg und Compass private Pflegeberatung. Die Sicherstellung der h\u00e4uslichen Pflege erfolgt beratend und zugehend in enger Abstimmung.<\/p>\n\n\n\n<p>Nach einer umfassenden Beurteilung der Gesamtsituation wird, unter Ber\u00fccksichtigung<br>aller noch vorhandenen Ressourcen, der konkrete Hilfebedarf ermittelt und ein entsprechender individueller Versorgungsplan erstellt. Dies beinhaltet die Installation diverser Dienstleister und Anbieter, wie z.B. Mahlzeitendienst, Pflegedienst, Betreuungsdienst.<br>Zus\u00e4tzlich erfolgt ggfs. die Vermittlung niederschwelliger Hilfsangebote wie ehrenamtliche Einkaufsdienste, telefonische Besuchsdienste, etc.<br>Sollte eine 24-Stunden-Versorgung n\u00f6tig sein, unterst\u00fctzt die st\u00e4dtische Pflegeberatung bei der Heimplatzsuche f\u00fcr eine Kurzzeitpflege oder vollstation\u00e4re Aufnahme. Es besteht zudem eine enge Vernetzung zu verschiedenen Institutionen im gesamten Stadtgebiet. Weiterhin erfolgt eine umfassende Beratung zu Leistungsanspr\u00fcchen und ggfs. Begleitung zu m\u00f6glichen Kostentr\u00e4gern. Diese Unterst\u00fctzung durch die Pflegeberatung erfolgt nicht pauschal anhand eines Konzeptes, sondern individuell auf den akuten Hilfebedarf abgestimmt. Auch im Falle einer Covid-19-Erkrankung unterst\u00fctzt die st\u00e4dtische Pflegeberatung entsprechend des ermittelten Hilfebedarfs, unabh\u00e4ngig davon, ob es sich um eine zu pflegende Person oder um einen pflegenden Angeh\u00f6rigen handelt.<\/p>\n\n\n\n<p>Zu 3.:<br>Die Stadt Leverkusen verf\u00fcgt \u00fcber drei psychologische Beratungsstellen f\u00fcr Eltern, Kinder und Jugendliche (eine st\u00e4dtische und zwei konfessionelle). Dort k\u00f6nnen Beratungen in allen Krisensituationen erfolgen, so auch im Kontext von Corona-Erkrankungen. Bei Sch\u00fclerinnen und Sch\u00fclern ist eine Beratung durch die Regionale Schulberatung (Schulpsychologischer Dienst) m\u00f6glich.<\/p>\n\n\n\n<p>Zu 4.:<br>Alle Informationen liegen den Kitas, Schulen, Kinder- und Jugend\u00e4rzten, den Offenen Kinder- und Jugendeinrichtungen sowie der Kinderklinik vor. Die Jugendhilfe in Leverkusen ist eng vernetzt, so dass Hilfesysteme schnell und unkompliziert miteinander kommunizieren, um den Betroffenen Hilfe anzubieten. Dar\u00fcber hinaus gibt es Informationen auf der st\u00e4dtischen Homepage.<\/p>\n\n\n\n<p>Zu 5.:<br>Es gab einen Fall eines betroffenen Elternteils, das zun\u00e4chst mit dem Kind im Klinikum mit dem Verdacht einer Corona-Erkrankung, die sich nicht best\u00e4tigte, untergebracht worden war. Das Kind wurde anschlie\u00dfend f\u00fcr ca. 14 Tage in einer station\u00e4ren Einrichtung bis zur Gesundung des Vaters untergebracht.<\/p>\n\n\n\n<p>Medizinischer Dienst LEV in Verbindung mit Soziales und Kinder und Jugend<\/p>\n\n\n\n<p>Der Beitrag <a href=\"https:\/\/piratenpartei-leverkusen.de\/2021\/06\/anfrage-zur-sicherstellung-der-versorgung-von-kindern-und-pflegebeduerftigen\/\" rel=\"nofollow\">Anfrage zur Sicherstellung der Versorgung von Kindern und Pflegebed\u00fcrftigen<\/a> erschien zuerst auf <a href=\"https:\/\/piratenpartei-leverkusen.de\/\" rel=\"nofollow\">Piratenpartei Leverkusen<\/a>.<\/p>\n","protected":false},"excerpt":{"rendered":"<p>Ich habe folgende Anfrage der Ratsgruppe Die LINKE mitverfasst, die ich Euch nicht vorenthalten will: Anfrage Sehr geehrter Herr Oberb\u00fcrgermeister Richrath, im Laufe&hellip;<\/p>\n","protected":false},"author":2,"featured_media":4619,"comment_status":"closed","ping_status":"open","sticky":false,"template":"","format":"standard","meta":{"_bluesky_dont_syndicate":"","_bluesky_syndication_accounts":"","_bluesky_syndication_text":"","footnotes":""},"categories":[683,22],"tags":[725,684,579,477,288,294],"class_list":["post-4618","post","type-post","status-publish","format-standard","has-post-thumbnail","hentry","category-piraten","category-politik-und-gesellschaft","tag-anfrage","tag-carearbeit","tag-kinder-und-jugendliche","tag-pflegebeduerftigkeit","tag-pflegegrade","tag-piraten"],"_links":{"self":[{"href":"https:\/\/sockenseite.de\/wordpress\/wp-json\/wp\/v2\/posts\/4618","targetHints":{"allow":["GET"]}}],"collection":[{"href":"https:\/\/sockenseite.de\/wordpress\/wp-json\/wp\/v2\/posts"}],"about":[{"href":"https:\/\/sockenseite.de\/wordpress\/wp-json\/wp\/v2\/types\/post"}],"author":[{"embeddable":true,"href":"https:\/\/sockenseite.de\/wordpress\/wp-json\/wp\/v2\/users\/2"}],"replies":[{"embeddable":true,"href":"https:\/\/sockenseite.de\/wordpress\/wp-json\/wp\/v2\/comments?post=4618"}],"version-history":[{"count":0,"href":"https:\/\/sockenseite.de\/wordpress\/wp-json\/wp\/v2\/posts\/4618\/revisions"}],"wp:featuredmedia":[{"embeddable":true,"href":"https:\/\/sockenseite.de\/wordpress\/wp-json\/wp\/v2\/media\/4619"}],"wp:attachment":[{"href":"https:\/\/sockenseite.de\/wordpress\/wp-json\/wp\/v2\/media?parent=4618"}],"wp:term":[{"taxonomy":"category","embeddable":true,"href":"https:\/\/sockenseite.de\/wordpress\/wp-json\/wp\/v2\/categories?post=4618"},{"taxonomy":"post_tag","embeddable":true,"href":"https:\/\/sockenseite.de\/wordpress\/wp-json\/wp\/v2\/tags?post=4618"}],"curies":[{"name":"wp","href":"https:\/\/api.w.org\/{rel}","templated":true}]}}