{"id":4498,"date":"2021-10-27T00:53:43","date_gmt":"2021-10-26T22:53:43","guid":{"rendered":"https:\/\/sockenseite.de\/wordpress\/?p=4498"},"modified":"2021-11-03T12:53:00","modified_gmt":"2021-11-03T11:53:00","slug":"wie-ein-flugzeugabsturz-in-zeitlupe","status":"publish","type":"post","link":"https:\/\/sockenseite.de\/wordpress\/2021\/10\/27\/wie-ein-flugzeugabsturz-in-zeitlupe\/","title":{"rendered":"Wie ein Flugzeugabsturz in Zeitlupe"},"content":{"rendered":"\n<h2 class=\"wp-block-heading\">TLDR<\/h2>\n\n\n\n<figure class=\"wp-block-embed is-type-rich is-provider-twitter wp-block-embed-twitter\"><div class=\"wp-block-embed__wrapper\">\n<blockquote class=\"twitter-tweet\" data-width=\"550\" data-dnt=\"true\"><p lang=\"de\" dir=\"ltr\">Wie ein Flugzeugabsturz in Zeitlupe<br>&#8211; vorhersehbare Entwicklung:<br><br>-\u2197\ufe0fFallzahlen bei\ud83e\udd76Temperatur<br>-\u2197\ufe0f\u00dcbertragbarkeit von <a href=\"https:\/\/twitter.com\/hashtag\/Delta?src=hash&amp;ref_src=twsrc%5Etfw\">#Delta<\/a><br>-\ud83e\udd27Kinder als Pandemie Treiber<br>-\ud83d\udd25Beschleunigung ohne <a href=\"https:\/\/twitter.com\/hashtag\/Quarant%C3%A4ne?src=hash&amp;ref_src=twsrc%5Etfw\">#Quarant\u00e4ne<\/a><br>-\ud83c\udf87durch Wegfall der <a href=\"https:\/\/twitter.com\/hashtag\/Maskenpflicht?src=hash&amp;ref_src=twsrc%5Etfw\">#Maskenpflicht<\/a><br><br>Blogbeitrag von <a href=\"https:\/\/twitter.com\/die_socke?ref_src=twsrc%5Etfw\">@die_socke<\/a><a href=\"https:\/\/t.co\/QwM6GM6ffO\">https:\/\/t.co\/QwM6GM6ffO<\/a><\/p>&mdash; BlackHeroe (@BlackHeroeKS) <a href=\"https:\/\/twitter.com\/BlackHeroeKS\/status\/1454140912762773515?ref_src=twsrc%5Etfw\">October 29, 2021<\/a><\/blockquote><script async src=\"https:\/\/platform.twitter.com\/widgets.js\" charset=\"utf-8\"><\/script>\n<\/div><\/figure>\n\n\n\n<h2 class=\"wp-block-heading\">Fassungslosigkeit<\/h2>\n\n\n\n<p>Wenn ich die aktuellen Entwicklungen betrachte, f\u00fchle ich nichts als Fassungslosigkeit.<\/p>\n\n\n\n<p>Weil alles so deutlich vorhersehbar ist:<\/p>\n\n\n\n<ul class=\"wp-block-list\"><li>die steigenden Fallzahlen bei <a href=\"https:\/\/orf.at\/stories\/3233149\/\">sinkenden Temperaturen<\/a>,<\/li><li>die deutlich <a href=\"https:\/\/www.aerzteblatt.de\/nachrichten\/126034\/US-Gesundheitsbehoerde-Delta-Variante-so-ansteckend-wie-Windpocken-trotz-Impfung\">erh\u00f6hte \u00dcbertragbarkeit von Delta<\/a> bei gleichzeitigem <a href=\"https:\/\/www.nature.com\/articles\/s41586-021-03944-y\">Sinken des Impfschutzes<\/a>,<\/li><li>die Rolle der Kinder, bei denen jetzt nicht mal mehr die Schwurbler leugnen k\u00f6nnen, dass sie <a href=\"https:\/\/sockenseite.de\/wordpress\/2021\/07\/09\/treibzeit\/\" data-type=\"post\" data-id=\"3888\">Treiber der Pandemie<\/a> sind,<\/li><li>die Brandbeschleunigung durch <a href=\"https:\/\/sockenseite.de\/wordpress\/2021\/09\/13\/quarantaene-welche-quarantaene\/\" data-type=\"post\" data-id=\"4318\">Quasi-Abschaffung der Quarant\u00e4ne<\/a> <\/li><li><s>die<\/s> das zus\u00e4tzliche \u00d6l ins Feuer durch den <a href=\"https:\/\/sockenseite.de\/wordpress\/2021\/08\/25\/was-macht-sars-cov-2-mit-unseren-kindern\/#kinder_schuetzen_fehlanzeige\">Wegfall der Maskenpflicht<\/a>.<\/li><\/ul>\n\n\n\n<p>Alles das war absehbar, weil <a href=\"https:\/\/www.ndr.de\/nachrichten\/info\/coronaskript332.pdf\">die Wissenschaft geliefert hat<\/a>. Wir wissen bereits so viel \u00fcber SARS-CoV-2. \u00dcber Aerosole. \u00dcber Escape-Mutationen. \u00dcber R-Wert, K\u00e4sescheiben und Nicht Pharmazeutische Interventionen.<\/p>\n\n\n\n<p>Wir wissen, dass es unter den vielen kollosalen Schei\u00dfideen der Politik mittlerweile inzidenzbasierte Evidenz daf\u00fcr gibt, dass das Weglassen von Masken in mit Dutzenden ungeimpften Personen \u00fcberf\u00fcllten Innenr\u00e4umen die kollosalste Schei\u00dfidee ist.<\/p>\n\n\n\n<p>Wir sehen es an den Fallzahlen. Wir sehen es an v\u00f6llig vermeidbaren schweren Verl\u00e4ufen bei Ungeimpften. Wir sehen es an Impfdurchbr\u00fcchen. Wir sehen es durch Ausbr\u00fcche in 3G-, aber auch 2G-Situationen, deren Teilnehmer sich in v\u00f6llig falscher Sicherheit w\u00e4gten, weil die Politik kollektiv zu doof ist, simpelste wissenschaftliche Zusammenh\u00e4nge zu begreifen.<sup><a href=\"#footnote_1_4498\" id=\"identifier_1_4498\" class=\"footnote-link footnote-identifier-link\" title=\"Ist kommunal &uuml;brigens genau so wie auf Ministerebene.\">1<\/a><\/sup> Und wir sehen es an durch s\u00e4mtliche Decken auf einmal steigenden Fallzahlen in den schulpflichtigen Jahrg\u00e4ngen.<\/p>\n\n\n\n<ul class=\"wp-block-list\"><li>Fakt 1: Auch Geimpfte k\u00f6nnen sich anstecken.<\/li><li>Fakt 2: Auch Geimpfte k\u00f6nnen andere anstecken.<\/li><li>Fakt 3: Je h\u00f6her die Inzidenz ist, desto h\u00e4ufiger werden Fakt 1 und 2 bewiesen.<\/li><\/ul>\n\n\n\n<p>Aber die Politik hat doch versprochen, dass Geimpfte nicht mehr erkranken und sich daher nicht mehr testen lassen m\u00fcssen.  Ja. Hat sie.<sup><a href=\"#footnote_2_4498\" id=\"identifier_2_4498\" class=\"footnote-link footnote-identifier-link\" title=\"Wie auch: &bdquo;Wir k&ouml;nnen die Alten sch&uuml;tzen.&ldquo; &bdquo;Es wird keine Impfpflicht geben.&ldquo; &bdquo;Jedem wird bis zum Herbst ein Impfangebot gemacht werden k&ouml;nnen.&ldquo; &bdquo;Schnelltests erlauben mehr Freiheiten f&uuml;r alle.&ldquo; &bdquo;Geimpfte stecken sich nicht mehr an.&ldquo; &bdquo;Die pandemische Lage von nationaler Bedeutung ist zu Ende.&ldquo; Protipp: Maul nicht zu weit aufrei&szlig;en, wenn man bestimmte Dinge nicht beeinflussen kann.\">2<\/a><\/sup> Weil sie zu doof f\u00fcr <a href=\"https:\/\/sockenseite.de\/wordpress\/2021\/08\/04\/hashtag-aermelhoch\/#impfnotwendigkeit\">wissenschaftliche Grundlagen<\/a> ist. Zu Versprechen hat die gesch\u00e4tzte <a href=\"https:\/\/twitter.com\/CiesekSandra\">Sandra Ciesek<\/a> \u00fcbrigens <a href=\"https:\/\/www.ndr.de\/nachrichten\/info\/coronaskript336.pdf\">eine Menge Money Quotes<\/a> im <a href=\"https:\/\/www.ndr.de\/nachrichten\/info\/Ciesek-im-Corona-Podcast-Wir-waehnen-uns-in-falscher-Sicherheit,coronavirusupdate212.html\">aktuellen NDR-Corona-Update<\/a> geliefert. Vor allem dieses hier:<\/p>\n\n\n\n<blockquote class=\"wp-block-quote is-layout-flow wp-block-quote-is-layout-flow\"><p>Ich wei\u00df, das Versprechen der Politik war, dass die Geimpften das nicht mehr machen m\u00fcssen. Es geht ja aber auch gar nicht nur um Versprechen, sondern um Vernunft.<\/p><cite>Sandra Ciesek<\/cite><\/blockquote>\n\n\n\n<h2 class=\"wp-block-heading\">Vernunft<\/h2>\n\n\n\n<p>Ach ja. <a href=\"https:\/\/twitter.com\/kaffeecup\/status\/1453447939842576384\">Vernunft<\/a> w\u00fcrde auch zum Beispiel dazu f\u00fchren, dass man Menschen weiter zu Abst\u00e4nden anh\u00e4lt und Masken nicht als verzichtbar erkl\u00e4rt, damit auch <a href=\"https:\/\/sockenseite.de\/wordpress\/2021\/08\/25\/was-macht-sars-cov-2-mit-unseren-kindern\/#kinder_schuetzen_fehlanzeige\">Kinder weiter gesch\u00fctzt<\/a> werden. Aber da ja <a href=\"https:\/\/twitter.com\/Pflegestimme\/status\/1413459424245600257\">Kinder offenbar nicht existieren<\/a>, wird ja denen, die seit anderthalb Jahren umfassend auf Freunde und Spa\u00df verzichten und wenn \u00fcberhaupt nur sehr dosiert genie\u00dfen k\u00f6nnen, einfach mal ein <a href=\"https:\/\/twitter.com\/search?q=%23Infektionsangebot&amp;f=live\">Infektionsangebot<\/a> gemacht.<\/p>\n\n\n\n<figure class=\"wp-block-embed is-type-rich is-provider-twitter wp-block-embed-twitter\"><div class=\"wp-block-embed__wrapper\">\n<blockquote class=\"twitter-tweet\" data-width=\"550\" data-dnt=\"true\"><p lang=\"de\" dir=\"ltr\"><a href=\"https:\/\/twitter.com\/hashtag\/Lanz?src=hash&amp;ref_src=twsrc%5Etfw\">#Lanz<\/a> 6.7.21 <a href=\"https:\/\/twitter.com\/DrJanaSchroeder?ref_src=twsrc%5Etfw\">@DrJanaSchroeder<\/a>:<br><br>\ud83d\udccc Irritierend\u26a0\ufe0f: Kinder haben sich solidarisch verhalten + jetzt wird quasi d. Solidarit\u00e4t d. Generationenvertrages aufgek\u00fcndigt, wenn alle Erwachsenen Impfangebot bekommen haben\u203c\ufe0f<br><br>\ud83d\udccc Es gibt nur noch Entscheidung: Infiziert oder geimpft!<br><br>2\/5\u2193 <a href=\"https:\/\/t.co\/1XnFzaEwXz\">pic.twitter.com\/1XnFzaEwXz<\/a><\/p>&mdash; NoCovid \ud83c\udde9\ud83c\uddea \ud83c\uddea\ud83c\uddfa \ud83c\udf0d YesToNoCovid (@nocovid_de) <a href=\"https:\/\/twitter.com\/nocovid_de\/status\/1412698310666862596?ref_src=twsrc%5Etfw\">July 7, 2021<\/a><\/blockquote><script async src=\"https:\/\/platform.twitter.com\/widgets.js\" charset=\"utf-8\"><\/script>\n<\/div><\/figure>\n\n\n\n<p>Gestern endeten die Herbstferien in NRW.  Da in Grundschulen nicht direkt mit Schnelltests gestartet wird, <a href=\"https:\/\/sockenseite.de\/wordpress\/2021\/10\/08\/test-test\/\" data-type=\"post\" data-id=\"4420\">riefen wir als Schulpflegschaft die Eltern dazu auf<\/a>, die Kids am Wochenende vor dem Schulstart testen zu lassen.<sup><a href=\"#footnote_3_4498\" id=\"identifier_3_4498\" class=\"footnote-link footnote-identifier-link\" title=\"Bei einer Kultusministerin mit wenigstens infinitisemaler Lernkurve w&auml;re dies nach Fallh&auml;ufungen nach den Sommerferien 2020, den Herbstferien 2020, den Weihnachtsferien 2020\/2021, den Osterferien 2021 und den Sommerferien 2021 Voraussetzung f&uuml;r die R&uuml;ckkehr an die Schule.  Da ist selbst die CoronaSchutzVO NRW weiter: Wer als nicht immunisierte Person f&uuml;nf Tage oder l&auml;nger vom Betrieb wegbleibt, muss sich testen lassen.\">3<\/a><\/sup><\/p>\n\n\n\n<p>Damit nicht wie nach dem Sommerferien gleich mit quarant\u00e4nebedingtem Unterrichtsausfall begonnen wird. Und? Die Parallelklasse beginnt gleich mit quarant\u00e4nebedingtem Unterrichtsausfall.<sup><a href=\"#footnote_4_4498\" id=\"identifier_4_4498\" class=\"footnote-link footnote-identifier-link\" title=\"Wenn man Eltern h&ouml;rt, die sagen, dass ihr Kind ja sicher negativ sei, weil die Tests vor &uuml;ber einer Woche in der Ferienbetreuung in der OGS ja alle negativ waren, ist man aber eher unterrascht.\">4<\/a><\/sup> Ist anderswo wohl \u00e4hnlich:<\/p>\n\n\n\n<figure class=\"wp-block-embed is-type-rich is-provider-twitter wp-block-embed-twitter\"><div class=\"wp-block-embed__wrapper\">\n<blockquote class=\"twitter-tweet\" data-width=\"550\" data-dnt=\"true\"><p lang=\"de\" dir=\"ltr\">Juhu! Alle Pooltests in der Klasse des Sohnes sind positiv!\ud83e\udd2c\ud83e\udd2c\ud83e\udd2c\ud83e\udd2c\ud83e\udd2c\ud83e\udd2c \u00dcberraschend, so direkt nach den Ferien. \ud83d\ude10<\/p>&mdash; \ud83d\udda4stolzer_Zwillingspapa\ud83d\udda4 (@x4c4c) <a href=\"https:\/\/twitter.com\/x4c4c\/status\/1452861549752762370?ref_src=twsrc%5Etfw\">October 26, 2021<\/a><\/blockquote><script async src=\"https:\/\/platform.twitter.com\/widgets.js\" charset=\"utf-8\"><\/script>\n<\/div><\/figure>\n\n\n\n<p>\u00dcbrigens: In Zeiten von Niedriginzidenz ist es ressourcensparende Cleverness, die Klassentests zu poolen. Dann muss zwar bei positiven Tests die ganze Klasse geschlossen einen Tag zuhause bleiben und einen neuen Test machen , aber das kommt selten vor und belastet daher nur gering. In Hochinzidenzphasen ist dies, \u00e4hem, anders:<\/p>\n\n\n\n<figure class=\"wp-block-embed is-type-rich is-provider-twitter wp-block-embed-twitter\"><div class=\"wp-block-embed__wrapper\">\n<blockquote class=\"twitter-tweet\" data-width=\"550\" data-dnt=\"true\"><p lang=\"de\" dir=\"ltr\">Pooltests bei Niedriginzidenz sparen Ressourcen. Pooltests bei Hochinzidenz f\u00fchrt nur dazu, dass Infektionsketten langsamer erkannt und somit langsamer unterbrochen werden k\u00f6nnen und mehr Ressourcen verbraucht werden.<br><br>Kann man machen. Ist aber eine Schei\u00dfidee. <a href=\"https:\/\/t.co\/j1XeAoKHdZ\">https:\/\/t.co\/j1XeAoKHdZ<\/a><\/p>&mdash; Oliver Ding #NoCovid #TeamKinderschutz (@die_socke) <a href=\"https:\/\/twitter.com\/die_socke\/status\/1453090057737416713?ref_src=twsrc%5Etfw\">October 26, 2021<\/a><\/blockquote><script async src=\"https:\/\/platform.twitter.com\/widgets.js\" charset=\"utf-8\"><\/script>\n<\/div><\/figure>\n\n\n\n<h2 class=\"wp-block-heading\">Herbst<\/h2>\n\n\n\n<p>Die politischen Entscheider werden in der Zwischenzeit davon \u00fcberrascht, dass mit dem Herbst die Temperaturen sinken und die Wahrscheinlichkeit von Ansteckungen in Innenr\u00e4umen gr\u00f6\u00dfer wird.<sup><a href=\"#footnote_5_4498\" id=\"identifier_5_4498\" class=\"footnote-link footnote-identifier-link\" title=\"Wenn jemand von denen jemals wieder eigene Kompetenz behauptet, bitte auslachen.\">5<\/a><\/sup> Und weil die Regierung Laschet gerade nach dem grandiosen Scheitern des Mister Kompetenz an der Wahlurne quasi handlungsunf\u00e4hig ist<sup><a href=\"#footnote_6_4498\" id=\"identifier_6_4498\" class=\"footnote-link footnote-identifier-link\" title=\"Apropos unf&auml;hig: Der beste Mann, den sich die NRW-CDU aus der Arschritze ziehen konnte, ist ein offen korrupter Sonnyboy. Tja.\">6<\/a><\/sup>, hindert offenbar nicht mal die Realit\u00e4t das Kultusministerium daran, die Maskenpflicht in den Schulen Anfang November zu kippen.<sup><a href=\"#footnote_7_4498\" id=\"identifier_7_4498\" class=\"footnote-link footnote-identifier-link\" title=\"Meine Tochter wird weiterhin mit FFP2-Maske zur Schule gehen. Anderswo sollen Lehrer Eltern gedr&auml;ngt haben, auf die Maske zu verzichten, weil das den Kindern Angst mache. Oder vielleicht, weil das den Kindern die vorliegende, nicht durch politische Schnapsideen verschwindend Gef&auml;hrdung bewusst macht.\">7<\/a><\/sup><\/p>\n\n\n\n<figure class=\"wp-block-embed is-type-rich is-provider-twitter wp-block-embed-twitter\"><div class=\"wp-block-embed__wrapper\">\n<blockquote class=\"twitter-tweet\" data-width=\"550\" data-dnt=\"true\"><p lang=\"de\" dir=\"ltr\">Erinnert Ihr Euch noch, dass wir mal dachten, es sei absurd, Maskenpflicht bei 35er Inzidenz aufzuheben? <br>Einige Bundesl\u00e4nder machen das f\u00fcr die Kinder gerade bei Inzidenzen zwischen 500 und 1000. <a href=\"https:\/\/t.co\/OjdBK5xCNn\">https:\/\/t.co\/OjdBK5xCNn<\/a><\/p>&mdash; Philipp S. Holstein (@PSHolstein) <a href=\"https:\/\/twitter.com\/PSHolstein\/status\/1452920505577639945?ref_src=twsrc%5Etfw\">October 26, 2021<\/a><\/blockquote><script async src=\"https:\/\/platform.twitter.com\/widgets.js\" charset=\"utf-8\"><\/script>\n<\/div><\/figure>\n\n\n\n<p>Man erkennt \u00fcbrigens an der Inzidenz der Altersgruppe 5-14 gut, welche L\u00e4nder noch Maskenpflicht im Unterricht haben. Lila ist doch schick. Oder?<\/p>\n\n\n\n<figure class=\"wp-block-image size-large\"><a href=\"https:\/\/semohr.github.io\/risikogebiete_deutschland\/\"><img loading=\"lazy\" decoding=\"async\" width=\"710\" height=\"1024\" src=\"https:\/\/sockenseite.de\/wordpress\/wp-content\/uploads\/2021\/10\/20211027_003443-710x1024.jpg\" alt=\"\" class=\"wp-image-4505\" srcset=\"https:\/\/sockenseite.de\/wordpress\/wp-content\/uploads\/2021\/10\/20211027_003443-710x1024.jpg 710w, https:\/\/sockenseite.de\/wordpress\/wp-content\/uploads\/2021\/10\/20211027_003443-208x300.jpg 208w, https:\/\/sockenseite.de\/wordpress\/wp-content\/uploads\/2021\/10\/20211027_003443-768x1108.jpg 768w, https:\/\/sockenseite.de\/wordpress\/wp-content\/uploads\/2021\/10\/20211027_003443-1065x1536.jpg 1065w, https:\/\/sockenseite.de\/wordpress\/wp-content\/uploads\/2021\/10\/20211027_003443.jpg 1125w\" sizes=\"auto, (max-width: 710px) 100vw, 710px\" \/><\/a><figcaption>Inzidenz der Altersgruppe 5-14 am 25.10.2021, Screenshot von <a href=\"https:\/\/semohr.github.io\/risikogebiete_deutschland\/\">https:\/\/semohr.github.io\/risikogebiete_deutschland\/<\/a><\/figcaption><\/figure>\n\n\n\n<p>Die f\u00fcr Euch offenbar irrelevante <a href=\"https:\/\/piratenpartei.de\/\">Kleinpartei<\/a> fordert denn auch mal penetrant sinnvolles Handeln ein. Ich zitiere mal die gesch\u00e4tzte Sandra Leurs:<\/p>\n\n\n\n<blockquote class=\"wp-block-quote is-layout-flow wp-block-quote-is-layout-flow\"><p>Maskenpflicht im Unterricht kann und darf nicht ausgesetzt werden.<\/p><p>Wir brauchen Wege,  um die Kinderdurchseuchung aufzuhalten. Abst\u00e4nde, Luftfilter, Plexiglasscheiben, Hybridunterricht mit geteilten Klassen, die einen in der Schule, die anderen im Homeschooling w\u00e4ren dringend angeraten.<\/p><cite>Sandra Leurs<\/cite><\/blockquote>\n\n\n\n<figure class=\"wp-block-image size-full\"><img loading=\"lazy\" decoding=\"async\" width=\"1024\" height=\"576\" src=\"https:\/\/sockenseite.de\/wordpress\/wp-content\/uploads\/2021\/10\/20211026_230419.jpg\" alt=\"Maskenpflicht im Unterricht kann und darf nicht ausgesetzt werden.\nWir brauchen Wege,  um die Kinderdurchseuchung aufzuhalten. Abst\u00e4nde, Luftfilter, Plexiglasscheiben, Hybridunterricht mit geteilten Klassen, die einen in der Schule, die anderen im Homeschooling w\u00e4ren dringend angeraten.\n\nSandra Leurs\" class=\"wp-image-4499\" srcset=\"https:\/\/sockenseite.de\/wordpress\/wp-content\/uploads\/2021\/10\/20211026_230419.jpg 1024w, https:\/\/sockenseite.de\/wordpress\/wp-content\/uploads\/2021\/10\/20211026_230419-300x169.jpg 300w, https:\/\/sockenseite.de\/wordpress\/wp-content\/uploads\/2021\/10\/20211026_230419-768x432.jpg 768w, https:\/\/sockenseite.de\/wordpress\/wp-content\/uploads\/2021\/10\/20211026_230419-800x450.jpg 800w\" sizes=\"auto, (max-width: 1024px) 100vw, 1024px\" \/><\/figure>\n\n\n\n<h2 class=\"wp-block-heading\">Kinder haben ein Recht auf Schutz<\/h2>\n\n\n\n<p>Aber warum denn? Covid-19 ist doch f\u00fcr die meisten Kinder harmlos. Nein, selbst an der harmlosen Krankheit sterben Kinder. In UK sind bislang 96 Kids an Corona gestorben, in Deutschland <a href=\"https:\/\/de.statista.com\/statistik\/daten\/studie\/1104173\/umfrage\/todesfaelle-aufgrund-des-coronavirus-in-deutschland-nach-geschlecht\/#professional\">mittlerweile 30<\/a>.<\/p>\n\n\n\n<figure class=\"wp-block-image size-large\"><a href=\"https:\/\/de.statista.com\/statistik\/daten\/studie\/1104173\/umfrage\/todesfaelle-aufgrund-des-coronavirus-in-deutschland-nach-geschlecht\/#professional\"><img loading=\"lazy\" decoding=\"async\" width=\"1024\" height=\"573\" src=\"https:\/\/sockenseite.de\/wordpress\/wp-content\/uploads\/2021\/10\/image-1024x573.png\" alt=\"\" class=\"wp-image-4551\" srcset=\"https:\/\/sockenseite.de\/wordpress\/wp-content\/uploads\/2021\/10\/image-1024x573.png 1024w, https:\/\/sockenseite.de\/wordpress\/wp-content\/uploads\/2021\/10\/image-300x168.png 300w, https:\/\/sockenseite.de\/wordpress\/wp-content\/uploads\/2021\/10\/image-768x430.png 768w, https:\/\/sockenseite.de\/wordpress\/wp-content\/uploads\/2021\/10\/image.png 1206w\" sizes=\"auto, (max-width: 1024px) 100vw, 1024px\" \/><\/a><figcaption><a href=\"https:\/\/de.statista.com\/statistik\/daten\/studie\/1104173\/umfrage\/todesfaelle-aufgrund-des-coronavirus-in-deutschland-nach-geschlecht\/#professional\">Todesf\u00e4lle in Zusammenhang mit dem Coronavirus (COVID-19) in Deutschland nach Alter und Geschlecht<\/a> <em>(Stand: 21. Oktober 2021)<\/em><\/figcaption><\/figure>\n\n\n\n<p>Auch hierzulande drohen die Zahlen weiter zu steigen. Gerade auch, wenn die Kinder-Intensivstationen gerade <a href=\"https:\/\/www1.wdr.de\/nachrichten\/kinderkliniken-nrw-atemwegserkrankung-rs-virus-100.html\">wegen RSV-Infektionen<\/a> voll sind.<sup><a href=\"#footnote_8_4498\" id=\"identifier_8_4498\" class=\"footnote-link footnote-identifier-link\" title=\"Die sind &uuml;brigens nicht wegen der Pandemie dieses Jahr besonders schlimm. Die sind f&uuml;r immunologisch naive Kleinkinder immer schlimm, obwohl es gerade f&uuml;r Risikokinder bereits M&ouml;glichkeiten zur passiven Immunisierung mit Palivizumab gibt, was auch die Leitlinie empfiehlt.\">8<\/a><\/sup> Und die Uni Dresden hat jetzt <a href=\"https:\/\/www.aerzteblatt.de\/archiv\/219754\/SARS-CoV-2-Long-COVID-in-der-Paediatrie\">belegt<\/a>, dass auch Kinder an schweren Folgeerscheinungen einer Infektion mit SARS-CoV-2 wie chronischer Fatigue, Brain Fog oder Belastungsst\u00f6rungen erkranken. Fast ebenso oft wie Erwachsene.<\/p>\n\n\n\n<figure class=\"wp-block-embed is-type-rich is-provider-twitter wp-block-embed-twitter\"><div class=\"wp-block-embed__wrapper\">\n<blockquote class=\"twitter-tweet\" data-width=\"550\" data-dnt=\"true\"><p lang=\"de\" dir=\"ltr\">26 % der jugendlichen Hospitalisierten k\u00e4mpfen mit Restsch\u00e4den nach Covid des ZNS, auch mit sehr schweren L\u00e4hmungen des K\u00f6rpers und Verlust von Sprache. (MDR, exakt, 20.10.21).<\/p>&mdash; \ud83c\udf83 Replace FFP3 (@kohortenmische) <a href=\"https:\/\/twitter.com\/kohortenmische\/status\/1453050298109411331?ref_src=twsrc%5Etfw\">October 26, 2021<\/a><\/blockquote><script async src=\"https:\/\/platform.twitter.com\/widgets.js\" charset=\"utf-8\"><\/script>\n<\/div><\/figure>\n\n\n\n<p>In Bayern laufen <a href=\"https:\/\/twitter.com\/KinderdocNina\/status\/1452965789468872706\">nach den Intensivstationen f\u00fcr die Kinder<\/a> jetzt <a href=\"https:\/\/www.ovb-heimatzeitungen.de\/rosenheim-region\/2021\/10\/25\/intensivstationen-laufen-voll.ovb\">auch die normalen Intensivstationen<\/a> \u00fcber, aber die Staatsregierung sieht noch keinen Handlungsbedarf, weil ja die Krankenhausampel &#8222;noch gr\u00fcn&#8220; sei. <a href=\"https:\/\/twitter.com\/KatjesHansen\/status\/1452981013827686410\">Was immer das aussagt.<\/a><\/p>\n\n\n\n<figure class=\"wp-block-embed is-type-rich is-provider-twitter wp-block-embed-twitter\"><div class=\"wp-block-embed__wrapper\">\n<blockquote class=\"twitter-tweet\" data-width=\"550\" data-dnt=\"true\"><p lang=\"de\" dir=\"ltr\">Trotz der alarmierenden Zahlen in <a href=\"https:\/\/twitter.com\/hashtag\/Bayern?src=hash&amp;ref_src=twsrc%5Etfw\">#Bayern<\/a> hat das Kabinett der bay. Staatsregierung heute beschlossen nichts zu tun, um den Anstieg der <a href=\"https:\/\/twitter.com\/hashtag\/Corona?src=hash&amp;ref_src=twsrc%5Etfw\">#Corona<\/a>-Fallzahlen zu stoppen: die (v\u00f6llig untaugliche) Krankenhausampel \u201esei ja noch gr\u00fcn.\u201c<\/p>&mdash; Thomas Pettinger #YesToNoCovid (@KI_in_med) <a href=\"https:\/\/twitter.com\/KI_in_med\/status\/1452966500990603268?ref_src=twsrc%5Etfw\">October 26, 2021<\/a><\/blockquote><script async src=\"https:\/\/platform.twitter.com\/widgets.js\" charset=\"utf-8\"><\/script>\n<\/div><\/figure>\n\n\n\n<figure class=\"wp-block-embed is-type-rich is-provider-twitter wp-block-embed-twitter\"><div class=\"wp-block-embed__wrapper\">\n<blockquote class=\"twitter-tweet\" data-width=\"550\" data-dnt=\"true\"><p lang=\"de\" dir=\"ltr\">&quot;Aber die Krankenhausampel steht doch auf gr\u00fcn!!!1!&quot; <a href=\"https:\/\/t.co\/3o3H2qa86X\">https:\/\/t.co\/3o3H2qa86X<\/a><\/p>&mdash; AG Gesundheit+Pflege (@Pflegestimme) <a href=\"https:\/\/twitter.com\/Pflegestimme\/status\/1453055598216482816?ref_src=twsrc%5Etfw\">October 26, 2021<\/a><\/blockquote><script async src=\"https:\/\/platform.twitter.com\/widgets.js\" charset=\"utf-8\"><\/script>\n<\/div><\/figure>\n\n\n\n<p>Und die Luftfilter, die der Rat Leverkusen <a href=\"https:\/\/piratenpartei-leverkusen.de\/2020\/11\/antrag-bildungabersicher-2-lueftungsanlagen-nach-plaenen-des-max-planck-instituts\/\">nach mehr als einem halben Jahr Dr\u00e4ngen, Werben und Bitten<\/a> <a href=\"https:\/\/piratenpartei-leverkusen.de\/2021\/06\/grosse-mehrheit-fuer-gesundheitsschutz-unserer-kinder\/\">endlich angenommen<\/a> hatte, kommen jetzt erst <a href=\"https:\/\/mobil.ksta.de\/region\/leverkusen\/stadt-leverkusen\/leverkusen-vergibt-auftrag-luftfilter-fuer-schulen-kommen-erst-ab-ende-november-39083994\">Ende November bis Mitte Dezember<\/a>.<sup><a href=\"#footnote_9_4498\" id=\"identifier_9_4498\" class=\"footnote-link footnote-identifier-link\" title=\"Sooooo zeitig.\">9<\/a><\/sup> Das will ich dann nicht mal mehr mit Humor nehmen.<sup><a href=\"#footnote_10_4498\" id=\"identifier_10_4498\" class=\"footnote-link footnote-identifier-link\" title=\"Na gut, weil ihr es seid: https:\/\/twitter.com\/Der_Waeller\/status\/1453094962975985668.\">10<\/a><\/sup><\/p>\n\n\n\n<h2 class=\"wp-block-heading\">Zeitspiel<\/h2>\n\n\n\n<p>Umso unbegreiflicher ist dies alles, weil doch die Zulassung des Impfstoffs f\u00fcr die 5-11-j\u00e4hrigen nur noch eine Sache von Wochen, vielleicht Tagen ist. In den USA hat die zust\u00e4ndige Kommission der FDA, das Advisory Committee, den Impfstoff von Biontech f\u00fcr diese Altersgruppe einstimmig zur Zulassung empfohlen.<\/p>\n\n\n\n<figure class=\"wp-block-embed is-type-rich is-provider-twitter wp-block-embed-twitter\"><div class=\"wp-block-embed__wrapper\">\n<blockquote class=\"twitter-tweet\" data-width=\"550\" data-dnt=\"true\"><p lang=\"de\" dir=\"ltr\">FDA VRBAC approves Pfizer COVID-19 vaccine EUA for ages 5-11, 17-0 with 1 abstention.<\/p>&mdash; Michael Love (@elkmovie) <a href=\"https:\/\/twitter.com\/elkmovie\/status\/1453093381400313856?ref_src=twsrc%5Etfw\">October 26, 2021<\/a><\/blockquote><script async src=\"https:\/\/platform.twitter.com\/widgets.js\" charset=\"utf-8\"><\/script>\n<\/div><\/figure>\n\n\n\n<p>Es gibt also doch noch gute Nachrichten in dieser Woche.<\/p>\n\n\n\n<p>Europa, lass uns jetzt nicht h\u00e4ngen. Wenn die Amis das k\u00f6nnen, kann das die <a href=\"https:\/\/www.ema.europa.eu\/en\/news\/ema-starts-evaluating-use-covid-19-vaccine-comirnaty-children-aged-5-11\">EMA<\/a> hoffentlich auch.<sup><a href=\"#footnote_11_4498\" id=\"identifier_11_4498\" class=\"footnote-link footnote-identifier-link\" title=\"Das mit den &bdquo;couple of months&ldquo; &uuml;berlese ich jetzt einfach mal. Das kann und muss sehr offensichtlich sehr viel schneller gehen.\">11<\/a><\/sup><\/p>\n<ol class=\"footnotes\"><li id=\"footnote_1_4498\" class=\"footnote\">Ist kommunal \u00fcbrigens genau so wie auf Ministerebene.<span class=\"footnote-back-link-wrapper\">[<a href=\"#identifier_1_4498\" class=\"footnote-link footnote-back-link\">&#8617;<\/a>]<\/span><\/li><li id=\"footnote_2_4498\" class=\"footnote\">Wie auch: &#8222;Wir k\u00f6nnen die Alten sch\u00fctzen.&#8220; &#8222;Es wird keine Impfpflicht geben.&#8220; &#8222;Jedem wird bis zum Herbst ein Impfangebot gemacht werden k\u00f6nnen.&#8220; &#8222;Schnelltests erlauben mehr Freiheiten f\u00fcr alle.&#8220; &#8222;Geimpfte stecken sich nicht mehr an.&#8220; &#8222;Die pandemische Lage von nationaler Bedeutung ist zu Ende.&#8220; Protipp: Maul nicht zu weit aufrei\u00dfen, wenn man bestimmte Dinge nicht beeinflussen kann.<span class=\"footnote-back-link-wrapper\">[<a href=\"#identifier_2_4498\" class=\"footnote-link footnote-back-link\">&#8617;<\/a>]<\/span><\/li><li id=\"footnote_3_4498\" class=\"footnote\">Bei einer Kultusministerin mit wenigstens infinitisemaler Lernkurve w\u00e4re dies nach Fallh\u00e4ufungen nach den Sommerferien 2020, den Herbstferien 2020, den Weihnachtsferien 2020\/2021, den Osterferien 2021 und den Sommerferien 2021 Voraussetzung f\u00fcr die R\u00fcckkehr an die Schule.  Da ist selbst die <a href=\"https:\/\/www.mags.nrw\/sites\/default\/files\/asset\/document\/211018_coronaschvo_ab_19.10.2021_lesefassung.pdf\">CoronaSchutzVO NRW<\/a> weiter: Wer als nicht immunisierte Person f\u00fcnf Tage oder l\u00e4nger vom Betrieb wegbleibt, muss sich testen lassen.<span class=\"footnote-back-link-wrapper\">[<a href=\"#identifier_3_4498\" class=\"footnote-link footnote-back-link\">&#8617;<\/a>]<\/span><\/li><li id=\"footnote_4_4498\" class=\"footnote\">Wenn man Eltern h\u00f6rt, die sagen, dass ihr Kind ja sicher negativ sei, weil die Tests vor \u00fcber einer Woche in der Ferienbetreuung in der OGS ja alle negativ waren, ist man aber eher unterrascht.<span class=\"footnote-back-link-wrapper\">[<a href=\"#identifier_4_4498\" class=\"footnote-link footnote-back-link\">&#8617;<\/a>]<\/span><\/li><li id=\"footnote_5_4498\" class=\"footnote\">Wenn jemand von denen jemals wieder eigene Kompetenz behauptet, bitte auslachen.<span class=\"footnote-back-link-wrapper\">[<a href=\"#identifier_5_4498\" class=\"footnote-link footnote-back-link\">&#8617;<\/a>]<\/span><\/li><li id=\"footnote_6_4498\" class=\"footnote\">Apropos unf\u00e4hig: Der beste Mann, den sich die NRW-CDU aus der Arschritze ziehen konnte, ist ein <a href=\"https:\/\/www.fr.de\/politik\/armin-laschet-nachfolger-nrw-ministerpraesident-hendrik-wuest-bundestagswahl-kanzlerkandidat-news-91032994.html\">offen korrupter Sonnyboy<\/a>. <a href=\"https:\/\/twitter.com\/ErnstvAll\/status\/1453367883019571208\">Tja<\/a>.<span class=\"footnote-back-link-wrapper\">[<a href=\"#identifier_6_4498\" class=\"footnote-link footnote-back-link\">&#8617;<\/a>]<\/span><\/li><li id=\"footnote_7_4498\" class=\"footnote\">Meine Tochter wird weiterhin mit FFP2-Maske zur Schule gehen. Anderswo sollen Lehrer Eltern gedr\u00e4ngt haben, auf die Maske zu verzichten, weil das den Kindern Angst mache. Oder vielleicht, weil das den Kindern die vorliegende, nicht durch politische Schnapsideen verschwindend Gef\u00e4hrdung bewusst macht.<span class=\"footnote-back-link-wrapper\">[<a href=\"#identifier_7_4498\" class=\"footnote-link footnote-back-link\">&#8617;<\/a>]<\/span><\/li><li id=\"footnote_8_4498\" class=\"footnote\">Die sind \u00fcbrigens nicht wegen der Pandemie dieses Jahr besonders schlimm. Die sind f\u00fcr immunologisch naive Kleinkinder <a href=\"https:\/\/twitter.com\/die_vom\/status\/1452527583783014402\">immer schlimm<\/a>, obwohl es gerade f\u00fcr Risikokinder bereits M\u00f6glichkeiten zur passiven Immunisierung mit Palivizumab gibt, was auch die <a href=\"https:\/\/www.awmf.org\/leitlinien\/detail\/ll\/048-012.html\">Leitlinie<\/a> empfiehlt.<span class=\"footnote-back-link-wrapper\">[<a href=\"#identifier_8_4498\" class=\"footnote-link footnote-back-link\">&#8617;<\/a>]<\/span><\/li><li id=\"footnote_9_4498\" class=\"footnote\">Sooooo zeitig.<span class=\"footnote-back-link-wrapper\">[<a href=\"#identifier_9_4498\" class=\"footnote-link footnote-back-link\">&#8617;<\/a>]<\/span><\/li><li id=\"footnote_10_4498\" class=\"footnote\">Na gut, weil ihr es seid: <a href=\"https:\/\/twitter.com\/Der_Waeller\/status\/1453094962975985668\">https:\/\/twitter.com\/Der_Waeller\/status\/1453094962975985668<\/a>.<span class=\"footnote-back-link-wrapper\">[<a href=\"#identifier_10_4498\" class=\"footnote-link footnote-back-link\">&#8617;<\/a>]<\/span><\/li><li id=\"footnote_11_4498\" class=\"footnote\">Das mit den <a href=\"https:\/\/www.ema.europa.eu\/en\/news\/ema-starts-evaluating-use-covid-19-vaccine-comirnaty-children-aged-5-11\">&#8222;couple of months&#8220;<\/a> \u00fcberlese ich jetzt einfach mal. Das kann und muss sehr offensichtlich sehr viel schneller gehen.<span class=\"footnote-back-link-wrapper\">[<a href=\"#identifier_11_4498\" class=\"footnote-link footnote-back-link\">&#8617;<\/a>]<\/span><\/li><\/ol>","protected":false},"excerpt":{"rendered":"<p>TLDR Fassungslosigkeit Wenn ich die aktuellen Entwicklungen betrachte, f\u00fchle ich nichts als Fassungslosigkeit. Weil alles so deutlich vorhersehbar ist: die steigenden Fallzahlen bei&hellip;<\/p>\n","protected":false},"author":1,"featured_media":4508,"comment_status":"open","ping_status":"open","sticky":false,"template":"","format":"standard","meta":{"_bluesky_dont_syndicate":"","_bluesky_syndication_accounts":"","_bluesky_syndication_text":"","footnotes":""},"categories":[13,21,22,10],"tags":[507,643,514,165,520,579,578,557,642,508],"class_list":["post-4498","post","type-post","status-publish","format-standard","has-post-thumbnail","hentry","category-aufreger","category-pflege-und-gesundheit","category-politik-und-gesellschaft","category-wissenschaft-und-forschung","tag-bildungabersicher","tag-coronaschutzvo","tag-coronavirus","tag-gesundheit","tag-impfung","tag-kinder-und-jugendliche","tag-longcovid","tag-persoenliche-schutzausruestung","tag-quarantaene","tag-schulen"],"_links":{"self":[{"href":"https:\/\/sockenseite.de\/wordpress\/wp-json\/wp\/v2\/posts\/4498","targetHints":{"allow":["GET"]}}],"collection":[{"href":"https:\/\/sockenseite.de\/wordpress\/wp-json\/wp\/v2\/posts"}],"about":[{"href":"https:\/\/sockenseite.de\/wordpress\/wp-json\/wp\/v2\/types\/post"}],"author":[{"embeddable":true,"href":"https:\/\/sockenseite.de\/wordpress\/wp-json\/wp\/v2\/users\/1"}],"replies":[{"embeddable":true,"href":"https:\/\/sockenseite.de\/wordpress\/wp-json\/wp\/v2\/comments?post=4498"}],"version-history":[{"count":0,"href":"https:\/\/sockenseite.de\/wordpress\/wp-json\/wp\/v2\/posts\/4498\/revisions"}],"wp:featuredmedia":[{"embeddable":true,"href":"https:\/\/sockenseite.de\/wordpress\/wp-json\/wp\/v2\/media\/4508"}],"wp:attachment":[{"href":"https:\/\/sockenseite.de\/wordpress\/wp-json\/wp\/v2\/media?parent=4498"}],"wp:term":[{"taxonomy":"category","embeddable":true,"href":"https:\/\/sockenseite.de\/wordpress\/wp-json\/wp\/v2\/categories?post=4498"},{"taxonomy":"post_tag","embeddable":true,"href":"https:\/\/sockenseite.de\/wordpress\/wp-json\/wp\/v2\/tags?post=4498"}],"curies":[{"name":"wp","href":"https:\/\/api.w.org\/{rel}","templated":true}]}}