{"id":4359,"date":"2020-11-02T22:05:00","date_gmt":"2020-11-02T21:05:00","guid":{"rendered":"https:\/\/sockenseite.de\/wordpress\/?p=4359"},"modified":"2021-11-04T13:44:25","modified_gmt":"2021-11-04T12:44:25","slug":"ich-bin-dann-mal-sachkundig","status":"publish","type":"post","link":"https:\/\/sockenseite.de\/wordpress\/2020\/11\/02\/ich-bin-dann-mal-sachkundig\/","title":{"rendered":"Ich bin dann mal sachkundig"},"content":{"rendered":"\n<p>Der Rat der Stadt Leverkusen hat heute die <a href=\"http:\/\/ris.leverkusen.de\/vo0050.asp?__kvonr=7501&amp;voselect=1262\">Bildung der Fachaussch\u00fcsse des Rates der Stadt Leverkusen<\/a> gem\u00e4\u00df <a href=\"http:\/\/ris.leverkusen.de\/getfile.asp?id=113248&amp;type=do\">Anlage<\/a> beschlossen. Ich vertrete die <a href=\"https:\/\/sockenseite.de\/wordpress\/tag\/ratsgruppe-die-linke\/\">Ratsgruppe Die LINKE<\/a> im <a href=\"https:\/\/sockenseite.de\/wordpress\/tag\/schulausschuss\/\">Schulausschuss<\/a>. Und werde auch hier davon regelm\u00e4\u00dfig berichten. Hashtag auf Twitter ist \u00fcbrigens <a href=\"https:\/\/twitter.com\/search?q=%23schlev\">#SchLev<\/a>.<\/p>\n","protected":false},"excerpt":{"rendered":"<p>Der Rat der Stadt Leverkusen hat heute die Bildung der Fachaussch\u00fcsse des Rates der Stadt Leverkusen gem\u00e4\u00df Anlage beschlossen. Ich vertrete die Ratsgruppe&hellip;<\/p>\n","protected":false},"author":1,"featured_media":4360,"comment_status":"open","ping_status":"open","sticky":false,"template":"","format":"standard","meta":{"_bluesky_dont_syndicate":"","_bluesky_syndication_accounts":"","_bluesky_syndication_text":"","footnotes":""},"categories":[22,11],"tags":[510,209,641,218,294,586,564],"class_list":["post-4359","post","type-post","status-publish","format-standard","has-post-thumbnail","hentry","category-politik-und-gesellschaft","category-zwischendurch","tag-bildung","tag-kandidatur","tag-kommunalpolitik","tag-kommunalwahl","tag-piraten","tag-ratsgruppe-die-linke","tag-schulausschuss"],"_links":{"self":[{"href":"https:\/\/sockenseite.de\/wordpress\/wp-json\/wp\/v2\/posts\/4359","targetHints":{"allow":["GET"]}}],"collection":[{"href":"https:\/\/sockenseite.de\/wordpress\/wp-json\/wp\/v2\/posts"}],"about":[{"href":"https:\/\/sockenseite.de\/wordpress\/wp-json\/wp\/v2\/types\/post"}],"author":[{"embeddable":true,"href":"https:\/\/sockenseite.de\/wordpress\/wp-json\/wp\/v2\/users\/1"}],"replies":[{"embeddable":true,"href":"https:\/\/sockenseite.de\/wordpress\/wp-json\/wp\/v2\/comments?post=4359"}],"version-history":[{"count":0,"href":"https:\/\/sockenseite.de\/wordpress\/wp-json\/wp\/v2\/posts\/4359\/revisions"}],"wp:featuredmedia":[{"embeddable":true,"href":"https:\/\/sockenseite.de\/wordpress\/wp-json\/wp\/v2\/media\/4360"}],"wp:attachment":[{"href":"https:\/\/sockenseite.de\/wordpress\/wp-json\/wp\/v2\/media?parent=4359"}],"wp:term":[{"taxonomy":"category","embeddable":true,"href":"https:\/\/sockenseite.de\/wordpress\/wp-json\/wp\/v2\/categories?post=4359"},{"taxonomy":"post_tag","embeddable":true,"href":"https:\/\/sockenseite.de\/wordpress\/wp-json\/wp\/v2\/tags?post=4359"}],"curies":[{"name":"wp","href":"https:\/\/api.w.org\/{rel}","templated":true}]}}