{"id":3888,"date":"2021-07-09T17:15:00","date_gmt":"2021-07-09T15:15:00","guid":{"rendered":"https:\/\/sockenseite.de\/wordpress\/?p=3888"},"modified":"2021-07-09T18:04:29","modified_gmt":"2021-07-09T16:04:29","slug":"treibzeit","status":"publish","type":"post","link":"https:\/\/sockenseite.de\/wordpress\/2021\/07\/09\/treibzeit\/","title":{"rendered":"Treibzeit"},"content":{"rendered":"\n<p>Seit Anfang der Pandemie wird von den Schwurblern und ihren Freunden immer wieder vorgebetet, dass Kinder beim Infektionsgeschehen keine Rolle spielen. Sie seien &#8222;keine Treiber der Pandemie&#8220;. Das war immer schon <a href=\"https:\/\/sockenseite.de\/wordpress\/2021\/04\/01\/epidemisches-vorbeireden\/\">Ablenkung<\/a>. <\/p>\n\n\n\n<h2 class=\"wp-block-heading\">Die Gutenberg-Covid-Studie der Uni Mainz<\/h2>\n\n\n\n<p>So hat jetzt eine <a href=\"https:\/\/www.unimedizin-mainz.de\/gcs\/uebersicht.html\">gro\u00dfe Covid-Studie der Uni-Medizin Mainz<\/a> Ansteckungswege untersucht und in der Pressemitteilung platziert, dass sich Kinder und Jugendliche sich weniger an Corona anstecken w\u00fcrden. In der Studie wurden aber keine Personen untersucht, die j\u00fcnger als 25 Jahre alt waren. Diese Studie taugt also nicht mal als Altpapier. <sup><a href=\"#footnote_1_3888\" id=\"identifier_1_3888\" class=\"footnote-link footnote-identifier-link\" title=\"Wenn sich jemand auf die Mainzer Studie beruft und behauptet, dass die ja belegt h&auml;tten, Kinder seien keine Pandemietreiber, darf man lauthals auslachen. Das ist f&uuml;rwahr &bdquo;&uuml;berraschend&bdquo;.\">1<\/a><\/sup><\/p>\n\n\n\n<p>Was sagen sie denn?<\/p>\n\n\n\n<blockquote class=\"wp-block-quote is-layout-flow wp-block-quote-is-layout-flow\"><p>Kinder stellten hingegen kein erh\u00f6htes Infektionsrisiko dar, sagte Wild weiter, musste aber einr\u00e4umen: Schulen und Kitas seien in der Studie nicht untersucht worden, <strong>Personen unter 25 Jahren waren nicht unter den Probanden<\/strong>. Das habe auch organisatorische Gr\u00fcnde gehabt, sagte Wild, \u201eunser Studienbudget war endlich.&#8220;<\/p><cite><a href=\"https:\/\/mainzund.de\/mainzer-gutenberg-covid-19-studie-findet-40-prozent-dunkelziffer-bei-corona-infektionen-abstand-und-maske-wirken\/\">Mainzer Gutenberg Covid-19-Studie findet 40 Prozent Dunkelziffer bei Corona-Infektionen \u2013 Abstand und Maske wirken<\/a><\/cite><\/blockquote>\n\n\n\n<p>Sie sagen \u00fcbrigens noch etwas, was bei entsprechender Kenntnis von Grundrechenarten h\u00e4tte erhellen k\u00f6nnen.<\/p>\n\n\n\n<blockquote class=\"wp-block-quote is-layout-flow wp-block-quote-is-layout-flow\"><p>In der Gutenberg-Covid-19-Studie nahm die Wahrscheinlichkeit einer Infektion allerdings zu, <strong>je mehr Kinder im Haushalt vorhanden waren<\/strong> \u2013 oder je mehr Personen in einem Haushalt zusammenlebten. Menschen in prek\u00e4ren Wohnsituationen besuchten \u00fcbrigens seltener gro\u00dfe Versammlungen und trugen im Schnitt sogar an mehr Stunden eine Maske als Teilnehmer der anderen Gruppe, zudem desinfizierten sie sich auch h\u00e4ufiger die H\u00e4nde \u2013 wom\u00f6glich aus gesundheitlichen Gr\u00fcnden.<\/p><cite><a href=\"https:\/\/mainzund.de\/mainzer-gutenberg-covid-19-studie-findet-40-prozent-dunkelziffer-bei-corona-infektionen-abstand-und-maske-wirken\/\">Mainzer Gutenberg Covid-19-Studie findet 40 Prozent Dunkelziffer bei Corona-Infektionen \u2013 Abstand und Maske wirken<\/a><\/cite><\/blockquote>\n\n\n\n<p>Die Gleichung geht also so: Mehr Kinder zuhause = h\u00f6heres Ansteckungsrisiko im Haushalt. Mehr Kinder in der Kita oder in der Schule = kein erh\u00f6htes Infektionsrisiko.<\/p>\n\n\n\n<p>Dazu geh\u00f6rt Chuzpe. Allerdings ist eine Aussage nat\u00fcrlich richtig: Die sozio\u00f6konomische Gruppe, in der mehr Kinder im Haushalt leben, ist statistisch gesehen dadurch gef\u00e4hrdeter, dass dort m\u00f6glicherweise aufgrund von sprachlicher Einschr\u00e4nkungen die Regeln nicht verstanden werden und\/oder in Jobs bearbeitet wird, in denen eher gefahrvolle Situationen bestehen, und Kontakte zu anderen Personen bestehen, auf die beides ebenfalls zutrifft.<\/p>\n\n\n\n<h2 class=\"wp-block-heading\">&#8222;Treiber der Pandemie&#8220;<\/h2>\n\n\n\n<p>Funfact: Der Begriff <a href=\"https:\/\/www.ndr.de\/nachrichten\/info\/74-Coronavirus-Update-Durststrecke-mindestens-bis-Ostern,podcastcoronavirus284.html#Treiber\">&#8222;Treiber der Pandemie&#8220;<\/a> wurde immer gemeinsam mit dem Wort &#8222;kein&#8220; verwendet, um den Anteil der Kinder an den Infektionen kleinzureden. Wissenschaftler wiesen seit anderthalb Jahren darauf hin, dass ALLE Menschen die Pandemie durch Kontakt treiben, weil ALLE Menschen immunologisch naiv ist. Dies war der Unterschied zur Influenza, wo dies v.a. auf die Kinder zutrifft und Epidemien v.a. in Schulen und Kitas mal eben so durchrauschen.<\/p>\n\n\n\n<p>Jetzt aber, wo die Erwachsenen zunehmend durchgeimpft sind, wird sich das Infektionsgeschehen massiv auf Schulen und Kitas verschieben, weil eben bei den Erwachsenen die Infektionsketten bei den Geimpften eher zum Stopp kommen. Je l\u00e4nger man Kindern den Schutz vorenth\u00e4lt, desto stimmiger wird der Begriff der Treiber der Pandemie. Und mit etwas Pech entwickelt sich in der anzunehmenden Hochinzidenzphase auch noch eine Variante, gegen die die Impfungen dann gar nicht mehr helfen.<\/p>\n\n\n\n<p>Fast das gesamte letzte Jahr gab es keinen zugelassenen Impfstoff f\u00fcr alle. Daher waren auch alle Treiber der Pandemie, wenn sie sich nicht an die Kontaktbeschr\u00e4nkungen bzw. erforderlichen Schutzma\u00dfnahmen hielten. Alle waren immunologisch naiv und konnten nicht anders gesch\u00fctzt werden. Je mehr aber Erwachsene geimpft werden, desto gr\u00f6\u00dfer wird der Anteil der Kinder an der Pandemie.<\/p>\n\n\n\n<p>Mit steigender Zahl der Geimpften sollte die Inzidenz in den immunologisch noch nicht gesch\u00fctzten Gruppen viel st\u00e4rker beachtet werden. Kinder haben 1,5 Jahre f\u00fcr Erwachsene verzichtet, jetzt ist mal andersherum dran.<\/p>\n\n\n\n<figure class=\"wp-block-embed is-type-rich is-provider-twitter wp-block-embed-twitter\"><div class=\"wp-block-embed__wrapper\">\n<blockquote class=\"twitter-tweet\" data-width=\"550\" data-dnt=\"true\"><p lang=\"de\" dir=\"ltr\">Ein Ende der Ma\u00dfnahmen, wenn allen Menschen ein Impfangebot gemacht wurde? Kinder sind \u00fcbrigens auch Menschen. Also behaltet mal sch\u00f6n die Maske auf und haltet Abst\u00e4nde ein.  <a href=\"https:\/\/twitter.com\/hashtag\/ProtectTheKids?src=hash&amp;ref_src=twsrc%5Etfw\">#ProtectTheKids<\/a> <a href=\"https:\/\/twitter.com\/hashtag\/YesToNoCovid?src=hash&amp;ref_src=twsrc%5Etfw\">#YesToNoCovid<\/a>  <a href=\"https:\/\/twitter.com\/hashtag\/LuftfilterJetzt?src=hash&amp;ref_src=twsrc%5Etfw\">#LuftfilterJetzt<\/a> <a href=\"https:\/\/t.co\/L5yU9Tz2na\">https:\/\/t.co\/L5yU9Tz2na<\/a><\/p>&mdash; AG Gesundheit+Pflege (@Pflegestimme) <a href=\"https:\/\/twitter.com\/Pflegestimme\/status\/1413459424245600257?ref_src=twsrc%5Etfw\">July 9, 2021<\/a><\/blockquote><script async src=\"https:\/\/platform.twitter.com\/widgets.js\" charset=\"utf-8\"><\/script>\n<\/div><\/figure>\n\n\n\n<p>Kind k\u00f6nnen n\u00e4mlich gar nichts f\u00fcr die Situation, die von Politik und r\u00fccksichtslosen Erwachsenen herbeigef\u00fchrt wurde. Die Lage n\u00e4hert sich immer mehr der bei Influenza an, weil die erwachsene Bev\u00f6lkerung zunehmend nicht mehr immunologisch naiv ist. Das ist ja bisher der Unterschied gewesen, weil sich SARS-CoV-2 bei ALLEN epidemisch ausbreiten konnte. Jetzt gibt es durch die Impfung bei den Erwachsenen zunehmen Endpunkte der Infektionsketten, w\u00e4hrend es bei den im Stich gelassenen Kindern keine oder <a href=\"https:\/\/sockenseite.de\/wordpress\/2021\/03\/22\/wir-werden-covid-19-nicht-los-indem-wir-schulen-und-kita-ungeschuetzt-offen-halten\/\">so gut wie keine immunologische Gegenwehr<\/a> gibt.<\/p>\n\n\n\n<figure class=\"wp-block-embed is-type-rich is-provider-twitter wp-block-embed-twitter\"><div class=\"wp-block-embed__wrapper\">\n<blockquote class=\"twitter-tweet\" data-width=\"550\" data-dnt=\"true\"><p lang=\"de\" dir=\"ltr\">529.027 laborbest\u00e4tigte SARS-CoV-2-F\u00e4lle im Alter von null bis 18 Jahren, davon 262.677 F\u00e4lle oder 73 Prozent symptomatisch. Sie machen ca. 15% der Bev\u00f6lkerung aus, stellen aber 20% der nachgewiesenen F\u00e4lle. Aber Kinder sind doch keine Pandemietreiber!!!1<a href=\"https:\/\/t.co\/z5phd3woYR\">https:\/\/t.co\/z5phd3woYR<\/a><\/p>&mdash; AG Gesundheit+Pflege (@Pflegestimme) <a href=\"https:\/\/twitter.com\/Pflegestimme\/status\/1413055781935755266?ref_src=twsrc%5Etfw\">July 8, 2021<\/a><\/blockquote><script async src=\"https:\/\/platform.twitter.com\/widgets.js\" charset=\"utf-8\"><\/script>\n<\/div><\/figure>\n\n\n\n<h2 class=\"wp-block-heading\">Wie Politik Kinder ignoriert<\/h2>\n\n\n\n<p>Aktuell h\u00e4ufen sich politische Forderungen nach einem baldigen Ende der Ma\u00dfnahmen. As if <a href=\"https:\/\/www.deutschlandfunk.de\/coronavirus-wie-gefaehrlich-ist-die-delta-variante.2897.de.html\">Delta<\/a> never happened. Besonders absto\u00dfend sind dabei Aussagen wie von Bundesau\u00dfenminister Maas<sup><a href=\"#footnote_2_3888\" id=\"identifier_2_3888\" class=\"footnote-link footnote-identifier-link\" title=\"Was ja das Amt ist, wo man sich mit inneren Angelegenheiten und Medizin besonders gut auskennen muss\">2<\/a><\/sup>: <\/p>\n\n\n\n<blockquote class=\"wp-block-quote is-layout-flow wp-block-quote-is-layout-flow\"><p><strong>Bundesau\u00dfenminister&nbsp;Heiko Maas&nbsp;(SPD)&nbsp;<\/strong>hat sich f\u00fcr eine Aufhebung aller Corona-Einschr\u00e4nkungen ausgesprochen, sobald alle Menschen in Deutschland ein Impfangebot bekommen haben. \u201eDamit ist im Laufe des August zu rechnen\u201c, sagte Maas der Deutschen Presse-Agentur und der \u201eS\u00fcddeutschen Zeitung\u201c. \u201eWenn alle Menschen in Deutschland ein Impfangebot haben, gibt es rechtlich und politisch keine Rechtfertigung mehr f\u00fcr irgendeine Einschr\u00e4nkung.\u201c<\/p><cite><a href=\"https:\/\/www.tagesspiegel.de\/politik\/nach-impfangebot-fuer-alle-maas-plaediert-fuer-baldiges-ende-aller-beschraenkungen\/27395542.html\">Maas pl\u00e4diert f\u00fcr baldiges Ende aller Beschr\u00e4nkungen<\/a><\/cite><\/blockquote>\n\n\n\n<p>Kinder sind also keine Menschen. Das muss man sich mal auf der Zunge zergehen lassen.<\/p>\n\n\n\n<figure class=\"wp-block-image size-large\"><img loading=\"lazy\" decoding=\"async\" width=\"710\" height=\"1000\" src=\"https:\/\/sockenseite.de\/wordpress\/wp-content\/uploads\/2021\/07\/Heute-lernen-dass-wir-nicht-zaehlen.jpg\" alt=\"\" class=\"wp-image-3889\" srcset=\"https:\/\/sockenseite.de\/wordpress\/wp-content\/uploads\/2021\/07\/Heute-lernen-dass-wir-nicht-zaehlen.jpg 710w, https:\/\/sockenseite.de\/wordpress\/wp-content\/uploads\/2021\/07\/Heute-lernen-dass-wir-nicht-zaehlen-213x300.jpg 213w\" sizes=\"auto, (max-width: 710px) 100vw, 710px\" \/><\/figure>\n\n\n\n<p>Was passiert denn, wenn jetzt Delta durch die \u00d6ffnungen \u00fcberall so richtig Schwung holen kann? Gucken wir nach England:<\/p>\n\n\n\n<figure class=\"wp-block-embed is-type-rich is-provider-twitter wp-block-embed-twitter\"><div class=\"wp-block-embed__wrapper\">\n<blockquote class=\"twitter-tweet\" data-width=\"550\" data-dnt=\"true\"><p lang=\"en\" dir=\"ltr\">Child COVID hospital admissions are rising faster in Wave 3 (delta variant) than in Wave 2.<br><br>Wave 2 started Sept 2020, Wave 3 mid-May 2021 <a href=\"https:\/\/t.co\/GTlXXnck8J\">pic.twitter.com\/GTlXXnck8J<\/a><\/p>&mdash; James Neill \uea00 \u2260 \ud835\udd4f (@jneill) <a href=\"https:\/\/twitter.com\/jneill\/status\/1413429361773006849?ref_src=twsrc%5Etfw\">July 9, 2021<\/a><\/blockquote><script async src=\"https:\/\/platform.twitter.com\/widgets.js\" charset=\"utf-8\"><\/script>\n<\/div><\/figure>\n\n\n\n<figure class=\"wp-block-embed is-type-rich is-provider-twitter wp-block-embed-twitter\"><div class=\"wp-block-embed__wrapper\">\n<blockquote class=\"twitter-tweet\" data-width=\"550\" data-dnt=\"true\"><p lang=\"de\" dir=\"ltr\">Auch so ein Twist, den mein Hirn einfach nicht verarbeiten kann: Die denken, man kann mit Infektionen Bundestagswahlen <a href=\"https:\/\/twitter.com\/hashtag\/BTW2021?src=hash&amp;ref_src=twsrc%5Etfw\">#BTW2021<\/a> gewinnen &#8211; mit Infektionen von Kindern.<\/p>&mdash; KFL \ud83d\udd4a\ufe0f\ud83e\udd0d\ud83d\udd4a\ufe0f (@KFL3011) <a href=\"https:\/\/twitter.com\/KFL3011\/status\/1413446843174850569?ref_src=twsrc%5Etfw\">July 9, 2021<\/a><\/blockquote><script async src=\"https:\/\/platform.twitter.com\/widgets.js\" charset=\"utf-8\"><\/script>\n<\/div><\/figure>\n\n\n\n<figure class=\"wp-block-embed is-type-rich is-provider-twitter wp-block-embed-twitter\"><div class=\"wp-block-embed__wrapper\">\nhttps:\/\/twitter.com\/PSHolstein\/status\/1413242760841338880\n<\/div><\/figure>\n\n\n\n<h2 class=\"wp-block-heading\">Luftfilter JETZT!<\/h2>\n\n\n\n<p>Es bleibt dabei: Wir brauchen mehr <a href=\"https:\/\/twitter.com\/kaffeecup\/status\/1413499901103656963\">Schutz f\u00fcr die Kids<\/a>. Und da sind wir mal wieder bei den Luftfiltern. Nachdem wir uns in Leverkusen <a href=\"https:\/\/piratenpartei-leverkusen.de\/tag\/bildungabersicher\">ein Jahr lang den Mund fusselig geredet<\/a> haben, hat der Stadtrat mittlerweile <a href=\"https:\/\/levpirat.uber.space\/2021\/06\/grosse-mehrheit-fuer-gesundheitsschutz-unserer-kinder\/\">beschlossen<\/a>, alle Schulklassen und Kitagruppenr\u00e4ume mit mobilen Luftfiltern auszustatten. Und die <a href=\"https:\/\/luftfilterjetzt.de\/\">Petition<\/a> habt Ihr hoffentlich alle schon unterschrieben.<\/p>\n\n\n\n<figure class=\"wp-block-embed is-type-rich is-provider-twitter wp-block-embed-twitter\"><div class=\"wp-block-embed__wrapper\">\n<blockquote class=\"twitter-tweet\" data-width=\"550\" data-dnt=\"true\"><p lang=\"de\" dir=\"ltr\">Der <a href=\"https:\/\/twitter.com\/hashtag\/RatLev?src=hash&amp;ref_src=twsrc%5Etfw\">#RatLev<\/a> will den Gesundheitsschutz f\u00fcr Kinder in der Pandemie verbessern. Danke an die Ratsgruppe, dass sie unseren Antrag so \u00fcberzeugend nahegebracht haben. <a href=\"https:\/\/t.co\/tlUiZGrxgF\">https:\/\/t.co\/tlUiZGrxgF<\/a> <a href=\"https:\/\/twitter.com\/hashtag\/ProtectTheKids?src=hash&amp;ref_src=twsrc%5Etfw\">#ProtectTheKids<\/a> <a href=\"https:\/\/twitter.com\/hashtag\/LuftfilterJetzt?src=hash&amp;ref_src=twsrc%5Etfw\">#LuftfilterJetzt<\/a> <a href=\"https:\/\/twitter.com\/hashtag\/BildungAberSicher?src=hash&amp;ref_src=twsrc%5Etfw\">#BildungAberSicher<\/a> <a href=\"https:\/\/t.co\/zQw10VeC33\">pic.twitter.com\/zQw10VeC33<\/a><\/p>&mdash; PIRATEN Leverkusen (@PIRATEN_Lev) <a href=\"https:\/\/twitter.com\/PIRATEN_Lev\/status\/1409521263589142528?ref_src=twsrc%5Etfw\">June 28, 2021<\/a><\/blockquote><script async src=\"https:\/\/platform.twitter.com\/widgets.js\" charset=\"utf-8\"><\/script>\n<\/div><\/figure>\n\n\n\n<p>Die grunds\u00e4tzliche Luftverbesserung unserer Kitas ist ein Nebenprodukt der Senkung des Infektionsrisikos. Da sehr viele Erreger in den Kitas \u00fcber Aerosole \u00fcbertragen werden, werden durch die Ma\u00dfnahmen zur Reduzierung SARS-CoV-2-Aerosolen auch andere Aerosole verringert.<\/p>\n\n\n\n<blockquote class=\"wp-block-quote is-layout-flow wp-block-quote-is-layout-flow\"><p><strong>Raumluftreiniger sind eine L\u00f6sung etwa f\u00fcr Schulen und B\u00fcros<\/strong><br>Als Ergebnis der wissenschaftlichen Untersuchungen steht fest, dass Raumluftreiniger mit gro\u00dfem Volumenstrom und hochwertigen Filtern der Klasse H14 eine sehr sinnvolle technische L\u00f6sung sind, um in Schulen, B\u00fcros, Gesch\u00e4ften, Wartezimmern, Gemeinde- und Vereinsh\u00e4usern, Aufenthalts- und Essensr\u00e4umen etc. die indirekte Infektionsgefahr durch Aerosole stark zu verringern. Sie k\u00f6nnen aber auch in Geb\u00e4uden mit raumlufttechnischen Anlagen unterst\u00fctzend eingesetzt werden, in denen Menschen zusammenstehen (Wartebereich) und gemeinsam arbeiten oder in denen aufgrund der Arbeitslast viel Aerosol ausgesto\u00dfen wird, etwa Fitnessstudios.<\/p><p><strong>Mund-Nasen-Schutz ist dennoch notwendig<\/strong><br>Raumluftreiniger sind somit geeignete Werkzeuge, um dem indirekten Infektionsrisiko durch eine Kontamination im Raum zu begegnen, aber es ist zu beachten, dass sie das direkte Infektionsrisiko, das durch direktes Anhusten oder beim langen Unterhalten \u00fcber kurze Distanz erfolgen kann, nicht verringern k\u00f6nnen. Es ist daher auch mit Raumluftfiltern wichtig, auf ausreichend gro\u00dfe Abst\u00e4nde zu anderen Personen zu achten und Mund-Nasen-Bedeckungen oder partikelfiltrierende Atemschutzmasken zu tragen, damit neben der indirekten Infektion durch angereicherte Aerosole im Raum auch eine direkte Infektion \u00fcber kurze Distanzen durch Anhusten oder l\u00e4ngere Gespr\u00e4che sicher vermieden werden kann.<\/p><cite><a href=\"https:\/\/www.unibw.de\/home\/news-rund-um-corona\/corona-infektionsgefahr-in-raeumen\">Infektionsgefahr in R\u00e4umen: Studie zu Raumluftreinigern<\/a><\/cite><\/blockquote>\n\n\n\n<p>Und deswegen ist die Anschaffung von Luftfiltern auch keine Einmal-Investition, die am Ende der Pandemie nicht mehr notwendig ist. Luftfilter helfen dauerhaft dabei, Infektionen vorzubeugen und durch die Verbesserung der Luftqualit\u00e4t die Konzentrationsf\u00e4higkeit der Sch\u00fcler zu steigern.<\/p>\n\n\n\n<p>Und noch was<sup><a href=\"#footnote_3_3888\" id=\"identifier_3_3888\" class=\"footnote-link footnote-identifier-link\" title=\"Hat hiermit zu tun.\">3<\/a><\/sup>:<\/p>\n\n\n\n<figure class=\"wp-block-embed is-type-rich is-provider-twitter wp-block-embed-twitter\"><div class=\"wp-block-embed__wrapper\">\n<blockquote class=\"twitter-tweet\" data-width=\"550\" data-dnt=\"true\"><p lang=\"de\" dir=\"ltr\">Der LEB NRW interessiert sich weiterhin nicht f\u00fcr die Gefahren, die den Kindern in der Betreuung drohen. Es gibt dort keinen Hauch von Forderung nach Luftfiltern oder gar der m\u00f6glichst schnellen Impfung der Kinder nach Freigabe eines Impfstoffs. <br><br>Kann auch weg, das Gremium.<\/p>&mdash; Oliver Ding \ud83d\udcef (@die_socke) <a href=\"https:\/\/twitter.com\/die_socke\/status\/1413144625640996868?ref_src=twsrc%5Etfw\">July 8, 2021<\/a><\/blockquote><script async src=\"https:\/\/platform.twitter.com\/widgets.js\" charset=\"utf-8\"><\/script>\n<\/div><\/figure>\n<ol class=\"footnotes\"><li id=\"footnote_1_3888\" class=\"footnote\">Wenn sich jemand auf die Mainzer Studie beruft und behauptet, dass die ja belegt h\u00e4tten, Kinder seien keine Pandemietreiber, darf man lauthals auslachen. Das ist f\u00fcrwahr &#8222;<a href=\"https:\/\/www.tagesschau.de\/inland\/gesellschaft\/corona-studie-mainz-101.html\">\u00fcberraschend<\/a>&#8222;.<span class=\"footnote-back-link-wrapper\">[<a href=\"#identifier_1_3888\" class=\"footnote-link footnote-back-link\">&#8617;<\/a>]<\/span><\/li><li id=\"footnote_2_3888\" class=\"footnote\">Was ja das Amt ist, wo man sich mit inneren Angelegenheiten und Medizin besonders gut auskennen muss<span class=\"footnote-back-link-wrapper\">[<a href=\"#identifier_2_3888\" class=\"footnote-link footnote-back-link\">&#8617;<\/a>]<\/span><\/li><li id=\"footnote_3_3888\" class=\"footnote\">Hat <a href=\"https:\/\/sockenseite.de\/wordpress\/2021\/04\/22\/raus\/\">hiermit<\/a> zu tun.<span class=\"footnote-back-link-wrapper\">[<a href=\"#identifier_3_3888\" class=\"footnote-link footnote-back-link\">&#8617;<\/a>]<\/span><\/li><\/ol>","protected":false},"excerpt":{"rendered":"<p>Seit Anfang der Pandemie wird von den Schwurblern und ihren Freunden immer wieder vorgebetet, dass Kinder beim Infektionsgeschehen keine Rolle spielen. Sie seien&hellip;<\/p>\n","protected":false},"author":1,"featured_media":3890,"comment_status":"open","ping_status":"open","sticky":false,"template":"","format":"standard","meta":{"_bluesky_dont_syndicate":"","_bluesky_syndication_accounts":"","_bluesky_syndication_text":"","footnotes":""},"categories":[13,21,22],"tags":[588,514,165,579,587,508],"class_list":["post-3888","post","type-post","status-publish","format-standard","has-post-thumbnail","hentry","category-aufreger","category-pflege-und-gesundheit","category-politik-und-gesellschaft","tag-aerosole","tag-coronavirus","tag-gesundheit","tag-kinder-und-jugendliche","tag-luftfilter","tag-schulen"],"_links":{"self":[{"href":"https:\/\/sockenseite.de\/wordpress\/wp-json\/wp\/v2\/posts\/3888","targetHints":{"allow":["GET"]}}],"collection":[{"href":"https:\/\/sockenseite.de\/wordpress\/wp-json\/wp\/v2\/posts"}],"about":[{"href":"https:\/\/sockenseite.de\/wordpress\/wp-json\/wp\/v2\/types\/post"}],"author":[{"embeddable":true,"href":"https:\/\/sockenseite.de\/wordpress\/wp-json\/wp\/v2\/users\/1"}],"replies":[{"embeddable":true,"href":"https:\/\/sockenseite.de\/wordpress\/wp-json\/wp\/v2\/comments?post=3888"}],"version-history":[{"count":0,"href":"https:\/\/sockenseite.de\/wordpress\/wp-json\/wp\/v2\/posts\/3888\/revisions"}],"wp:featuredmedia":[{"embeddable":true,"href":"https:\/\/sockenseite.de\/wordpress\/wp-json\/wp\/v2\/media\/3890"}],"wp:attachment":[{"href":"https:\/\/sockenseite.de\/wordpress\/wp-json\/wp\/v2\/media?parent=3888"}],"wp:term":[{"taxonomy":"category","embeddable":true,"href":"https:\/\/sockenseite.de\/wordpress\/wp-json\/wp\/v2\/categories?post=3888"},{"taxonomy":"post_tag","embeddable":true,"href":"https:\/\/sockenseite.de\/wordpress\/wp-json\/wp\/v2\/tags?post=3888"}],"curies":[{"name":"wp","href":"https:\/\/api.w.org\/{rel}","templated":true}]}}