{"id":3739,"date":"2021-04-03T23:57:41","date_gmt":"2021-04-03T21:57:41","guid":{"rendered":"https:\/\/sockenseite.de\/wordpress\/?p=3739"},"modified":"2021-04-04T17:48:10","modified_gmt":"2021-04-04T15:48:10","slug":"let-it-bevki","status":"publish","type":"post","link":"https:\/\/sockenseite.de\/wordpress\/2021\/04\/03\/let-it-bevki\/","title":{"rendered":"Let it BEVKi"},"content":{"rendered":"\n<p>Ich wei\u00df nicht, was die gew\u00e4hlten Elternvertreter in Deutschland aktuell reitet, aber jetzt haben Sie wieder beim Optimieren gegen sinnvolle Ma\u00dfnahmen den Vogel abgeschossen: <a href=\"https:\/\/www.bevki.de\/teststrategie-bei-kindern\/\">Die Bundeselternvertretung will nicht, dass Kinder in Kitas auf SARS-COV-2 getestet werden<\/a>.<\/p>\n\n\n\n<p>Nat\u00fcrlich kann man f\u00fcr offene Kitas sein, dann muss man aber auch f\u00fcr Masken, Luftfilter und fl\u00e4chendeckende, engmaschige Tests sein. Nat\u00fcrlich kann man gegen Masken oder fl\u00e4chendeckende, engmaschige Tests sein, dann muss man aber auch gegen offene Kitas sein. Ansonsten bekommen wir die <a href=\"https:\/\/sockenseite.de\/wordpress\/2021\/03\/22\/wir-werden-covid-19-nicht-los-indem-wir-schulen-und-kita-ungeschuetzt-offen-halten\/\">Durchseuchung<\/a>. Und Eltern so?<\/p>\n\n\n\n<ul class=\"wp-block-list\"><li>Eltern sind gehen Masken, die Erzieher und Kinder sch\u00fctzen.<\/li><li>Eltern sind gegen Tests, die Erzieher und Kinder sch\u00fctzen.<\/li><li>Eltern sind gegen L\u00fcften, was Erzieher und Kinder sch\u00fctzt.<\/li><li>Eltern sind gegen Quarant\u00e4ne, was Erzieher und sch\u00fctzt.<\/li><li>Eltern sind gegen Kitaschlie\u00dfungen, was Erzieher und Kinder sch\u00fctzt.<\/li><\/ul>\n\n\n\n<p>Soll ich weiter machen, was ich schon alles an Schwumpf gelesen habe? Das Problem sind nicht die Ma\u00dfnahmen, sondern die <a href=\"https:\/\/www.derstandard.de\/story\/2000122246681\/psychiaterin-nicht-die-masken-sondern-die-eltern-sind-das-problem\">Eltern<\/a>.<\/p>\n\n\n\n<figure class=\"wp-block-embed is-type-rich is-provider-twitter wp-block-embed-twitter\"><div class=\"wp-block-embed__wrapper\">\n<blockquote class=\"twitter-tweet\" data-width=\"550\" data-dnt=\"true\"><p lang=\"de\" dir=\"ltr\">\u201eAn \u00f6sterreichischen Schulen haben Schnelltests unter Sch\u00fclerinnen nur 20 Prozent der Infizierten gefunden, wie eine Begleituntersuchung mit PCR-Tests ergab.\u201c <a href=\"https:\/\/t.co\/7eKK8XigG3\">https:\/\/t.co\/7eKK8XigG3<\/a><\/p>&mdash; Cornelia Beeking (@CorneliaBeeking) <a href=\"https:\/\/twitter.com\/CorneliaBeeking\/status\/1378255527034171392?ref_src=twsrc%5Etfw\">April 3, 2021<\/a><\/blockquote><script async src=\"https:\/\/platform.twitter.com\/widgets.js\" charset=\"utf-8\"><\/script>\n<\/div><\/figure>\n\n\n\n<p>Vor allem ist das Argument, dass in der Berufswelt keinerlei Tests vorgesehen seien, Quark. Es wird gerade intensiv gepr\u00fcft, genau diese Testpflicht auch den Betrieben aufzudr\u00fccken. Zurecht. Denn nur fl\u00e4chendeckende Tests in Betrieben k\u00f6nnen noch rechtfertigen, dass die Betriebe, in denen viel zu oft <a href=\"https:\/\/web.archive.org\/web\/20221215064344\/https:\/\/zero-covid.org\/tag\/covidatwork\/\">Coronaschutzma\u00dfnahmen unzureichend umgesetzt<\/a> werden<sup><a href=\"#footnote_1_3739\" id=\"identifier_1_3739\" class=\"footnote-link footnote-identifier-link\" title=\"Was von den Ank&uuml;ndigungen zu halten ist, dass bereits die H&auml;lfte der Unternehmen testen wolle, erkl&auml;rt Cornelius. Den Unterschied zwischen &bdquo;umfassend&ldquo; und &bdquo;H&auml;lfte&ldquo; bekommen Grundsch&uuml;ler schon hin.\">1<\/a><\/sup> und die bereits <a href=\"https:\/\/twitter.com\/schmdjhnnsn\/status\/1377732990697099265\">mit Anlauf daran<\/a> sind, den privaten Bereich als Nummer Eins bei den Ansteckungsorten abzul\u00f6sen, herunter gefahren werden.<\/p>\n\n\n\n<p>Die ErzieherInnen k\u00f6nnen geimpft werden, unsere Kinder <a href=\"https:\/\/www.aerzteblatt.de\/nachrichten\/122449\/Biontech-Pfizer-testet-Coronaimpfstoff-nun-auch-an-juengeren-Kindern\">noch<\/a> nicht. Ich will nicht nur, dass meine Tochter getestet wird, um dazu beizutragen, dass notwendige Kinderbetreuung f\u00fcr alle m\u00f6glichst sicher stattfindet. Ich will auch, dass sie nicht mit nicht-getesteten Kindern in der Kita betreut wird. Aus dem gleichen Grund.<\/p>\n\n\n\n<p>Warum wollen denn Eltern, dass die Kids nicht getestet werden? Weil sie <a href=\"https:\/\/twitter.com\/Himmelsspur\/status\/1378417814768336897\">keinen Bock auf Quarant\u00e4ne<\/a> haben. Dass das die Durchseuchung nach Sicht zieht, streiten sie nat\u00fcrlich ab. Das Argument ist ja, dass in der Berufswelt noch keine Testpflicht herrsche. Ich lache hart<sup><a href=\"#footnote_2_3739\" id=\"identifier_2_3739\" class=\"footnote-link footnote-identifier-link\" title=\"Diese Woche wurde ich 4x getestet: 1x privat, 3x bei meinem Arbeitgeber.\">2<\/a><\/sup>.<\/p>\n\n\n\n<p>Solange die BEVKi und der LEB gegen sinnvolle Ma\u00dfnahme opponieren und keinen Nachdruck auf Forderungen setzen, die einen <a href=\"https:\/\/sockenseite.de\/wordpress\/tag\/bildungabersicher\">SICHEREN Betrieb<\/a> erm\u00f6glichen w\u00fcrden, ignorieren sie einen relevanten Teil der Elternschaft.<\/p>\n\n\n\n<p>Wir *alle* haben die Verpflichtung, bei der <a href=\"https:\/\/sockenseite.de\/wordpress\/tag\/nocovid\">Eliminierung dieses vermaledeiten Virus<\/a> mitzuwirken. Auch die Elternvertreter, die mit ihrem Standpunkt dem Team Durchseuchung anschlie\u00dfen. Egal ob sie das so wollen oder nicht.<\/p>\n\n\n\n<p>Danke f\u00fcr nichts.<\/p>\n\n\n\n<p><strong>Update:<\/strong> <\/p>\n\n\n\n<p>Heute wurde in einer Telegram-Gruppe erl\u00e4utert, dass sich die BEVKi auf Zahlen aus den letzten 12 Monaten beruft. Damit wurde zugegeben, v\u00f6llig veraltete Erkenntnisse zu nutzen. Desweiteren wurde behauptet, B1.1.7 w\u00fcrde laut RKI ja bereits seit Monaten in Deutschland herumschwirren. Was stimmt. Aber was auch stimmt, ist, dass das Virus im Dezember noch keinerlei Rolle beim Infektionsgeschehen spielte, im Januar f\u00fcr erste gr\u00f6\u00dfere Ausbr\u00fcche verantwortlich war und erst Mitte M\u00e4rz zur dominanten Variante in Deutschland wurde.<\/p>\n\n\n\n<p>Der Verweis auf das <a href=\"https:\/\/sockenseite.de\/wordpress\/2021\/03\/22\/wir-werden-covid-19-nicht-los-indem-wir-schulen-und-kita-ungeschuetzt-offen-halten\/#einfluss_offener_bildungseinrichtungen_in_anderen_europaeischen_staaten\">nachweislich erfolgte Infektionsgeschehen<\/a> in anderen europ\u00e4ischen L\u00e4ndern wurde ver\u00e4chtlich gemacht. Das zeigt, wie faktenfern die Stellungnahme der BEVKi ist. Das ist brandgef\u00e4hrlich, weil Eltern sich darauf beziehen werden, wenn sie die n\u00f6tigen Tests ihrer Kinder ablehnen. Damit werden, solange keine Testpflicht kommt und ungetestete Kinder keinen Zutritt bekommen, Infektionsausbr\u00fcche provoziert. Und dies mit Segen der Bundeselternvertretung.<\/p>\n\n\n\n<p>Ich kotze im Strahl.<\/p>\n<ol class=\"footnotes\"><li id=\"footnote_1_3739\" class=\"footnote\">Was von den Ank\u00fcndigungen zu halten ist, dass bereits die H\u00e4lfte der Unternehmen testen wolle, erkl\u00e4rt <a href=\"https:\/\/twitter.com\/CorneliusRoemer\/status\/1378400996645343235\">Cornelius<\/a>. Den Unterschied zwischen &#8222;umfassend&#8220; und &#8222;H\u00e4lfte&#8220; bekommen Grundsch\u00fcler schon hin.<span class=\"footnote-back-link-wrapper\">[<a href=\"#identifier_1_3739\" class=\"footnote-link footnote-back-link\">&#8617;<\/a>]<\/span><\/li><li id=\"footnote_2_3739\" class=\"footnote\">Diese Woche wurde ich 4x getestet: 1x privat, 3x bei meinem Arbeitgeber.<span class=\"footnote-back-link-wrapper\">[<a href=\"#identifier_2_3739\" class=\"footnote-link footnote-back-link\">&#8617;<\/a>]<\/span><\/li><\/ol>","protected":false},"excerpt":{"rendered":"<p>Ich wei\u00df nicht, was die gew\u00e4hlten Elternvertreter in Deutschland aktuell reitet, aber jetzt haben Sie wieder beim Optimieren gegen sinnvolle Ma\u00dfnahmen den Vogel&hellip;<\/p>\n","protected":false},"author":1,"featured_media":3616,"comment_status":"open","ping_status":"open","sticky":false,"template":"","format":"standard","meta":{"_bluesky_dont_syndicate":"","_bluesky_syndication_accounts":"","_bluesky_syndication_text":"","footnotes":""},"categories":[13,21,22],"tags":[507,553,514,539,715,570],"class_list":["post-3739","post","type-post","status-publish","format-standard","has-post-thumbnail","hentry","category-aufreger","category-pflege-und-gesundheit","category-politik-und-gesellschaft","tag-bildungabersicher","tag-nocovid","tag-coronavirus","tag-elternarbeit","tag-elternmitwirkung","tag-schnelltests"],"_links":{"self":[{"href":"https:\/\/sockenseite.de\/wordpress\/wp-json\/wp\/v2\/posts\/3739","targetHints":{"allow":["GET"]}}],"collection":[{"href":"https:\/\/sockenseite.de\/wordpress\/wp-json\/wp\/v2\/posts"}],"about":[{"href":"https:\/\/sockenseite.de\/wordpress\/wp-json\/wp\/v2\/types\/post"}],"author":[{"embeddable":true,"href":"https:\/\/sockenseite.de\/wordpress\/wp-json\/wp\/v2\/users\/1"}],"replies":[{"embeddable":true,"href":"https:\/\/sockenseite.de\/wordpress\/wp-json\/wp\/v2\/comments?post=3739"}],"version-history":[{"count":0,"href":"https:\/\/sockenseite.de\/wordpress\/wp-json\/wp\/v2\/posts\/3739\/revisions"}],"wp:featuredmedia":[{"embeddable":true,"href":"https:\/\/sockenseite.de\/wordpress\/wp-json\/wp\/v2\/media\/3616"}],"wp:attachment":[{"href":"https:\/\/sockenseite.de\/wordpress\/wp-json\/wp\/v2\/media?parent=3739"}],"wp:term":[{"taxonomy":"category","embeddable":true,"href":"https:\/\/sockenseite.de\/wordpress\/wp-json\/wp\/v2\/categories?post=3739"},{"taxonomy":"post_tag","embeddable":true,"href":"https:\/\/sockenseite.de\/wordpress\/wp-json\/wp\/v2\/tags?post=3739"}],"curies":[{"name":"wp","href":"https:\/\/api.w.org\/{rel}","templated":true}]}}