{"id":3663,"date":"2021-03-26T20:15:00","date_gmt":"2021-03-26T19:15:00","guid":{"rendered":"https:\/\/sockenseite.de\/wordpress\/?p=3663"},"modified":"2021-03-30T15:51:49","modified_gmt":"2021-03-30T13:51:49","slug":"was-passiert-wenn-man-die-durchseuchung-beschliesst-und-sie-notbremse-nennt","status":"publish","type":"post","link":"https:\/\/sockenseite.de\/wordpress\/2021\/03\/26\/was-passiert-wenn-man-die-durchseuchung-beschliesst-und-sie-notbremse-nennt\/","title":{"rendered":"Was passiert, wenn man die Durchseuchung beschlie\u00dft und sie &#8222;Notbremse&#8220; nennt"},"content":{"rendered":"\n<p>Das Land NRW hat heute eine <a href=\"https:\/\/www.land.nrw\/sites\/default\/files\/asset\/document\/2021-03-26_coronaschvo_ab_29.03.2021_lesefassung.pdf\">neue CoronaSchutzVO<\/a> vorgelegt. Dort ist die in der Mammutsitzung am Montag beschlossene &#8222;Notbremse&#8220; hinterlegt. Diese besagt zun\u00e4chst aus, dass nur die \u00d6ffnungen zur\u00fcckgenommen werden, die seit Anfang M\u00e4rz gegen jede Vernunft durchgedr\u00fcckt wurden<sup><a href=\"#footnote_1_3663\" id=\"identifier_1_3663\" class=\"footnote-link footnote-identifier-link\" title=\"weil man wegen des Ende Februar schon sichtbaren Anstiegs der Zahlen eigentlich dringend die Ma&szlig;nahmen h&auml;tte versch&auml;rfen m&uuml;ssen\">1<\/a><\/sup>.<\/p>\n\n\n\n<p>Gucken wir uns \u00a716 Abs. 1 CoronaSchutzVO doch mal genauer an, weil da ja so viel gestoppt wird, wenn &#8222;die Zahl der Neuinfektionen innerhalb von sieben Tagen bezogen auf 100 000 Einwohner (7-Tages-Inzidenz) nach den t\u00e4glichen Ver\u00f6ffentlichungen des Landeszentrums Gesundheit an drei Tagen hintereinander \u00fcber dem Wert von 100&#8220; liegt:<\/p>\n\n\n\n<ul class=\"wp-block-list\"><li>Bibliotheken einschlie\u00dflich Hochschulbibliotheken sowie Archiven nur zur Abholung bzw. R\u00fcckgabe<\/li><li>Betrieb von Museen, Kunstausstellungen, Galerien, Schl\u00f6ssern, Burgen, Gedenkst\u00e4tten und \u00e4hnlichen Einrichtungen unzul\u00e4ssig<\/li><li>in Zoologischen G\u00e4rten und Tierparks sowie in nicht frei zug\u00e4nglichen Botanischen G\u00e4rten, Garten- und Landschaftsparks kein Zutritt zu geschlossenen Ausstellungsr\u00e4umen<\/li><li>der Betrieb des nicht zum t\u00e4gliche Bedarf geh\u00f6renden Einzelhandels untersagt<\/li><li>der Verkauf von nicht mit handwerklichen Leistungen oder Dienstleistungen verbundenen Waren in Einrichtungen des Handwerks und des Dienstleistungsgewerbes ist unzul\u00e4ssig<\/li><li>die Erbringung von Dienstleistungen und Handwerksleistungen, bei denen ein Mindestabstand von 1,5 Metern zum Kunden nicht eingehalten werden kann, untersagt<\/li><\/ul>\n\n\n\n<p>Man beachte: Kein Wort von <a href=\"https:\/\/sockenseite.de\/wordpress\/2021\/03\/22\/wir-werden-covid-19-nicht-los-indem-wir-schulen-und-kita-ungeschuetzt-offen-halten\/\">Kitas und Schulen<\/a>, die als Katalysator und Bindeglied empirisch belegt mitverantwortlich f\u00fcr das rapide Wachstum der F\u00e4lle sind.<sup><a href=\"#footnote_2_3663\" id=\"identifier_2_3663\" class=\"footnote-link footnote-identifier-link\" title=\"Aber man soll ja an die Kinder denken!!!1!EINSZW&Ouml;LF\">2<\/a><\/sup><\/p>\n\n\n\n<p>Und dann stolpern wir \u00fcber den zweiten Absatz.<\/p>\n\n\n\n<div class=\"wp-block-image\"><figure class=\"aligncenter\"><a href=\"https:\/\/sockenseite.de\/wordpress\/2021\/03\/26\/was-passiert-wenn-man-die-durchseuchung-beschliesst-und-sie-notbremse-nennt\/notgebremste-notbremse\/\" rel=\"attachment wp-att-3664\"><img loading=\"lazy\" decoding=\"async\" width=\"631\" height=\"177\" src=\"https:\/\/sockenseite.de\/wordpress\/wp-content\/uploads\/2021\/03\/Notgebremste-Notbremse.png\" alt=\"\u00a716 Abs. 2 CoronaSchutzVO\" class=\"wp-image-3664\" srcset=\"https:\/\/sockenseite.de\/wordpress\/wp-content\/uploads\/2021\/03\/Notgebremste-Notbremse.png 631w, https:\/\/sockenseite.de\/wordpress\/wp-content\/uploads\/2021\/03\/Notgebremste-Notbremse-300x84.png 300w\" sizes=\"auto, (max-width: 631px) 100vw, 631px\" \/><\/a><figcaption>\u00a716 Abs. 2 CoronaSchutzVO<\/figcaption><\/figure><\/div>\n\n\n\n<p>Wer genau hinguckt, wird \u00fcberraschende Parallelen zum viel und zurecht kritisierten <a href=\"https:\/\/web.archive.org\/web\/20210620230538\/https:\/\/www.bundesregierung.de\/resource\/blob\/997532\/1872054\/66dba48b5b63d8817615d11edaaed849\/2021-03-03-mpk-data.pdf?download=1\">\u00d6ffnungsbeschluss aus der MPK am 3.3.2021<\/a> feststellen:<\/p>\n\n\n\n<div class=\"wp-block-image\"><figure class=\"aligncenter\"><a href=\"https:\/\/sockenseite.de\/wordpress\/2021\/03\/26\/was-passiert-wenn-man-die-durchseuchung-beschliesst-und-sie-notbremse-nennt\/oeffnungsbeschluss-mpk-3-3-2021\/\" rel=\"attachment wp-att-3665\"><img loading=\"lazy\" decoding=\"async\" width=\"990\" height=\"557\" src=\"https:\/\/sockenseite.de\/wordpress\/wp-content\/uploads\/2021\/03\/Oeffnungsbeschluss-MPK-3.3.2021.png\" alt=\"\u00d6ffnungsbeschluss MPK 3.3.2021\" class=\"wp-image-3665\" srcset=\"https:\/\/sockenseite.de\/wordpress\/wp-content\/uploads\/2021\/03\/Oeffnungsbeschluss-MPK-3.3.2021.png 990w, https:\/\/sockenseite.de\/wordpress\/wp-content\/uploads\/2021\/03\/Oeffnungsbeschluss-MPK-3.3.2021-300x169.png 300w, https:\/\/sockenseite.de\/wordpress\/wp-content\/uploads\/2021\/03\/Oeffnungsbeschluss-MPK-3.3.2021-768x432.png 768w, https:\/\/sockenseite.de\/wordpress\/wp-content\/uploads\/2021\/03\/Oeffnungsbeschluss-MPK-3.3.2021-800x450.png 800w\" sizes=\"auto, (max-width: 990px) 100vw, 990px\" \/><\/a><figcaption>\u00d6ffnungsbeschluss MPK 3.3.2021<\/figcaption><\/figure><\/div>\n\n\n\n<p>Es gibt aber einen Unterschied: W\u00e4hrend man damals bereits die Notbremse beschlossen hat, die in der Grafik gar nicht vorkommt, und die beschriebenen \u00d6ffnungsschritte f\u00fcr Inzidenzen zwischen 50 und 100 nur mit einem negativen Testergebnis erlauben wollte, wird in der &#8222;Notbremse&#8220; diese \u00d6ffnung auch f\u00fcr Inzidenzen \u00fcber 100 erlaubt. Das, liebe Leser, stellt sich die Landesregierung unter einem angemessenen Vorgehen gegen die steigenden Fallzahlen vor. Oder in anderen Worten: #TeamDurchseuchung.<\/p>\n\n\n\n<p>Und bevor jetzt wieder irgendwelche Leute anfangen zu schreien, man m\u00fcsse doch vor allem an die Kinder denken, denke ich doch auch mal an die Kinder. Und zeige Euch, was bereits jetzt passiert, weil die Zahlen durch die Decke gehen.<sup><a href=\"#footnote_3_3663\" id=\"identifier_3_3663\" class=\"footnote-link footnote-identifier-link\" title=\"Seine wir mal ganz realistisch: So 100.000 F&auml;lle bundesweit. Pro Tag. Spinnerei? Leider nein.\">3<\/a><\/sup><\/p>\n\n\n\n<p>Erst die Theorie:<\/p>\n\n\n\n<figure class=\"wp-block-embed is-type-rich is-provider-twitter wp-block-embed-twitter\"><div class=\"wp-block-embed__wrapper\">\n<blockquote class=\"twitter-tweet\" data-width=\"550\" data-dnt=\"true\"><p lang=\"de\" dir=\"ltr\">Wenn beide Eltern mit Covid flach liegen, ist mit Betreuung und Lernen aber auch Feierabend. Wenn Alleinerziehende im Krankenhaus landen, wird&#39;s noch haariger. Und ja, Kinder infizieren sich und andere, das haben mindestens 5 L\u00e4nder inzwischen best\u00e4tigt.<\/p>&mdash; Ute Gerhardt \ud83c\uddea\ud83c\uddfa (@Leaving_Orbit) <a href=\"https:\/\/twitter.com\/Leaving_Orbit\/status\/1320043718909579265?ref_src=twsrc%5Etfw\">October 24, 2020<\/a><\/blockquote><script async src=\"https:\/\/platform.twitter.com\/widgets.js\" charset=\"utf-8\"><\/script>\n<\/div><\/figure>\n\n\n\n<figure class=\"wp-block-embed is-type-rich is-provider-twitter wp-block-embed-twitter\"><div class=\"wp-block-embed__wrapper\">\n<blockquote class=\"twitter-tweet\" data-width=\"550\" data-dnt=\"true\"><p lang=\"de\" dir=\"ltr\">Und die Gegenfrage: Wenn die Kinder die Krankheit zu ihren Eltern schleppen (viele sind heutzutage schon 40+ beim 1. Kind) und diese m\u00fcssen ins Krankenhaus, wer versorgt DANN die Kinder? Die Behandlung von Covid-19 dauert Wochen.<\/p>&mdash; Tatjana (@TatjanaND) <a href=\"https:\/\/twitter.com\/TatjanaND\/status\/1237812814867320836?ref_src=twsrc%5Etfw\">March 11, 2020<\/a><\/blockquote><script async src=\"https:\/\/platform.twitter.com\/widgets.js\" charset=\"utf-8\"><\/script>\n<\/div><\/figure>\n\n\n\n<figure class=\"wp-block-embed is-type-rich is-provider-twitter wp-block-embed-twitter\"><div class=\"wp-block-embed__wrapper\">\n<blockquote class=\"twitter-tweet\" data-width=\"550\" data-dnt=\"true\"><p lang=\"de\" dir=\"ltr\"><a href=\"https:\/\/twitter.com\/hashtag\/covid19?src=hash&amp;ref_src=twsrc%5Etfw\">#covid19<\/a><br>Bin ich schon zynisch, wenn ich damit rechne, dass mindestens eine Kultusminister*in als Argument f\u00fcr weiter stattfindenden Pr\u00e4senzbetrieb in Schulen bringen wird, dass die Kinder betreut werden m\u00fcssen, w\u00e4hrend ihre Eltern mit covid-19 im Krankenhaus liegen?<\/p>&mdash; Katha (@kathakatze) <a href=\"https:\/\/twitter.com\/kathakatze\/status\/1373286645303291905?ref_src=twsrc%5Etfw\">March 20, 2021<\/a><\/blockquote><script async src=\"https:\/\/platform.twitter.com\/widgets.js\" charset=\"utf-8\"><\/script>\n<\/div><\/figure>\n\n\n\n<p>Und jetzt die Praxis:<\/p>\n\n\n\n<figure class=\"wp-block-embed is-type-rich is-provider-twitter wp-block-embed-twitter\"><div class=\"wp-block-embed__wrapper\">\n<blockquote class=\"twitter-tweet\" data-width=\"550\" data-dnt=\"true\"><p lang=\"de\" dir=\"ltr\">Vater ist auf COVID-Intensiv, Mutter hat jetzt schwer symptomatisch \ud83d\ude91 gerufen, HF 150\/min, hypoxisch.<br>Zuhause lassen ist keine Option.<br>Drei Kinder (ca. 10, 7 und 2). <br>Wohin mit den (ggf. pos.?) Kids? <br>Zu den vorerkrankten (ungeimpften) Gro\u00dfeltern? Nachbarn? Jugendamt?<\/p>&mdash; Narkosedoc (@narkosedoc) <a href=\"https:\/\/twitter.com\/narkosedoc\/status\/1375196580077256706?ref_src=twsrc%5Etfw\">March 25, 2021<\/a><\/blockquote><script async src=\"https:\/\/platform.twitter.com\/widgets.js\" charset=\"utf-8\"><\/script>\n<\/div><\/figure>\n\n\n\n<figure class=\"wp-block-embed is-type-rich is-provider-twitter wp-block-embed-twitter\"><div class=\"wp-block-embed__wrapper\">\n<blockquote class=\"twitter-tweet\" data-width=\"550\" data-dnt=\"true\"><p lang=\"de\" dir=\"ltr\">Wir steuern gerade auf eine menschliche und medizinische Katastrophe zu. Nur eines von vielen Beispielen \ud83d\udc47\ud83c\udffb (1Thread)<br><br>Ein alleinerziehender Vater von 2 Kindern ist schwer an <a href=\"https:\/\/twitter.com\/hashtag\/COVID19?src=hash&amp;ref_src=twsrc%5Etfw\">#COVID19<\/a> erkrankt und muss station\u00e4r behandelt werden. Die beiden ebenfalls positiv \u2026<\/p>&mdash; \u0111\ud835\udd3c\ud835\udc11 \ud835\udc0d\u1d43\ud835\udc11\uff2b\ud835\udc0e\u4e05\u012e\u24e2\ud835\udd3c\ud835\udcca\ud835\udc11 \u00a9 s\u0287\u0250\u0265 \u0279o\u0324\u028d\u0265\u0254s (@Doc_B_LE) <a href=\"https:\/\/twitter.com\/Doc_B_LE\/status\/1375437889455198209?ref_src=twsrc%5Etfw\">March 26, 2021<\/a><\/blockquote><script async src=\"https:\/\/platform.twitter.com\/widgets.js\" charset=\"utf-8\"><\/script>\n<\/div><\/figure>\n\n\n\n<p>Aber immerhin ist jemand zust\u00e4ndig:<br><\/p>\n\n\n\n<figure class=\"wp-block-embed is-type-rich is-provider-twitter wp-block-embed-twitter\"><div class=\"wp-block-embed__wrapper\">\n<blockquote class=\"twitter-tweet\" data-width=\"550\" data-dnt=\"true\"><p lang=\"de\" dir=\"ltr\">Zust\u00e4ndig ist das Jugendamt. Die haben au\u00dferhalb der B\u00fcrozeiten eine Rufbereitschaft. \u00dcberraschung: es gibt auch nach einem Jahr Pandemie weiterhin kein Konzept daf\u00fcr, wie diese Kinder kindeswohlgerecht untergebracht werden k\u00f6nnen.<\/p>&mdash; Sozialhilfelehrerin (@Amyrlin_) <a href=\"https:\/\/twitter.com\/Amyrlin_\/status\/1375197315074523142?ref_src=twsrc%5Etfw\">March 25, 2021<\/a><\/blockquote><script async src=\"https:\/\/platform.twitter.com\/widgets.js\" charset=\"utf-8\"><\/script>\n<\/div><\/figure>\n\n\n\n<p>Ich habe deswegen angeregt, dass die Stadt Leverkusen sich dazu \u00e4u\u00dfert, wie hier die drohenden Katastrophen f\u00fcr die betroffenen Familien verhindert werden sollen.<\/p>\n\n\n\n<blockquote><p>Durch die h\u00f6here Infektiosit\u00e4t der SARS-CoV-2-Variante B1.1.7 kommt es aktuell bundesweit zu steigenden F\u00e4llen. Die Altersgrenze sinkt, so dass vermehrt mit schweren F\u00e4llen in der Elterngeneration zwischen 20 und 50 zurechnen ist. Aktuell mehren sich Berichte \u00fcber Familien, in denen beide Elternteile schwer an Covid-19 erkrankt sind. Dazu stellen sich Fragen:<\/p>\n<ol>\n<li>Hat die Stadt Leverkusen ein Konzept f\u00fcr die Unterbringung, Betreuung und Versorgung m\u00f6glicherweise selbst Corona-positiver Kinder von erkrankten Eltern, wenn beide Elternteile oder das alleinerziehende Elternteil so schwer akut oder langfristig an Covid-19 bzw. LongCovid erkrankt sind, dass diese sich nicht mehr selbst um ihre Kinder k\u00fcmmern k\u00f6nnen?<\/li>\n<li>Welche psychologische Betreuung steht f\u00fcr derart betroffene Kinder und Jugendliche zur Verf\u00fcgung?<\/li>\n<li>Wie stellt die Stadt Leverkusen sicher, dass Familien und insb. den Kindern und Jugendlichen Anlaufstellen bekannt sind, um in diesen F\u00e4llen Hilfe zu erhalten?<\/li>\n<li>Haben in der Stadt Leverkusen bereits solche Situationen stattgefunden? Wenn ja, wie lange waren die betroffenen Kinder jeweils in Fremdbetreuung?<\/li>\n<\/ol><\/blockquote>\n\n\n\n<p>Denn das Beste kommt noch: Es wird alles <a href=\"https:\/\/www.tagesspiegel.de\/wissen\/schnelltests-im-kampf-gegen-dritte-welle-berliner-forscher-warnen-vor-2000er-inzidenz-im-mai\/27029528.html\">noch viel schlimmer<\/a> werden.<\/p>\n\n\n\n<figure class=\"wp-block-embed is-type-rich is-provider-twitter wp-block-embed-twitter\"><div class=\"wp-block-embed__wrapper\">\n<blockquote class=\"twitter-tweet\" data-width=\"550\" data-dnt=\"true\"><p lang=\"de\" dir=\"ltr\">Aus einer Modellierung von RKI und TU Berlin vom 19. M\u00e4rz, bei aktuellem Aktivit\u00e4tsniveau und durchweg offenen Schulen und Kitas nach Ostern &#8211; best Case: Inzidenz-Peak bei 1200, wenn dreimal w\u00f6chentlich in Schulen getestet wird. Bei einem Test pro Woche: 1600. <a href=\"https:\/\/t.co\/i1CXr5PHrn\">pic.twitter.com\/i1CXr5PHrn<\/a><\/p>&mdash; Jonas Schaible (@beimwort) <a href=\"https:\/\/twitter.com\/beimwort\/status\/1374293017205555200?ref_src=twsrc%5Etfw\">March 23, 2021<\/a><\/blockquote><script async src=\"https:\/\/platform.twitter.com\/widgets.js\" charset=\"utf-8\"><\/script>\n<\/div><\/figure>\n<ol class=\"footnotes\"><li id=\"footnote_1_3663\" class=\"footnote\">weil man wegen des Ende Februar schon sichtbaren Anstiegs der Zahlen eigentlich dringend die Ma\u00dfnahmen h\u00e4tte versch\u00e4rfen m\u00fcssen<span class=\"footnote-back-link-wrapper\">[<a href=\"#identifier_1_3663\" class=\"footnote-link footnote-back-link\">&#8617;<\/a>]<\/span><\/li><li id=\"footnote_2_3663\" class=\"footnote\">Aber man soll ja an die Kinder denken!!!1!EINSZW\u00d6LF<span class=\"footnote-back-link-wrapper\">[<a href=\"#identifier_2_3663\" class=\"footnote-link footnote-back-link\">&#8617;<\/a>]<\/span><\/li><li id=\"footnote_3_3663\" class=\"footnote\">Seine wir mal ganz realistisch: So 100.000 F\u00e4lle bundesweit. Pro Tag. Spinnerei? <a href=\"https:\/\/amp.tagesspiegel.de\/wissen\/uns-stehen-sehr-schwere-wochen-bevor-rki-chef-wieler-warnt-vor-100-000-neuinfektionen-pro-tag\/27044636.html\">Leider nein<\/a>.<span class=\"footnote-back-link-wrapper\">[<a href=\"#identifier_3_3663\" class=\"footnote-link footnote-back-link\">&#8617;<\/a>]<\/span><\/li><\/ol>","protected":false},"excerpt":{"rendered":"<p>Das Land NRW hat heute eine neue CoronaSchutzVO vorgelegt. Dort ist die in der Mammutsitzung am Montag beschlossene &#8222;Notbremse&#8220; hinterlegt. Diese besagt zun\u00e4chst&hellip;<\/p>\n","protected":false},"author":1,"featured_media":3667,"comment_status":"open","ping_status":"open","sticky":false,"template":"","format":"standard","meta":{"_bluesky_dont_syndicate":"","_bluesky_syndication_accounts":"","_bluesky_syndication_text":"","footnotes":""},"categories":[13,21,22],"tags":[553,514,165,575,489,576],"class_list":["post-3663","post","type-post","status-publish","format-standard","has-post-thumbnail","hentry","category-aufreger","category-pflege-und-gesundheit","category-politik-und-gesellschaft","tag-nocovid","tag-coronavirus","tag-gesundheit","tag-jugendamt","tag-kindeswohlgefaehrdung","tag-landesregierung"],"_links":{"self":[{"href":"https:\/\/sockenseite.de\/wordpress\/wp-json\/wp\/v2\/posts\/3663","targetHints":{"allow":["GET"]}}],"collection":[{"href":"https:\/\/sockenseite.de\/wordpress\/wp-json\/wp\/v2\/posts"}],"about":[{"href":"https:\/\/sockenseite.de\/wordpress\/wp-json\/wp\/v2\/types\/post"}],"author":[{"embeddable":true,"href":"https:\/\/sockenseite.de\/wordpress\/wp-json\/wp\/v2\/users\/1"}],"replies":[{"embeddable":true,"href":"https:\/\/sockenseite.de\/wordpress\/wp-json\/wp\/v2\/comments?post=3663"}],"version-history":[{"count":0,"href":"https:\/\/sockenseite.de\/wordpress\/wp-json\/wp\/v2\/posts\/3663\/revisions"}],"wp:featuredmedia":[{"embeddable":true,"href":"https:\/\/sockenseite.de\/wordpress\/wp-json\/wp\/v2\/media\/3667"}],"wp:attachment":[{"href":"https:\/\/sockenseite.de\/wordpress\/wp-json\/wp\/v2\/media?parent=3663"}],"wp:term":[{"taxonomy":"category","embeddable":true,"href":"https:\/\/sockenseite.de\/wordpress\/wp-json\/wp\/v2\/categories?post=3663"},{"taxonomy":"post_tag","embeddable":true,"href":"https:\/\/sockenseite.de\/wordpress\/wp-json\/wp\/v2\/tags?post=3663"}],"curies":[{"name":"wp","href":"https:\/\/api.w.org\/{rel}","templated":true}]}}