{"id":3444,"date":"2021-03-22T20:24:33","date_gmt":"2021-03-22T19:24:33","guid":{"rendered":"https:\/\/sockenseite.de\/wordpress\/?p=3444"},"modified":"2025-03-13T17:31:31","modified_gmt":"2025-03-13T16:31:31","slug":"wir-werden-covid-19-nicht-los-indem-wir-schulen-und-kita-ungeschuetzt-offen-halten","status":"publish","type":"post","link":"https:\/\/sockenseite.de\/wordpress\/2021\/03\/22\/wir-werden-covid-19-nicht-los-indem-wir-schulen-und-kita-ungeschuetzt-offen-halten\/","title":{"rendered":"Wir werden Covid-19 nicht los, indem wir Schulen und Kita ungesch\u00fctzt offen halten"},"content":{"rendered":"\n<p>Seit Monaten d\u00fcmpelt Deutschland in einem Larifari-Lockdown wegen der Covid-19-Pandemie herum. Beliebteste Richtung der grafisch aufbereiteten Fallzahlen ist seitw\u00e4rts. Anfangs, weil die Ma\u00dfnahmen v\u00f6llig unzureichend waren; jetzt, weil sich durch die Tr\u00f6delei <a href=\"https:\/\/taz.de\/Coronamutation-bereitet-Sorge\/!5749944\/\">deutlich ansteckendere Virusvarianten ausbreiten<\/a> und seit ein paar Wochen f\u00fcr mal wieder rasante Anstiege der Fallzahlen sorgen. In Leverkusen lag der Anteil Mitte Februar bereits bei einem Viertel.<sup><a href=\"#footnote_1_3444\" id=\"identifier_1_3444\" class=\"footnote-link footnote-identifier-link\" title=\"Der gro&szlig;e Ausbruch in einem Rheindorfer Pflegeheim war nur die Spitze des Eisbergs.\">1<\/a><\/sup> Und mittlerweile sind wir bei \u00fcber 75% angekommen. Danke f\u00fcr nichts, unf\u00e4hige Landesregierungen.<\/p>\n\n\n\n<h2 class=\"wp-block-heading\">Einfluss offener Bildungseinrichtungen in anderen europ\u00e4ischen Staaten<\/h2>\n\n\n\n<p>Und warum gehen bei uns die Zahlen so durch die Decke, obwohl wir vor ein paar Wochen erst auf einem z\u00e4hen Weg nach unten waren? Weil man Kitas und Schulen zu fr\u00fch ge\u00f6ffnet hat. Warum war das zu fr\u00fch? Weil man von anderen europ\u00e4ischen L\u00e4ndern h\u00e4tte lernen k\u00f6nnen. Die Durchseuchung in Schulen und Kitas hat es n\u00e4mlich unter gleichen Vorzeichen wie jetzt bei uns mit B1.1.7 unabh\u00e4ngig von einander in mehreren europ\u00e4ischen L\u00e4ndern gegeben. Nur ein paar Beispiele:<\/p>\n\n\n\n<h3 class=\"wp-block-heading\">Vereinigtes K\u00f6nigreich<\/h3>\n\n\n\n<p>In der Studie <a rel=\"noreferrer noopener\" href=\"https:\/\/web.archive.org\/web\/20230802083946\/https:\/\/www.imperial.ac.uk\/mrc-global-infectious-disease-analysis\/covid-19\/report-42-sars-cov-2-variant\/\" target=\"_blank\">https:\/\/www.imperial.ac.uk\/mrc-global-infectious-disease-analysis\/covid-19\/report-42-sars-cov-2-variant\/<\/a> wird n\u00fcchtern die Entwicklung am Anfang der &#8222;Karriere&#8220; von B1.1.7 beschrieben. Professor Drosten fasste dies im NDR-Podcast sch\u00f6n zusammen:<\/p>\n\n\n\n<blockquote class=\"wp-block-quote is-layout-flow wp-block-quote-is-layout-flow\"><p>Und die Bildungsst\u00e4tten und Kinderbetreuung waren komplett offen. Und unter diesen Bedingungen in dieser Zeit kann man in der Gegend von S\u00fcdostengland sehen, diese Mutante kommt hoch und kommt auch vor allem mit \u00dcberbetonung in den Schulen hoch. Im Dezember wird das Ganze dann in die normale Bev\u00f6lkerung weiterverteilt und Ende Dezember dann auch geografisch weiter verteilt von S\u00fcdengland nach Nordengland. Aber es scheint so zu sein, dass das Ganze losgegangen ist mit <strong>sehr viel R\u00fcckenwind in den Schulen<\/strong>. Also <strong>auf einer gewissen Schulwelle, die entstanden ist im Hintergrund eines Lockdowns, ist dieses Virus also gesegelt<\/strong>. Wir wissen bis heute nicht ganz genau, ob das ein sogenannter Founder Effect ist. Also sprich, das Virus ist an sich \u00fcberhaupt nicht \u00fcbertragbarer als andere Viren. Aber es reitet auf einer Welle, die entstanden ist. Nicht wegen des Virus, sondern wegen Populationsbesonderheiten. <strong>Also zum Beispiel Schulen offen, alles andere zu. Und jetzt wird rein zuf\u00e4llig so ein Virus in eine Schule eingetragen. Dann wissen wir, diese Viren werden in derselben Alterskohorte weiter \u00fcbertragen.<\/strong><\/p><cite><a href=\"https:\/\/www.ndr.de\/nachrichten\/info\/coronaskript256.pdf\">NDR-Coronavirus-Update, 5.1.2021<\/a><\/cite><\/blockquote>\n\n\n\n<p>Wer \u00fcberrascht tut, dass das Virus nun vermehrt die Schulen betrifft, darf also h\u00f6chstoffiziell ausgelacht werden. Aber nicht genug, denn trotz dieses mahnenden Beispiels am Entstehungsort der Mutation haben diverse europ\u00e4ische L\u00e4nder exakt den gleichen Fehler gemacht:<\/p>\n\n\n\n<h3 class=\"wp-block-heading\">Portugal<\/h3>\n\n\n\n<p>Am 16.1.2021 wurde <strong>Portugal<\/strong> daf\u00fcr gelobt, Schulen offengelassen zu haben. Am 23.1. f\u00fchrte dies zu einem <a href=\"https:\/\/www.fr.de\/panorama\/corona-portugal-coronavirus-lockdown-neue-variante-b117-covid-19-triage-krankenhaus-90177328.amp.html\">harten Lockdown mit Ausgangssperre<\/a>. Warum? Ups.<\/p>\n\n\n\n<figure class=\"wp-block-embed is-type-rich is-provider-twitter wp-block-embed-twitter\"><div class=\"wp-block-embed__wrapper\">\nhttps:\/\/twitter.com\/FrauStahlhut\/status\/1352966197629878273\n<\/div><\/figure>\n\n\n\n<h3 class=\"wp-block-heading\">Frankreich<\/h3>\n\n\n\n<p><strong>Frankreich <\/strong>lie\u00df nach dem zweiten Lockdown ebenfalls <a href=\"https:\/\/web.archive.org\/web\/20210116061944\/https:\/\/meinfrankreich.com\/lockdown-ausstieg-weihnachten-2020\/\">die Schulen \u00f6ffnen<\/a> und musste danach in den <a href=\"https:\/\/www.sueddeutsche.de\/politik\/frankreich-lockdown-buerokratie-1.5243403\">dritten Lockdown<\/a>, weil man wieder zu fr\u00fch ge\u00f6ffnet hat<sup><a href=\"#footnote_2_3444\" id=\"identifier_2_3444\" class=\"footnote-link footnote-identifier-link\" title=\"Lustigerweise wie bei uns direkt in die dritte Welle hinein.\">2<\/a><\/sup>.<\/p>\n\n\n\n<figure class=\"wp-block-image size-large\"><img loading=\"lazy\" decoding=\"async\" width=\"1024\" height=\"587\" src=\"https:\/\/sockenseite.de\/wordpress\/wp-content\/uploads\/2021\/03\/Frankreich-Schuloeffnung-1024x587.png\" alt=\"\" class=\"wp-image-3601\" srcset=\"https:\/\/sockenseite.de\/wordpress\/wp-content\/uploads\/2021\/03\/Frankreich-Schuloeffnung-1024x587.png 1024w, https:\/\/sockenseite.de\/wordpress\/wp-content\/uploads\/2021\/03\/Frankreich-Schuloeffnung-300x172.png 300w, https:\/\/sockenseite.de\/wordpress\/wp-content\/uploads\/2021\/03\/Frankreich-Schuloeffnung-768x440.png 768w, https:\/\/sockenseite.de\/wordpress\/wp-content\/uploads\/2021\/03\/Frankreich-Schuloeffnung.png 1179w\" sizes=\"auto, (max-width: 1024px) 100vw, 1024px\" \/><\/figure>\n\n\n\n<h3 class=\"wp-block-heading\">Belgien<\/h3>\n\n\n\n<p><strong>Belgien<\/strong> macht bei den geplanten weiteren Schul\u00f6ffnungen einen <a href=\"https:\/\/www.info-coronavirus.be\/de\/news\/occ-1903\/\">R\u00fcckzieher<\/a>. Man sieht gut, warum:<\/p>\n\n\n\n<figure class=\"wp-block-image size-large\"><img loading=\"lazy\" decoding=\"async\" width=\"1024\" height=\"587\" src=\"https:\/\/sockenseite.de\/wordpress\/wp-content\/uploads\/2021\/03\/Belgien-Schuloeffnung-1024x587.png\" alt=\"\" class=\"wp-image-3603\" srcset=\"https:\/\/sockenseite.de\/wordpress\/wp-content\/uploads\/2021\/03\/Belgien-Schuloeffnung-1024x587.png 1024w, https:\/\/sockenseite.de\/wordpress\/wp-content\/uploads\/2021\/03\/Belgien-Schuloeffnung-300x172.png 300w, https:\/\/sockenseite.de\/wordpress\/wp-content\/uploads\/2021\/03\/Belgien-Schuloeffnung-768x440.png 768w, https:\/\/sockenseite.de\/wordpress\/wp-content\/uploads\/2021\/03\/Belgien-Schuloeffnung.png 1179w\" sizes=\"auto, (max-width: 1024px) 100vw, 1024px\" \/><\/figure>\n\n\n\n<p>So teilte am <a href=\"https:\/\/youtube.com\/watch?v=nyVCYdnJdKo\">19.3.2021<\/a> die belgische Regierung mit, dass \u00fcber die H\u00e4lfte der Intensivbetten mit Personen unter 48 belegt sei. Es wurde explizit die Elterngeneration benannt. Die Eltern w\u00fcrden durch ihre Kinder angesteckt, die das aus der Schule mit nach Hause br\u00e4chten, und w\u00fcrden es dann unter den Kollegen verteilen, wenn sie nicht Telearbeit machen w\u00fcrden.<\/p>\n\n\n\n<figure class=\"wp-block-image size-large\"><img loading=\"lazy\" decoding=\"async\" width=\"830\" height=\"464\" src=\"https:\/\/sockenseite.de\/wordpress\/wp-content\/uploads\/2021\/03\/20210320_215808.png\" alt=\"\" class=\"wp-image-3587\" srcset=\"https:\/\/sockenseite.de\/wordpress\/wp-content\/uploads\/2021\/03\/20210320_215808.png 830w, https:\/\/sockenseite.de\/wordpress\/wp-content\/uploads\/2021\/03\/20210320_215808-300x168.png 300w, https:\/\/sockenseite.de\/wordpress\/wp-content\/uploads\/2021\/03\/20210320_215808-768x429.png 768w\" sizes=\"auto, (max-width: 830px) 100vw, 830px\" \/><\/figure>\n\n\n\n<h2 class=\"wp-block-heading\">Sichtbare Effekte von B1.1.7 in Deutschland<\/h2>\n\n\n\n<p>Und dann gibt es trotzdem immer noch so Blitzmerker, die trotz Vorliegen dieser Fakten genau diese Fakten nicht akzeptieren, weil es keine Fakten aus Deutschland sind<sup><a href=\"#footnote_3_3444\" id=\"identifier_3_3444\" class=\"footnote-link footnote-identifier-link\" title=\"Als sei die Bev&ouml;lkerung in Deutschland irgendwie immun oder das Virus hierzulande harmloser. Ich glaube nicht, Tim.\">3<\/a><\/sup>. Die werden in zwei Wochen umfassend vorliegen, weil die Regierung auf Brandbeschleuniger gesetzt hat <sup><a href=\"#footnote_4_3444\" id=\"identifier_4_3444\" class=\"footnote-link footnote-identifier-link\" title=\"und einen Dreck auf so unwichtige Absprachen wie &bdquo;Notbremse bei 100er Inzidenz&ldquo; gibt.\">4<\/a><\/sup>. Und dort, wo man genau hinguckt, trifft man auf wenig \u00dcberraschendes.<\/p>\n\n\n\n<h3 class=\"wp-block-heading\">Th\u00fcringen<\/h3>\n\n\n\n<p>Hallo, <a href=\"https:\/\/web.archive.org\/web\/20210423022033\/https:\/\/www.mdr.de\/nachrichten\/thueringen\/ost-thueringen\/greiz\/hohe-inzidenz-schulen-kitas-geschlossen-zahlen-100.html\"><strong>Th\u00fcringen<\/strong><\/a>, Du bist dran: <\/p>\n\n\n\n<blockquote class=\"wp-block-quote is-layout-flow wp-block-quote-is-layout-flow\"><p>Weil zuvor immer wieder Lehrer und Erzieher positiv auf das Coronavirus getestet worden seien, habe man bei den Untersuchungen den Fokus auf die Kinder gelegt. Schweinsburg \u00e4u\u00dferte sich \u00fcberzeugt, dass in vielen F\u00e4llen die Kinder als \u00dcbertr\u00e4ger und damit Infektionstreiber in Betracht kommen. Schwierig sei die Situation, weil die Kinder in der Regel v\u00f6llig symptomfrei seien.&#8220;<\/p><p>Wie das Landratsamt am Montagmorgen mitteilte, fiel in den Testzentren im Kreis Greiz in den vergangenen vier Wochen etwa jeder dritte Corona-Test positiv aus. Seit Mitte Februar seien bei PCR-Massentests insgesamt 935 Personen ohne Symptome getestet worden, 306 Coronainfektionen wurden dabei registriert. Fast die H\u00e4lfte der positiv Getesteten war j\u00fcnger als 18 Jahre.<\/p><cite><a href=\"https:\/\/web.archive.org\/web\/20210423022033\/https:\/\/www.mdr.de\/nachrichten\/thueringen\/ost-thueringen\/greiz\/hohe-inzidenz-schulen-kitas-geschlossen-zahlen-100.html\">Kreis Greiz reagiert auf Corona-Inzidenz &#8211; Schulen und Kinderg\u00e4rten geschlossen<\/a><\/cite><\/blockquote>\n\n\n\n<h3 class=\"wp-block-heading\">Niedersachsen<\/h3>\n\n\n\n<p>Und <strong>Niedersachsen<\/strong> so:<\/p>\n\n\n\n<figure class=\"wp-block-embed is-type-rich is-provider-twitter wp-block-embed-twitter\"><div class=\"wp-block-embed__wrapper\">\nhttps:\/\/twitter.com\/FrauStahlhut\/status\/1373834611504058368\n<\/div><\/figure>\n\n\n\n<h2 class=\"wp-block-heading\">Warum finden mit B1.1.7 mehr Ansteckungen statt?<\/h2>\n\n\n\n<p>Professor Drosten erkl\u00e4rt sein Anfang Januar immer wieder, dass das Virus bei der j\u00fcngeren Bev\u00f6lkerung durchlaufen wird, wenn nach der Impfung der Risikogruppen die NPIs<sup><a href=\"#footnote_5_3444\" id=\"identifier_5_3444\" class=\"footnote-link footnote-identifier-link\" title=\"Nicht pharmazeutische Inventionen, also Ma&szlig;nahmen wie Kontaktminimierung, Abstand, Maskenpflicht, Niesetikette, L&uuml;ften\">5<\/a><\/sup> einfach aufgehoben werden. Dies w\u00fcrde v.a. bei der Bev\u00f6lkerung unter 70 zu <a href=\"https:\/\/twitter.com\/BooksBeerMusic\/status\/1374006473731289089\">vielen schweren Verl\u00e4ufen<\/a> und vielen langfristigen Arbeitsunf\u00e4higkeiten bis hin zu LongCovid f\u00fchren.<sup><a href=\"#footnote_6_3444\" id=\"identifier_6_3444\" class=\"footnote-link footnote-identifier-link\" title=\"Niemand hatte aber damit gerechnet, dass Deutschland so d&auml;mlich sein w&uuml;rde, das schon anzufangen, BEVOR wenigstens die Gruppe &Uuml;70 geimpft ist.\">6<\/a><\/sup><\/p>\n\n\n\n<p>Lothar Wieler vom RKI erkl\u00e4rte am 12.3.2021, dass die Ausbr\u00fcche besonders in Kitas zunehmen: Es gibt vermehrt F\u00e4lle bei 0-5-j\u00e4hrigen Kindern, und die Ausbr\u00fcche in Kitas werden gr\u00f6\u00dfer, in dem Sinn, dass pro Ausbruch mehr Personen infiziert werden.<\/p>\n\n\n\n<figure class=\"wp-block-embed is-type-video is-provider-youtube wp-block-embed-youtube wp-embed-aspect-16-9 wp-has-aspect-ratio\"><div class=\"wp-block-embed__wrapper\">\n<iframe loading=\"lazy\" title=\"Aktuelle Corona-Lage mit Jens Spahn, Lothar Wieler (RKI) | BPK 12. M\u00e4rz 2021\" width=\"900\" height=\"506\" src=\"https:\/\/www.youtube.com\/embed\/tC3J_fv9br4?start=1459&#038;feature=oembed\" frameborder=\"0\" allow=\"accelerometer; autoplay; clipboard-write; encrypted-media; gyroscope; picture-in-picture; web-share\" referrerpolicy=\"strict-origin-when-cross-origin\" allowfullscreen><\/iframe>\n<\/div><figcaption>Corona-Pressebriefing des RKI vom 12.3.2021<\/figcaption><\/figure>\n\n\n\n<p>Karl Lauterbach hat am Freitag-Briefing des RKI am 19.3.2021 auch erkl\u00e4rt, warum das bei <a href=\"https:\/\/www.medrxiv.org\/content\/10.1101\/2021.03.18.21253931v1\">Kids mit B1.1.7<\/a> so ist:<\/p>\n\n\n\n<figure class=\"wp-block-embed is-type-rich is-provider-twitter wp-block-embed-twitter\"><div class=\"wp-block-embed__wrapper\">\n<blockquote class=\"twitter-tweet\" data-width=\"550\" data-dnt=\"true\"><p lang=\"de\" dir=\"ltr\">&quot;Bei B.1.1.7 sind Kinder so ansteckend wie Erwachsene. Das ist jetzt vollkommen unstrittig.&quot; \u2013 <a href=\"https:\/\/twitter.com\/Karl_Lauterbach?ref_src=twsrc%5Etfw\">@Karl_Lauterbach<\/a> warnt vor der Virus-Mutante und hat auch einen Vorschlag, was jetzt getan werden sollte. <a href=\"https:\/\/t.co\/4hChwrvgK7\">pic.twitter.com\/4hChwrvgK7<\/a><\/p>&mdash; Bericht aus Berlin (@ARD_BaB) <a href=\"https:\/\/twitter.com\/ARD_BaB\/status\/1372868356672471052?ref_src=twsrc%5Etfw\">March 19, 2021<\/a><\/blockquote><script async src=\"https:\/\/platform.twitter.com\/widgets.js\" charset=\"utf-8\"><\/script>\n<\/div><\/figure>\n\n\n\n<p>Warum die erh\u00f6hte Ansteckungsgefahr in diesem Kontext problematisch ist, erkl\u00e4ren diese Grafiken: Beim Eintrag in die Einrichtung sind diese sehr effektive Katalysatoren, die die Infektion zu den Eltern tragen, von wo sie dann in die Arbeitspl\u00e4tze getragen werden.<\/p>\n\n\n\n<figure class=\"wp-block-image size-large\"><a href=\"https:\/\/nocovid-europe.eu\/assets\/doc\/nocovid_bildung.pdf\"><img loading=\"lazy\" decoding=\"async\" width=\"821\" height=\"926\" src=\"https:\/\/sockenseite.de\/wordpress\/wp-content\/uploads\/2021\/04\/20210404_141747.jpg\" alt=\"\" class=\"wp-image-3748\" srcset=\"https:\/\/sockenseite.de\/wordpress\/wp-content\/uploads\/2021\/04\/20210404_141747.jpg 821w, https:\/\/sockenseite.de\/wordpress\/wp-content\/uploads\/2021\/04\/20210404_141747-266x300.jpg 266w, https:\/\/sockenseite.de\/wordpress\/wp-content\/uploads\/2021\/04\/20210404_141747-768x866.jpg 768w\" sizes=\"auto, (max-width: 821px) 100vw, 821px\" \/><\/a><figcaption>Screenshot aus <a href=\"https:\/\/nocovid-europe.eu\/assets\/doc\/nocovid_bildung.pdf\">Eine neue proaktive Zielsetzung f\u00fcr Deutschland zur Bek\u00e4mpfung von SARS-CoV-2. Teil 4: Bildung, Schulen und Kitas<br>(Stand 4. M\u00e4rz 2021)<\/a><\/figcaption><\/figure>\n\n\n\n<h2 class=\"wp-block-heading\">Welche M\u00f6glichkeiten haben wir, um #BildungAberSicher zu gew\u00e4hrleisten?<\/h2>\n\n\n\n<p>Es mag sein, dass Euch das alles nicht bekannt ist, aber die ernstzunehmende Wissenschaft<sup><a href=\"#footnote_7_3444\" id=\"identifier_7_3444\" class=\"footnote-link footnote-identifier-link\" title=\"So ziemlich alle au&szlig;er der Klitsche Streeck, Wodarg, Bhakdhi, St&ouml;hr.\">7<\/a><\/sup> sind sich da einig: Sind Schulen und Kitas offen, spielt sich das Infektionsgeschehen dort ab, weil dort Kontakte stattfinden, die es bei der aktuellen Inzidenz aber zu minimieren gilt. So w\u00fcnschenswert offene Kitas und Schulen sind, so dringend m\u00fcssen wir erst die Fallzahlen nach unten fahren, das p\u00e4dagogische Personal durchimpfen und ein funktionierendes Testregime einf\u00fchren.<sup><a href=\"#footnote_8_3444\" id=\"identifier_8_3444\" class=\"footnote-link footnote-identifier-link\" title=\"Was ich zu der naiven Frage nach einem Konzept f&uuml;r die Schnelltestungen in den Schulen und Kitas im Schulausschuss geh&ouml;rt habe, erz&auml;hle ich ein anderes Mal.\">8<\/a><\/sup><\/p>\n\n\n\n<p>Fakt ist: Solange nicht sichergestellt ist, dass in jeder Kita vor Ort mind. 2x, eher 3x pro Woche vom Personal und den Kindern Tests durchgef\u00fchrt werden, wird es unweigerlich in der aktuellen Situation jede Woche zu Dutzenden, wenn nicht Hunderten von Ausbr\u00fcchen kommen. Das mit dem <a href=\"https:\/\/sockenseite.de\/wordpress\/tag\/bildungabersicher\">#BildungAberSicher<\/a> ist sogar bei der Bundeskanzlerin angekommen<sup><a href=\"#footnote_9_3444\" id=\"identifier_9_3444\" class=\"footnote-link footnote-identifier-link\" title=\"&Uuml;brigens sagte das der Chef des RKI, Lothar Wieler, bereits am 5.2.2021: &bdquo;Eine &Ouml;ffnung von Kitas und Schulen k&ouml;nne in Deutschland nur mit klaren Schutzkonzepten m&ouml;glich sein&ldquo;\">9<\/a><\/sup>:<\/p>\n\n\n\n<figure class=\"wp-block-image size-large\"><img loading=\"lazy\" decoding=\"async\" width=\"274\" height=\"320\" src=\"https:\/\/sockenseite.de\/wordpress\/wp-content\/uploads\/2021\/03\/Merkel-Kita-Schulen-Tests.png\" alt=\"\" class=\"wp-image-3581\" srcset=\"https:\/\/sockenseite.de\/wordpress\/wp-content\/uploads\/2021\/03\/Merkel-Kita-Schulen-Tests.png 274w, https:\/\/sockenseite.de\/wordpress\/wp-content\/uploads\/2021\/03\/Merkel-Kita-Schulen-Tests-257x300.png 257w\" sizes=\"auto, (max-width: 274px) 100vw, 274px\" \/><\/figure>\n\n\n\n<p>Daher hat das RKI vor Wochen bereits die Empfehlungen von Gruppen-\/Klassenschlie\u00dfung auf Kita-\/Schulschlie\u00dfungen ge\u00e4ndert, weil B1.1.7 sonst nicht in den Griff zu bekommen ist. <\/p>\n\n\n\n<figure class=\"wp-block-image size-large is-resized\"><a href=\"https:\/\/www.rki.de\/DE\/Content\/InfAZ\/N\/Neuartiges_Coronavirus\/Situationsberichte\/Maerz_2021\/2021-03-24-de.pdf?__blob=publicationFile\"><img loading=\"lazy\" decoding=\"async\" src=\"https:\/\/sockenseite.de\/wordpress\/wp-content\/uploads\/2021\/03\/Corona-Lagebericht-RKI-25.3.2021.jpg\" alt=\"\" class=\"wp-image-3643\" width=\"619\" height=\"803\" srcset=\"https:\/\/sockenseite.de\/wordpress\/wp-content\/uploads\/2021\/03\/Corona-Lagebericht-RKI-25.3.2021.jpg 562w, https:\/\/sockenseite.de\/wordpress\/wp-content\/uploads\/2021\/03\/Corona-Lagebericht-RKI-25.3.2021-231x300.jpg 231w\" sizes=\"auto, (max-width: 619px) 100vw, 619px\" \/><\/a><figcaption><a href=\"https:\/\/www.rki.de\/DE\/Content\/InfAZ\/N\/Neuartiges_Coronavirus\/Situationsberichte\/Maerz_2021\/2021-03-24-de.pdf?__blob=publicationFile\">Corona-Lagebericht des RKI vom 25.3.2021<\/a><\/figcaption><\/figure>\n\n\n\n<p>Auch das kommt nicht von irgendwo, sondern wurde wissenschaftlich auf Basis der vorliegenden Informationen entwickelt<sup><a href=\"#footnote_10_3444\" id=\"identifier_10_3444\" class=\"footnote-link footnote-identifier-link\" title=\"Unter https:\/\/www.google.com\/maps\/d\/u\/0\/viewer?mid=1J3_XAIpyGIFCWUz7VAel_Z3Gnf_jju_c&amp;ll=51.232230152602796%2C11.1756916682888&amp;z=6 werden &uuml;brigens F&auml;lle mit Mutationen in deutschen Schulen und Kitas gesammelt.\">10<\/a><\/sup>. Denn jede Woche, die man zu sp\u00e4t schlie\u00dft oder zu fr\u00fch \u00f6ffnet, kostet mind. 2 Wochen l\u00e4ngeren Lockdown, eher sogar mehr.<\/p>\n\n\n\n<figure class=\"wp-block-embed is-type-rich is-provider-twitter wp-block-embed-twitter\"><div class=\"wp-block-embed__wrapper\">\n<blockquote class=\"twitter-tweet\" data-width=\"550\" data-dnt=\"true\"><p lang=\"de\" dir=\"ltr\">Die Wissenschaft wird von der Politik nicht mehr geh\u00f6rt- sagt ein entt\u00e4uschter Michael Meyer-Hermann vom <a href=\"https:\/\/twitter.com\/Helmholtz_HZI?ref_src=twsrc%5Etfw\">@Helmholtz_HZI<\/a> in den <a href=\"https:\/\/twitter.com\/hashtag\/tagesthemen?src=hash&amp;ref_src=twsrc%5Etfw\">#tagesthemen<\/a> zu den Verhandlungen von Bund und L\u00e4ndern <a href=\"https:\/\/twitter.com\/hashtag\/MPK?src=hash&amp;ref_src=twsrc%5Etfw\">#MPK<\/a> <a href=\"https:\/\/t.co\/Si70ZK1iNV\">pic.twitter.com\/Si70ZK1iNV<\/a><\/p>&mdash; tagesthemen (@tagesthemen) <a href=\"https:\/\/twitter.com\/tagesthemen\/status\/1374128209810354176?ref_src=twsrc%5Etfw\">March 22, 2021<\/a><\/blockquote><script async src=\"https:\/\/platform.twitter.com\/widgets.js\" charset=\"utf-8\"><\/script>\n<\/div><\/figure>\n\n\n\n<p>Und deswegen sollte man dringend \u00fcberall die <a href=\"https:\/\/sockenseite.de\/wordpress\/tag\/nocovid\/\">#NoCovid-Strategie<\/a> anwenden. H\u00e4tten wir das im Januar schon gemacht<sup><a href=\"#footnote_11_3444\" id=\"identifier_11_3444\" class=\"footnote-link footnote-identifier-link\" title=\"Wie vorgeschlagen.\">11<\/a><\/sup>, w\u00e4ren wir jetzt schon so gut wie durch damit. <\/p>\n<ol class=\"footnotes\"><li id=\"footnote_1_3444\" class=\"footnote\">Der gro\u00dfe Ausbruch in einem Rheindorfer Pflegeheim war nur die Spitze des Eisbergs.<span class=\"footnote-back-link-wrapper\">[<a href=\"#identifier_1_3444\" class=\"footnote-link footnote-back-link\">&#8617;<\/a>]<\/span><\/li><li id=\"footnote_2_3444\" class=\"footnote\">Lustigerweise wie bei uns direkt in die <a href=\"https:\/\/www.rnd.de\/politik\/frankreich-dritte-corona-welle-aber-kein-dritter-lockdown-G3IAHPHP35DGDCZZRIH3EEQH5Y.html\">dritte Welle<\/a> hinein.<span class=\"footnote-back-link-wrapper\">[<a href=\"#identifier_2_3444\" class=\"footnote-link footnote-back-link\">&#8617;<\/a>]<\/span><\/li><li id=\"footnote_3_3444\" class=\"footnote\">Als sei die Bev\u00f6lkerung in Deutschland irgendwie immun oder das Virus hierzulande harmloser. Ich glaube nicht, Tim.<span class=\"footnote-back-link-wrapper\">[<a href=\"#identifier_3_3444\" class=\"footnote-link footnote-back-link\">&#8617;<\/a>]<\/span><\/li><li id=\"footnote_4_3444\" class=\"footnote\">und einen Dreck auf so unwichtige Absprachen wie &#8222;Notbremse bei 100er Inzidenz&#8220; gibt.<span class=\"footnote-back-link-wrapper\">[<a href=\"#identifier_4_3444\" class=\"footnote-link footnote-back-link\">&#8617;<\/a>]<\/span><\/li><li id=\"footnote_5_3444\" class=\"footnote\">Nicht pharmazeutische Inventionen, also Ma\u00dfnahmen wie Kontaktminimierung, Abstand, Maskenpflicht, Niesetikette, L\u00fcften<span class=\"footnote-back-link-wrapper\">[<a href=\"#identifier_5_3444\" class=\"footnote-link footnote-back-link\">&#8617;<\/a>]<\/span><\/li><li id=\"footnote_6_3444\" class=\"footnote\">Niemand hatte aber damit gerechnet, dass Deutschland so d\u00e4mlich sein w\u00fcrde, das schon anzufangen, BEVOR wenigstens die Gruppe \u00dc70 geimpft ist.<span class=\"footnote-back-link-wrapper\">[<a href=\"#identifier_6_3444\" class=\"footnote-link footnote-back-link\">&#8617;<\/a>]<\/span><\/li><li id=\"footnote_7_3444\" class=\"footnote\">So ziemlich alle au\u00dfer der Klitsche Streeck, Wodarg, Bhakdhi, St\u00f6hr.<span class=\"footnote-back-link-wrapper\">[<a href=\"#identifier_7_3444\" class=\"footnote-link footnote-back-link\">&#8617;<\/a>]<\/span><\/li><li id=\"footnote_8_3444\" class=\"footnote\">Was ich zu der naiven Frage nach einem Konzept f\u00fcr die Schnelltestungen in den Schulen und Kitas im Schulausschuss geh\u00f6rt habe, erz\u00e4hle ich ein anderes Mal.<span class=\"footnote-back-link-wrapper\">[<a href=\"#identifier_8_3444\" class=\"footnote-link footnote-back-link\">&#8617;<\/a>]<\/span><\/li><li id=\"footnote_9_3444\" class=\"footnote\">\u00dcbrigens sagte das der Chef des RKI, Lothar Wieler, bereits am 5.2.2021: &#8222;Eine \u00d6ffnung von Kitas und Schulen k\u00f6nne in Deutschland nur mit klaren Schutzkonzepten m\u00f6glich sein&#8220;<span class=\"footnote-back-link-wrapper\">[<a href=\"#identifier_9_3444\" class=\"footnote-link footnote-back-link\">&#8617;<\/a>]<\/span><\/li><li id=\"footnote_10_3444\" class=\"footnote\">Unter <a href=\"https:\/\/www.google.com\/maps\/d\/u\/0\/viewer?mid=1J3_XAIpyGIFCWUz7VAel_Z3Gnf_jju_c&amp;ll=51.232230152602796%2C11.1756916682888&amp;z=6\">https:\/\/www.google.com\/maps\/d\/u\/0\/viewer?mid=1J3_XAIpyGIFCWUz7VAel_Z3Gnf_jju_c&amp;ll=51.232230152602796%2C11.1756916682888&amp;z=6<\/a> werden \u00fcbrigens F\u00e4lle mit Mutationen in deutschen Schulen und Kitas gesammelt.<span class=\"footnote-back-link-wrapper\">[<a href=\"#identifier_10_3444\" class=\"footnote-link footnote-back-link\">&#8617;<\/a>]<\/span><\/li><li id=\"footnote_11_3444\" class=\"footnote\">Wie <a href=\"https:\/\/carta.info\/zero-covid-a-rapid-and-comprehensive-end-of-the-pandemic-is-possible\/\">vorgeschlagen<\/a>.<span class=\"footnote-back-link-wrapper\">[<a href=\"#identifier_11_3444\" class=\"footnote-link footnote-back-link\">&#8617;<\/a>]<\/span><\/li><\/ol>","protected":false},"excerpt":{"rendered":"<p>Seit Monaten d\u00fcmpelt Deutschland in einem Larifari-Lockdown wegen der Covid-19-Pandemie herum. Beliebteste Richtung der grafisch aufbereiteten Fallzahlen ist seitw\u00e4rts. Anfangs, weil die Ma\u00dfnahmen&hellip;<\/p>\n","protected":false},"author":1,"featured_media":3807,"comment_status":"open","ping_status":"open","sticky":false,"template":"","format":"standard","meta":{"_bluesky_dont_syndicate":"","_bluesky_syndication_accounts":"","_bluesky_syndication_text":"","footnotes":""},"categories":[21,22],"tags":[507,553,773,514,165,520,485,570,508,770,552],"class_list":["post-3444","post","type-post","status-publish","format-standard","has-post-thumbnail","hentry","category-pflege-und-gesundheit","category-politik-und-gesellschaft","tag-bildungabersicher","tag-nocovid","tag-christian-drosten","tag-coronavirus","tag-gesundheit","tag-impfung","tag-kindertagesstaette","tag-schnelltests","tag-schulen","tag-schutzmassnahmen","tag-verantwortung"],"_links":{"self":[{"href":"https:\/\/sockenseite.de\/wordpress\/wp-json\/wp\/v2\/posts\/3444","targetHints":{"allow":["GET"]}}],"collection":[{"href":"https:\/\/sockenseite.de\/wordpress\/wp-json\/wp\/v2\/posts"}],"about":[{"href":"https:\/\/sockenseite.de\/wordpress\/wp-json\/wp\/v2\/types\/post"}],"author":[{"embeddable":true,"href":"https:\/\/sockenseite.de\/wordpress\/wp-json\/wp\/v2\/users\/1"}],"replies":[{"embeddable":true,"href":"https:\/\/sockenseite.de\/wordpress\/wp-json\/wp\/v2\/comments?post=3444"}],"version-history":[{"count":0,"href":"https:\/\/sockenseite.de\/wordpress\/wp-json\/wp\/v2\/posts\/3444\/revisions"}],"wp:featuredmedia":[{"embeddable":true,"href":"https:\/\/sockenseite.de\/wordpress\/wp-json\/wp\/v2\/media\/3807"}],"wp:attachment":[{"href":"https:\/\/sockenseite.de\/wordpress\/wp-json\/wp\/v2\/media?parent=3444"}],"wp:term":[{"taxonomy":"category","embeddable":true,"href":"https:\/\/sockenseite.de\/wordpress\/wp-json\/wp\/v2\/categories?post=3444"},{"taxonomy":"post_tag","embeddable":true,"href":"https:\/\/sockenseite.de\/wordpress\/wp-json\/wp\/v2\/tags?post=3444"}],"curies":[{"name":"wp","href":"https:\/\/api.w.org\/{rel}","templated":true}]}}