{"id":2350,"date":"2020-10-20T22:23:40","date_gmt":"2020-10-20T20:23:40","guid":{"rendered":"https:\/\/sockenseite.de\/wordpress\/?p=2350"},"modified":"2020-11-11T15:06:42","modified_gmt":"2020-11-11T14:06:42","slug":"keiner-hat-das-wort-gekannt","status":"publish","type":"post","link":"https:\/\/sockenseite.de\/wordpress\/2020\/10\/20\/keiner-hat-das-wort-gekannt\/","title":{"rendered":"Keiner hat das Wort gekannt"},"content":{"rendered":"<p>Im Fr\u00fchjahr haben Familien gr\u00f6\u00dfte Solidarit\u00e4t mit der gesamten Gesellschaft bewiesen und die <a href=\"https:\/\/web.archive.org\/web\/20200517052149\/https:\/\/www.mkffi.nrw\/sites\/default\/files\/asset\/document\/20200317_elternbrief_nr.1.pdf\">Kita-Schlie\u00dfungen<\/a> hingenommen. Daf\u00fcr wurden Urlaubskonten aufgebraucht und Lohneinbu\u00dfen in Kauf genommen. Erzieherinnen und Erzieher hatten in dieser Zeit durch Finanzierungszusagen des Landes <a href=\"https:\/\/web.archive.org\/web\/20210118012733\/https:\/\/www.mkffi.nrw\/sites\/default\/files\/asset\/document\/20200318_informationsschreiben_0.pdf\">keine finanziellen Einschr\u00e4nkungen<\/a>, und durch den auf Notbetreuung begrenzten Einsatz waren viele Ressourcen frei. Diese wurden <a href=\"https:\/\/stadtelternratleverkusenblog.wordpress.com\/2020\/07\/24\/stadtelternrat-ruft-traeger-zu-mehr-engagement-im-eingeschraenkten-regelbetrieb-auf\/\">keineswegs immer im Sinne der Kinder<\/a> genutzt, denn viele Einrichtungen hielten kaum oder gar keinen Kontakt zu den Familien.<\/p>\n<p>Der Landeselternbeirat ist nach den Ank\u00fcndigungen des Warnstreiks <a href=\"https:\/\/stadtelternratleverkusenblog.wordpress.com\/2020\/10\/07\/offener-brief-des-landeselternbeirates-an-die-tarifpartner-im-oeffentlichen-dienst-zur-tarifrunde-tvoed-2020\/\">auf Verdi zugegangen<\/a> und hat um Solidarit\u00e4t mit den Eltern gebeten. Freie Tage der Eltern sind <a href=\"https:\/\/web.archive.org\/web\/20210729160814\/https:\/\/www.familieninderkrise.com\/2020\/07\/26\/frag-dein-gesundheitsamt\/\">aufgebraucht<\/a>, der Herbst verspricht weiteres Ungemach wie <a href=\"https:\/\/web.archive.org\/web\/20210421051155\/https:\/\/www.familieninderkrise.com\/2020\/10\/14\/50-000-kinder-in-quarantaene-strategiewechsel-ist-laengst-ueberfaellig\/\">Quarant\u00e4ne<\/a> und Lockdowns. Da w\u00e4re R\u00fccksichtnahme auf die Familien angemessen. Pustekuchen.<\/p>\n<p>Ein Warnstreik ist ein wichtiges Instrument der Arbeitnehmerschaft, daher darf das Streikrecht nicht in Zweifel gezogen werden. Aber nicht alles, was erlaubt ist, muss auch gemacht werden. Dies sollte gerade in Corona-Zeiten allen bewusst sein. Der Warnstreik h\u00e4tte auch ohne Beteiligung der Kitas das beabsichtigte Signal gesetzt. Aber Verdi ist eben erkenntnisresistent. Es hat nicht mal daf\u00fcr ausgereicht, die Eltern fr\u00fchzeitig und umfassend \u00fcber das Ausma\u00df des Streiks in Kenntnis zu setzen.<\/p>\n<p>Ich mag R\u00fccksichtnahme. Die gibt es bei Verdi aber <a href=\"https:\/\/www.radioleverkusen.de\/artikel\/viele-mitarbeiter-bei-streiks-in-leverkusen-753707-amp.html\">offenbar nicht<\/a>.<\/p>\n<p>\u00dcbrigens:<\/p>\n<blockquote class=\"twitter-tweet\" data-width=\"550\" data-dnt=\"true\">\n<p lang=\"de\" dir=\"ltr\">Gewerkschaft, Berufsverband, Partei: Bochumer Bund, DBfK, Piratenpartei<\/p>\n<p>Weil sich dies erg\u00e4nzt und auf mehreren Ebenen die Bedingungen f\u00fcr <a href=\"https:\/\/twitter.com\/hashtag\/Pflege?src=hash&amp;ref_src=twsrc%5Etfw\">#Pflege<\/a> verbessern soll.<\/p>\n<p>&mdash; Oliver Ding (@die_socke) <a href=\"https:\/\/twitter.com\/die_socke\/status\/1289868131595296769?ref_src=twsrc%5Etfw\">August 2, 2020<\/a><\/p><\/blockquote>\n<p><script async src=\"https:\/\/platform.twitter.com\/widgets.js\" charset=\"utf-8\"><\/script><\/p>\n","protected":false},"excerpt":{"rendered":"<p>Im Fr\u00fchjahr haben Familien gr\u00f6\u00dfte Solidarit\u00e4t mit der gesamten Gesellschaft bewiesen und die Kita-Schlie\u00dfungen hingenommen. Daf\u00fcr wurden Urlaubskonten aufgebraucht und Lohneinbu\u00dfen in Kauf&hellip;<\/p>\n","protected":false},"author":1,"featured_media":2352,"comment_status":"open","ping_status":"open","sticky":false,"template":"","format":"standard","meta":{"_bluesky_dont_syndicate":"","_bluesky_syndication_accounts":"","_bluesky_syndication_text":"","footnotes":""},"categories":[13,22],"tags":[485,373,506,505],"class_list":["post-2350","post","type-post","status-publish","format-standard","has-post-thumbnail","hentry","category-aufreger","category-politik-und-gesellschaft","tag-kindertagesstaette","tag-solidaritaet","tag-streikrecht","tag-verdi"],"_links":{"self":[{"href":"https:\/\/sockenseite.de\/wordpress\/wp-json\/wp\/v2\/posts\/2350","targetHints":{"allow":["GET"]}}],"collection":[{"href":"https:\/\/sockenseite.de\/wordpress\/wp-json\/wp\/v2\/posts"}],"about":[{"href":"https:\/\/sockenseite.de\/wordpress\/wp-json\/wp\/v2\/types\/post"}],"author":[{"embeddable":true,"href":"https:\/\/sockenseite.de\/wordpress\/wp-json\/wp\/v2\/users\/1"}],"replies":[{"embeddable":true,"href":"https:\/\/sockenseite.de\/wordpress\/wp-json\/wp\/v2\/comments?post=2350"}],"version-history":[{"count":0,"href":"https:\/\/sockenseite.de\/wordpress\/wp-json\/wp\/v2\/posts\/2350\/revisions"}],"wp:featuredmedia":[{"embeddable":true,"href":"https:\/\/sockenseite.de\/wordpress\/wp-json\/wp\/v2\/media\/2352"}],"wp:attachment":[{"href":"https:\/\/sockenseite.de\/wordpress\/wp-json\/wp\/v2\/media?parent=2350"}],"wp:term":[{"taxonomy":"category","embeddable":true,"href":"https:\/\/sockenseite.de\/wordpress\/wp-json\/wp\/v2\/categories?post=2350"},{"taxonomy":"post_tag","embeddable":true,"href":"https:\/\/sockenseite.de\/wordpress\/wp-json\/wp\/v2\/tags?post=2350"}],"curies":[{"name":"wp","href":"https:\/\/api.w.org\/{rel}","templated":true}]}}