{"id":2255,"date":"2018-12-28T20:18:17","date_gmt":"2018-12-28T19:18:17","guid":{"rendered":"https:\/\/sockenseite.de\/wordpress\/?p=2255"},"modified":"2019-02-22T09:10:43","modified_gmt":"2019-02-22T08:10:43","slug":"pflege-deinen-zorn","status":"publish","type":"post","link":"https:\/\/sockenseite.de\/wordpress\/2018\/12\/28\/pflege-deinen-zorn\/","title":{"rendered":"Pflege Deinen Zorn"},"content":{"rendered":"<p>In der Diskussion zu einer \u00fcblichen <a href=\"https:\/\/m.facebook.com\/story.php?story_fbid=10156980109694044&amp;id=92576009043\">Selbstbeweihr\u00e4ucherung des aktuellen Gesundheitsministerdarstellers Jens Spahn<\/a> auf Facebook n\u00f6tigte mir ein Posting einen <a href=\"https:\/\/www.facebook.com\/jensspahn\/posts\/10156980109694044?comment_id=10156980175989044&amp;reply_comment_id=10156980793684044&amp;comment_tracking=%7B%22tn%22%3A%22R%2399%22%7D&amp;__xts__%5B0%5D=68.ARAKDEPNC6qNNLeCjVfNjM1H63flEGlDRBO7Vx4CDb788_1NBmKGh5pdQ2HNdErXi408Ukk8D8_edzL-UHxOUd3ZjiP6mASyY0WAWY0HTkJKhvEDdI1aPnfhoPByaJtBNh_z7ObHjQWDheYYTVck0vkyuzXtuJ28MC-n_4eFbjVB5Q89ZnUCZEMIQA8-30aaOPWxe_oWuXrFMoEf8eUi0oEgYmjXRn-gqETaEHOlyY4oz7lJzCAFHY5kEWDCjH9KMQUvbDRv_LPKVNmc6RaZjxh84uFStIL57iesRd4gMRF6o1YPR7LDM1REWWZV7XBJaDXVNdmKHLz1lGyNjzkP&amp;__tn__=-UK-R\">Kommentar<\/a> ab, den ich Euch nicht vorenthalten m\u00f6chte. Erst mal das ausl\u00f6sende Posting:<\/p>\n<p><img loading=\"lazy\" decoding=\"async\" class=\"wp-image-2256 alignnone size-full\" src=\"https:\/\/sockenseite.de\/wordpress\/wp-content\/uploads\/2018\/12\/IMG_20181228_201551.jpg\" width=\"741\" height=\"576\" srcset=\"https:\/\/sockenseite.de\/wordpress\/wp-content\/uploads\/2018\/12\/IMG_20181228_201551.jpg 741w, https:\/\/sockenseite.de\/wordpress\/wp-content\/uploads\/2018\/12\/IMG_20181228_201551-300x233.jpg 300w\" sizes=\"auto, (max-width: 741px) 100vw, 741px\" \/><\/p>\n<p>Und dann ich:<\/p>\n<p>Wenn Pflegende zu Hunderttausenden aus dem Beruf geflohen sind und trotz nachwachsenden Kr\u00e4ften Zehntausende Pflegekr\u00e4fte fehlen, sind 13.000 Stellen maximal Tropfen auf den hei\u00dfen Stein, aber nichts, was Pflexiter zur\u00fcckbr\u00e4chte &#8211; schon gar nicht in den Mengen, um zu vermeiden, dass die nicht zu besetzenden Stellen nach ein paar Monaten durch Hilfskr\u00e4fte besetzt werden. Das ist reine Verarsche, aber eben Politik f\u00fcr die blinde Masse, der man dann sagen kann, man h\u00e4tte ja 13.000 Fachkraftstellen geschaffen.<\/p>\n<p>Als vor einigen Jahren die Betreuungskr\u00e4fte f\u00fcr alle Pflegebed\u00fcrftigen geschaffen wurden, hie\u00df es, man w\u00fcrde ja so viel f\u00fcr die Dementen tun &#8211; indem man allen anderen Anspruch auf niederschwellige Betreuung gab, da die Dementen diesen Anspruch schon vorher hatten. Und weil man mit der <a href=\"https:\/\/web.archive.org\/web\/20220705171307\/https:\/\/gkv-spitzenverband.de\/media\/dokumente\/pflegeversicherung\/beratung_und_betreuung\/betreuungskraefte\/2016_11_23_Pflege_Betreuungskraefte-RL_53b_SGB_XI.pdf\">Betreuungskr\u00e4fte-Richtlinie<\/a> den Betreuungskr\u00e4ften verbot, regelm\u00e4\u00dfig pflegerische Aufgaben zu \u00fcbernehmen, linderte das gar keinen #Pflegenotstand, sorgte aber durch Bemerkungen des damaligen Pflegebeauftragten, man habe ja Zehntausende &#8222;Pflegekr\u00e4fte&#8220; geschaffen, f\u00fcr wahlweise Heiterkeit oder Zornesr\u00f6te.<\/p>\n<p>Das ist Pflegepolitik, die damals wie heute an den N\u00f6ten der #Pflege vorbei geht, und wer dies als Pflegender NICHT kritisiert, sollte sich fragen, welches Berufsverst\u00e4ndnis er hat. Ein professionelles ist es jedenfalls nicht, wenn einem eine Schachtel Merci reicht.<\/p>\n","protected":false},"excerpt":{"rendered":"<p>In der Diskussion zu einer \u00fcblichen Selbstbeweihr\u00e4ucherung des aktuellen Gesundheitsministerdarstellers Jens Spahn auf Facebook n\u00f6tigte mir ein Posting einen Kommentar ab, den ich&hellip;<\/p>\n","protected":false},"author":1,"featured_media":1834,"comment_status":"open","ping_status":"open","sticky":false,"template":"","format":"standard","meta":{"_bluesky_dont_syndicate":"","_bluesky_syndication_accounts":"","_bluesky_syndication_text":"","footnotes":""},"categories":[13,21],"tags":[475,500,289,291],"class_list":["post-2255","post","type-post","status-publish","format-standard","has-post-thumbnail","hentry","category-aufreger","category-pflege-und-gesundheit","tag-bundesgesundheitsministerium","tag-jens-spahn","tag-pflegenotstand","tag-pflexit"],"_links":{"self":[{"href":"https:\/\/sockenseite.de\/wordpress\/wp-json\/wp\/v2\/posts\/2255","targetHints":{"allow":["GET"]}}],"collection":[{"href":"https:\/\/sockenseite.de\/wordpress\/wp-json\/wp\/v2\/posts"}],"about":[{"href":"https:\/\/sockenseite.de\/wordpress\/wp-json\/wp\/v2\/types\/post"}],"author":[{"embeddable":true,"href":"https:\/\/sockenseite.de\/wordpress\/wp-json\/wp\/v2\/users\/1"}],"replies":[{"embeddable":true,"href":"https:\/\/sockenseite.de\/wordpress\/wp-json\/wp\/v2\/comments?post=2255"}],"version-history":[{"count":0,"href":"https:\/\/sockenseite.de\/wordpress\/wp-json\/wp\/v2\/posts\/2255\/revisions"}],"wp:featuredmedia":[{"embeddable":true,"href":"https:\/\/sockenseite.de\/wordpress\/wp-json\/wp\/v2\/media\/1834"}],"wp:attachment":[{"href":"https:\/\/sockenseite.de\/wordpress\/wp-json\/wp\/v2\/media?parent=2255"}],"wp:term":[{"taxonomy":"category","embeddable":true,"href":"https:\/\/sockenseite.de\/wordpress\/wp-json\/wp\/v2\/categories?post=2255"},{"taxonomy":"post_tag","embeddable":true,"href":"https:\/\/sockenseite.de\/wordpress\/wp-json\/wp\/v2\/tags?post=2255"}],"curies":[{"name":"wp","href":"https:\/\/api.w.org\/{rel}","templated":true}]}}