{"id":2202,"date":"2018-09-14T17:22:57","date_gmt":"2018-09-14T15:22:57","guid":{"rendered":"https:\/\/sockenseite.de\/wordpress\/?p=2202"},"modified":"2022-04-01T15:17:25","modified_gmt":"2022-04-01T13:17:25","slug":"blinde-flecken-bei-gewalt-in-leverkusener-kitas","status":"publish","type":"post","link":"https:\/\/sockenseite.de\/wordpress\/2018\/09\/14\/blinde-flecken-bei-gewalt-in-leverkusener-kitas\/","title":{"rendered":"Blinde Flecken bei Gewalt in Leverkusener Kitas?"},"content":{"rendered":"\n<p>In der <a href=\"https:\/\/sockenseite.de\/wordpress\/2018\/02\/25\/antwort-der-stadtverwaltung-auf-die-anfrage-zur-gewaltpraevention-in-kitas\/\" data-type=\"post\" data-id=\"4997\">Antwort der Stadtverwaltung<\/a> auf die Anfrage des Stadtelternrats zur <a href=\"https:\/\/sockenseite.de\/wordpress\/2017\/12\/22\/anfrage-des-stadtelternrats-zu-gewaltpraevention-in-leverkusener-kitas\/\" data-type=\"post\" data-id=\"4995\">Anfrage zur Gewaltpr\u00e4vention in Leverkusener Kitas<\/a> wird deutlich, dass es weiter Probleme in diesem Bereich gibt. Nach meiner Ansicht bieten sich drei Ma\u00dfnahmen an, um das Problem konstruktiv anzugehen: die verpflichtende Einf\u00fchrung mindestens einer Beauftragten f\u00fcr Kinderschutz in jeder Kindertageseinrichtung, die statistische Auswertung sowie eine anonyme, unabh\u00e4ngige Meldestelle f\u00fcr Gewalt.<\/p>\n\n\n\n<p>In seiner <a href=\"https:\/\/sockenseite.de\/wordpress\/2018\/02\/25\/antwort-der-stadtverwaltung-auf-die-anfrage-zur-gewaltpraevention-in-kitas\/\" data-type=\"post\" data-id=\"4997\">Antwort<\/a> verweist der Fachbereich Kinder und Jugend in den Nrn. 1, 2 und 5 auf die Publikation <a href=\"https:\/\/web.archive.org\/web\/20211113233339\/https:\/\/www.mkffi.nrw\/sites\/default\/files\/asset\/document\/bildungsgrundsaetze_161219.pdf\">&#8222;Bildungsgrunds\u00e4tzen f\u00fcr Kinder im Alter von 0 bis 10 Jahren in Kinderbetreuung und in Schulen im Primarbereich&#8220;<\/a> des Familienministeriums von 2016. In diesem Dokument kommt der Begriff &#8222;Gewalt&#8220; zwei Mal vor: einmal bei der Auflistung von in Kitas vermittelten Bildungsm\u00f6glichkeiten, die benennen, Konflikte selbst\u00e4ndig und gewaltfrei zu l\u00f6sen; ein anderes Mal im Zusammenhang mit dem Verst\u00e4ndnis f\u00fcr &#8222;Fernsehgewalt&#8220; im Rahmen der Vermittlung von Medienkompetenz. Ein Gewaltpr\u00e4ventionskonzept ist dieser Publikation nicht zu entnehmen. Die Aussage, dass &#8222;die angesprochene Thematik hier umfassend und abschlie\u00dfend abgehandelt&#8220; wird, trifft erkennbar nicht zu.<\/p>\n\n\n\n<p>In der Stadt Leverkusen gibt es nach Auskunft in Nr. 3 keine Beauftragten zur Gewaltpr\u00e4vention. Die Aufgabe soll von allen Fachkr\u00e4ften mit \u00fcbernommen werden. Aufgaben, die nicht klar geregelt werden, leiden jedoch bei komplexen Aufgabengebieten wie der Bildungsvermittlung im Primarbereich erfahrungsgem\u00e4\u00df an fehlenden Zust\u00e4ndigkeiten. Nach meiner Ansicht sollte es in jeder Kindertageseinrichtung mindestens eine Beauftragte f\u00fcr Kinderschutz geben.<\/p>\n\n\n\n<p>Die Stadtverwaltung verweist zu Nr. 4 darauf, dass es ein Verfahren gibt, das vorsieht, dass dem Jugendamt gemeldet werden muss, wenn Konfliktsituationen durch die Fachkr\u00e4fte nicht umfassend ausger\u00e4umt werden k\u00f6nnen. Die Beurteilung, ob etwas umfassend ausger\u00e4umt werden kann, wird also nicht durch eine dritte Stelle getroffen, sondern durch die Fachkr\u00e4fte selbst. Bei Eigenevalutationen gibt es jedoch bekannterma\u00dfen blinde Flecke, was im Zusammenhang mit dem Fehlen konkreter Zust\u00e4ndigkeiten bei der Gewaltpr\u00e4vention nicht einrichtungsintern aufgel\u00f6st werden kann. Somit kann das Jugendamt auch nicht davon ausgehen, dass ihm alle nicht gel\u00f6sten Probleme gemeldet werden. Die benannten externen Kooperationspartner weisen auch eher darauf hin, dass mit dem Verweis auf die Kindeswohlgef\u00e4hrdung der schwarze Peter dem sozialen Netzwerk der Kinder zugewiesen werden soll, anstatt die Probleme die in der Kita selbst bestehen, zu pr\u00fcfen.<\/p>\n\n\n\n<p>Das Jugendamt f\u00fchrt laut Nr. 5 keine Statistik \u00fcber Problemf\u00e4lle. Es ist demnach nicht messbar, ob keine schwerwiegenden Konflikte vorlagen oder ob diese alle z\u00fcgig gel\u00f6st werden konnten. Insbesondere ist aber auch nicht messbar, wo es besonders wenige oder besonders viele Probleme gibt, was Aufschluss \u00fcber geeignete Konzepte zur Gewaltpr\u00e4vention bieten k\u00f6nnte. Eine solche statistische Auswertung ist daher nach meiner Ansicht als eine im Qualit\u00e4tsmanagement sinnvolle Ma\u00dfnahme dringend zu empfehlen.<\/p>\n\n\n\n<p>Dass die Stadtverwaltung zu Nr. 10 darauf verweist, dass bei Problemen die Leitung in der Kita informiert werden sollte, ignoriert das Problem, dass die Leitung eventuell systemisch bedingte Ursachen nicht erkennt oder nicht erkennen will und daher wenig Interesse an einer Probleml\u00f6sung hat oder die beteiligten Eltern dabei nicht ausreichend unterst\u00fctzt. Solche F\u00e4lle wurden auch dem Stadtelternrat bereits mehrfach zugetragen. Dies hat Signalwirkung und k\u00f6nnte auch andere Eltern demotivieren, mit ihren gewaltbezogenen Problemen den Kontakt zur Leitung zu suchen. Zur Probleml\u00f6sung bietet sich daher eine anonyme, unabh\u00e4ngige Meldestelle f\u00fcr Gewalt an.<\/p>\n","protected":false},"excerpt":{"rendered":"<p>In der Antwort der Stadtverwaltung auf die Anfrage des Stadtelternrats zur Anfrage zur Gewaltpr\u00e4vention in Leverkusener Kitas wird deutlich, dass es weiter Probleme&hellip;<\/p>\n","protected":false},"author":1,"featured_media":2352,"comment_status":"open","ping_status":"open","sticky":false,"template":"","format":"standard","meta":{"_bluesky_dont_syndicate":"","_bluesky_syndication_accounts":"","_bluesky_syndication_text":"","footnotes":""},"categories":[13,22],"tags":[725,539,715,168,485,489,231,488,717],"class_list":["post-2202","post","type-post","status-publish","format-standard","has-post-thumbnail","hentry","category-aufreger","category-politik-und-gesellschaft","tag-anfrage","tag-elternarbeit","tag-elternmitwirkung","tag-gewaltpraevention","tag-kindertagesstaette","tag-kindeswohlgefaehrdung","tag-leverkusen","tag-qualitaetsmanagement","tag-stadtelternrat"],"_links":{"self":[{"href":"https:\/\/sockenseite.de\/wordpress\/wp-json\/wp\/v2\/posts\/2202","targetHints":{"allow":["GET"]}}],"collection":[{"href":"https:\/\/sockenseite.de\/wordpress\/wp-json\/wp\/v2\/posts"}],"about":[{"href":"https:\/\/sockenseite.de\/wordpress\/wp-json\/wp\/v2\/types\/post"}],"author":[{"embeddable":true,"href":"https:\/\/sockenseite.de\/wordpress\/wp-json\/wp\/v2\/users\/1"}],"replies":[{"embeddable":true,"href":"https:\/\/sockenseite.de\/wordpress\/wp-json\/wp\/v2\/comments?post=2202"}],"version-history":[{"count":0,"href":"https:\/\/sockenseite.de\/wordpress\/wp-json\/wp\/v2\/posts\/2202\/revisions"}],"wp:featuredmedia":[{"embeddable":true,"href":"https:\/\/sockenseite.de\/wordpress\/wp-json\/wp\/v2\/media\/2352"}],"wp:attachment":[{"href":"https:\/\/sockenseite.de\/wordpress\/wp-json\/wp\/v2\/media?parent=2202"}],"wp:term":[{"taxonomy":"category","embeddable":true,"href":"https:\/\/sockenseite.de\/wordpress\/wp-json\/wp\/v2\/categories?post=2202"},{"taxonomy":"post_tag","embeddable":true,"href":"https:\/\/sockenseite.de\/wordpress\/wp-json\/wp\/v2\/tags?post=2202"}],"curies":[{"name":"wp","href":"https:\/\/api.w.org\/{rel}","templated":true}]}} 