{"id":1901,"date":"2017-10-06T23:34:56","date_gmt":"2017-10-06T21:34:56","guid":{"rendered":"https:\/\/sockenseite.de\/wordpress\/?p=1901"},"modified":"2021-01-09T11:45:16","modified_gmt":"2021-01-09T10:45:16","slug":"von-absurden-vorwuerfen","status":"publish","type":"post","link":"https:\/\/sockenseite.de\/wordpress\/2017\/10\/06\/von-absurden-vorwuerfen\/","title":{"rendered":"Von absurden Vorw\u00fcrfen"},"content":{"rendered":"<p>Ich habe in meinem Leben schon so manchen absurden an mich gerichteten Vorwurf geh\u00f6rt oder gelesen. In den letzten Monaten gab es gleich mehrmals den Vorwurf, ich sei ein Nazi oder sympathisiere mit denen. Klar. Macht man ja so als jemand, der sich immer wieder klar antifaschistisch ge\u00e4u\u00dfert und engagiert hat. Ich weise jedoch gerne darauf hin, dass ich mich gegen Menschenhass jedweder Form engagiere. Und wenn der Kampf gegen Rechts so weit getrieben wird, dass er sich als gruppenbezogener Menschenhass gegen (oft nur vermeintliche) &#8222;Nazis&#8220; zeigt, gibt es eben Grenzen meiner Sympathie.<\/p>\n<p>Eigentlich sollte jeder demokratisch gesinnte Mensch so denken: Menschenhass geht nicht. Punkt. Jede Ideologie, die anderen Menschen grundlegende Menschenrechte abspricht, ist abzulehnen. Das ist einer der Hauptgr\u00fcnde, warum ich antifaschistisch eingestellt bin. Wenn die Ablehnung einer Gruppe von Menschen, z.B. wegen der Abstammung, der sexuellen  Orientierung oder der politischen Einstellung, so weit geht, dass man dieser bestimmten Gruppe Grundrechte wie Meinungsfreiheit, politische Bet\u00e4tigung oder sogar das Recht auf k\u00f6rperliche Unversehrtheit versagen will, ist das gruppenbezogener Menschenhass. Deswegen ist man als Demokrat auch im Auftrag des Grundgesetzes gegen Nazis.<\/p>\n<p>Wenn die eben erw\u00e4hnten Menschenrechte aus einer antifaschistischen Einstellung her verwehrt werden, zeigt dies nat\u00fcrlich ebenfalls bedenkliche Z\u00fcge. Die vermeintliche moralische \u00dcberlegenheit, mit der gerne argumentiert wird, macht diese Art von Menschenhass kein St\u00fcck besser als den der Rechten.<\/p>\n<blockquote class=\"twitter-tweet\" data-width=\"550\" data-dnt=\"true\">\n<p lang=\"de\" dir=\"ltr\">Wer anderen das Lebensrecht abspricht, unterscheidet sich von einem Nazi genau wodurch?<\/p>\n<p>&mdash; Oliver Ding (@die_socke) <a href=\"https:\/\/twitter.com\/die_socke\/status\/914518616908943360?ref_src=twsrc%5Etfw\">October 1, 2017<\/a><\/p><\/blockquote>\n<p><script async src=\"https:\/\/platform.twitter.com\/widgets.js\" charset=\"utf-8\"><\/script><\/p>\n<p>Bei aller gut begr\u00fcndeten Abscheu auch beim Kampf gegen Rechts m\u00fcssen rechtsstaatliche Prinzipien und die Menschenrechte dieser Typen geachtet werden. Sie d\u00fcrfen nicht einfach weger der hypothetischen Gefahr f\u00fcr Leib und Leben anderer ermordet werden. Ich bin eigentlich entsetzt, dass das nicht selbstverst\u00e4ndlich zu sein scheint.<\/p>\n<blockquote class=\"twitter-tweet\" data-width=\"550\" data-dnt=\"true\">\n<p lang=\"de\" dir=\"ltr\">Auch wortreich benannte hypothetische Gefahren f\u00fcr den Rechtsstaat d\u00fcrfen nicht mit nicht rechtsstaatlichen Mitteln bek\u00e4mpft werden.<\/p>\n<p>&mdash; Oliver Ding (@die_socke) <a href=\"https:\/\/twitter.com\/die_socke\/status\/914515449504821248?ref_src=twsrc%5Etfw\">October 1, 2017<\/a><\/p><\/blockquote>\n<p><script async src=\"https:\/\/platform.twitter.com\/widgets.js\" charset=\"utf-8\"><\/script><\/p>\n<p>Ebenso selbstverst\u00e4ndlich sollte die Erkenntnis sein, dass vom Volk durch eine Wahl bestimmte Abgeordnete das Recht haben, diese T\u00e4tigkeit auszu\u00fcben. Der W\u00e4hler hat dies legitimiert &#8211; egal, ob mir das Wahlergebnis gef\u00e4llt oder nicht.<\/p>\n<p>Ich k\u00f6nnte wegen des Einzugs der AfD in den Bundestag auch kotzen, aber solange sie keine Straftaten begehen, k\u00f6nnen sie nicht einfach aus dem Parlament herausgew\u00fcnscht werden. Die Typen d\u00fcrfen sogar antisemitisch eingestellt sein. Solange sie dies nicht \u00f6ffentlich \u00e4u\u00dfern, gibt es dagegen keine Handhabe, und wenn sie dies tun, gibt es entsprechende Gesetze und das staatliche Gewaltmonopol, um dagegen vorzugehen. Selbstjustiz geht da mal gar nicht. Von der blo\u00dfen Anwesenheit der AfD in die deutschen Parlamenten gleich auf den in Art. 2 Abs. 4 genannte Gefahr f\u00fcr die freiheitlich-demokratische Grundordnung zu schlie\u00dfen, ist zun\u00e4chst einmal \u00fcbertrieben. Wir haben nicht 1933, und niemand hat die Absicht, Bernd H\u00f6cke zum Reichskanzler zu w\u00e4hlen.<\/p>\n<p>Und erz\u00e4hle mir bitte nicht, ich w\u00fcrde mit solcher Aussage wahlweise den Holocaust leugnen, den Nationalsozialismus verteidigen oder dem 4. Reich das Wort reden. Wenn Du das ernsthaft glaubst, solltest Du mal Deinen politischen Kompass justieren lassen. Wundere Dich \u00fcbrigens nicht, warum ich Dir nicht mehr antworte. <a href=\"https:\/\/sockenseite.de\/wordpress\/thema\/politik-und-gesellschaft\/von-lesern-filtern-und-diskussionshygiene\/\">Das geh\u00f6rt so<\/a>.<\/p>\n<blockquote class=\"twitter-tweet\" data-width=\"550\" data-dnt=\"true\">\n<p lang=\"de\" dir=\"ltr\">Typen, die mir nachsagen, ich w\u00fcrde das 3. Reich leugnen, und daf\u00fcr sorgen wollen, dass die AfD 4. Reich erschafft, muss ich nicht lesen.<\/p>\n<p>&mdash; Oliver Ding (@die_socke) <a href=\"https:\/\/twitter.com\/die_socke\/status\/914520650202664960?ref_src=twsrc%5Etfw\">October 1, 2017<\/a><\/p><\/blockquote>\n<p><script async src=\"https:\/\/platform.twitter.com\/widgets.js\" charset=\"utf-8\"><\/script><\/p>\n<p>Politik hat jetzt die Aufgabe, diesen Typen Grenzen zu setzen, ihre R\u00fcckw\u00e4rtsgewandtheit und Menschenfeindlichkeit aufzudecken und so daf\u00fcr zu sorgen, dass sie demn\u00e4chst nicht mehr gew\u00e4hlt werden. Zudem sollte sich die Regierung mal \u00fcberlegen, warum&nbsp;<a href=\"http:\/\/www.zeit.de\/politik\/deutschland\/2017-10\/bertelsmann-stiftung-afd-modernisierung-bundestagswahl-milieu\">durch alle sozialen Milieus hindurch breitfl\u00e4chig AfD gew\u00e4hlt<\/a>&nbsp;wurde. Es k\u00f6nnte daran liegen, dass die Politik der Regierungen Schr\u00f6der und Merkel die Entsolidarisierung der Gesellschaft vorgelebt haben, die sich nun eben in der Wahl einer unsolidarischen Partei spiegelt.<\/p>\n","protected":false},"excerpt":{"rendered":"<p>Ich habe in meinem Leben schon so manchen absurden an mich gerichteten Vorwurf geh\u00f6rt oder gelesen. In den letzten Monaten gab es gleich&hellip;<\/p>\n","protected":false},"author":1,"featured_media":1758,"comment_status":"open","ping_status":"open","sticky":false,"template":"","format":"standard","meta":{"_bluesky_dont_syndicate":"","_bluesky_syndication_accounts":"","_bluesky_syndication_text":"","footnotes":""},"categories":[13,22],"tags":[33,45,97,113,148,150,167,254,257,270],"class_list":["post-1901","post","type-post","status-publish","format-standard","has-post-thumbnail","hentry","category-aufreger","category-politik-und-gesellschaft","tag-afd","tag-antifaschismus","tag-demokratie","tag-diskussionskultur","tag-freiheit","tag-freiheitlich-demokratische-grundordnung","tag-gewaltmonopol","tag-meinungsfreiheit","tag-menschenrechte","tag-nazis"],"_links":{"self":[{"href":"https:\/\/sockenseite.de\/wordpress\/wp-json\/wp\/v2\/posts\/1901","targetHints":{"allow":["GET"]}}],"collection":[{"href":"https:\/\/sockenseite.de\/wordpress\/wp-json\/wp\/v2\/posts"}],"about":[{"href":"https:\/\/sockenseite.de\/wordpress\/wp-json\/wp\/v2\/types\/post"}],"author":[{"embeddable":true,"href":"https:\/\/sockenseite.de\/wordpress\/wp-json\/wp\/v2\/users\/1"}],"replies":[{"embeddable":true,"href":"https:\/\/sockenseite.de\/wordpress\/wp-json\/wp\/v2\/comments?post=1901"}],"version-history":[{"count":0,"href":"https:\/\/sockenseite.de\/wordpress\/wp-json\/wp\/v2\/posts\/1901\/revisions"}],"wp:featuredmedia":[{"embeddable":true,"href":"https:\/\/sockenseite.de\/wordpress\/wp-json\/wp\/v2\/media\/1758"}],"wp:attachment":[{"href":"https:\/\/sockenseite.de\/wordpress\/wp-json\/wp\/v2\/media?parent=1901"}],"wp:term":[{"taxonomy":"category","embeddable":true,"href":"https:\/\/sockenseite.de\/wordpress\/wp-json\/wp\/v2\/categories?post=1901"},{"taxonomy":"post_tag","embeddable":true,"href":"https:\/\/sockenseite.de\/wordpress\/wp-json\/wp\/v2\/tags?post=1901"}],"curies":[{"name":"wp","href":"https:\/\/api.w.org\/{rel}","templated":true}]}}