{"id":1891,"date":"2017-09-14T05:50:14","date_gmt":"2017-09-14T03:50:14","guid":{"rendered":"https:\/\/sockenseite.de\/wordpress\/thema\/pflege-und-gesundheit\/warum-die-politik-nichts-gegen-den-pflegenotstand-getan-ha\/"},"modified":"2022-04-01T14:25:48","modified_gmt":"2022-04-01T12:25:48","slug":"warum-die-politik-nichts-gegen-den-pflegenotstand-getan-ha","status":"publish","type":"post","link":"https:\/\/sockenseite.de\/wordpress\/2017\/09\/14\/warum-die-politik-nichts-gegen-den-pflegenotstand-getan-ha\/","title":{"rendered":"Warum die Politik nichts gegen den Pflegenotstand getan hat"},"content":{"rendered":"<h3>&#8230; und weiter nichts&nbsp;<a href=\"https:\/\/web.archive.org\/web\/20190330211805\/https:\/\/www.piratenpartei.de\/mission\/pflegende\/\">Wirksames<\/a>&nbsp;dagegen tun wird.<\/h3>\n<p>Menschenw\u00fcrdige Pflege kostet Geld. In den letzten 20 Jahren wurden so gut wie alle kostenspieligen \u00f6ffentlichen Aufgaben mit dem Argument privatisiert, zu hohe Kosten w\u00fcrden Arbeitspl\u00e4tze vernichten. Daher h\u00e4lt Politik Pflege auch permanent mit Aussagen wie &#8222;Pflegen kann dich jeder&#8220; oder &nbsp;&#8222;Bildet doch <a href=\"http:\/\/www.taz.de\/!470278\/\">Prostituierte<\/a>\/<a href=\"https:\/\/sockenseite.de\/wordpress\/emo\/aufreger\/wie-verhindere-ich-menschenwuerdige-pflege-teil-2-185\/\">Arbeitslose<\/a>\/<a href=\"https:\/\/mg-heute.de\/einsatz-von-straftatern-in-der-pflege-lehnt-justizminister-ab\/\">Straft\u00e4ter<\/a> zu Pflegekr\u00e4ften aus&#8220; klein: damit die Gesellschaft nicht auf die Idee kommt, Pflege w\u00e4re ein wertvoller, gerecht zu belohnender Beruf.<\/p>\n<p>Noch mal einen \u00fcbleren Dreh bekommt das mit den Schlumpfnazis:<\/p>\n<blockquote><p>Pretzell bezog Stellung gegen die staatliche F\u00f6rderung in der Kinderbetreuung und der Altenpflege au\u00dferhalb von Familien<\/p><\/blockquote>\n<p>Wenn Pretzell <a href=\"https:\/\/ksta.de\/region\/leverkusen\/stadt-leverkusen\/schloss-morsbroich-leverkusener-afd-chef-nennt-demonstranten--meinungsfaschisten--25259436\">fordert<\/a>, der Staat solle sich aus den Aufgaben der Familie wie Kinder- und Seniorenbetreuung zur\u00fcckziehen, ist der dahinter stehende Plan der AfD ja deutlich: Abschaffung der Pflegeversicherung, damit <a href=\"http:\/\/www.ksta.de\/ratgeber\/familie\/zurueck-in-die-50er-diese-familienpolitik-meint-die-afd-wirklich-ernst-23724138\">die Frau endlich wieder an den Herd<\/a> verschwindet. Man will ja sogar Arbeitslosen und Rentner, die ja nichts (mehr) f\u00fcr die gesellschaftliche Produktivit\u00e4t beisteuern, das <a href=\"https:\/\/andreaskemper.org\/2013\/04\/15\/afd-wahlrecht-fur-arbeitslose-abschaffen\/\">Wahlrecht<\/a> entziehen. Ekelerregend. W\u00e4hlt das nicht!<\/p>\n<p>(Dies erschien zuerst als Antwort in diesem <a href=\"https:\/\/m.facebook.com\/groups\/1019679294754224?view=permalink&amp;id=1423626171026199\">Thread auf Facebook<\/a>.)<\/p>\n<p><b>Update<\/b>: <a href=\"https:\/\/esmeralda.kennt-wayne.de\/2017\/sep\/soziale-nachdenkerei\">Eindr\u00fccke aus der psychosomatischen Reha<\/a> zeigen, wie sehr gerade soziale Berufe wie die Pflege unter Druck stehen. Und nur bei den PIRATEN sieht man <a href=\"https:\/\/web.archive.org\/web\/20190330211805\/https:\/\/www.piratenpartei.de\/mission\/pflegende\/\">Konzepte<\/a>, die daran wirklich etwas \u00e4ndern k\u00f6nnten.<\/p>\n","protected":false},"excerpt":{"rendered":"<p>&#8230; und weiter nichts&nbsp;Wirksames&nbsp;dagegen tun wird. Menschenw\u00fcrdige Pflege kostet Geld. In den letzten 20 Jahren wurden so gut wie alle kostenspieligen \u00f6ffentlichen Aufgaben&hellip;<\/p>\n","protected":false},"author":1,"featured_media":1851,"comment_status":"closed","ping_status":"closed","sticky":false,"template":"","format":"standard","meta":{"_bluesky_dont_syndicate":"","_bluesky_syndication_accounts":"","_bluesky_syndication_text":"","footnotes":""},"categories":[21],"tags":[33,137,161,171,287,289,373,380,423],"class_list":["post-1891","post","type-post","status-publish","format-standard","has-post-thumbnail","hentry","category-pflege-und-gesundheit","tag-afd","tag-fdp","tag-gerechtigkeit","tag-gruene","tag-pflege","tag-pflegenotstand","tag-solidaritaet","tag-spd","tag-union"],"_links":{"self":[{"href":"https:\/\/sockenseite.de\/wordpress\/wp-json\/wp\/v2\/posts\/1891","targetHints":{"allow":["GET"]}}],"collection":[{"href":"https:\/\/sockenseite.de\/wordpress\/wp-json\/wp\/v2\/posts"}],"about":[{"href":"https:\/\/sockenseite.de\/wordpress\/wp-json\/wp\/v2\/types\/post"}],"author":[{"embeddable":true,"href":"https:\/\/sockenseite.de\/wordpress\/wp-json\/wp\/v2\/users\/1"}],"replies":[{"embeddable":true,"href":"https:\/\/sockenseite.de\/wordpress\/wp-json\/wp\/v2\/comments?post=1891"}],"version-history":[{"count":0,"href":"https:\/\/sockenseite.de\/wordpress\/wp-json\/wp\/v2\/posts\/1891\/revisions"}],"wp:featuredmedia":[{"embeddable":true,"href":"https:\/\/sockenseite.de\/wordpress\/wp-json\/wp\/v2\/media\/1851"}],"wp:attachment":[{"href":"https:\/\/sockenseite.de\/wordpress\/wp-json\/wp\/v2\/media?parent=1891"}],"wp:term":[{"taxonomy":"category","embeddable":true,"href":"https:\/\/sockenseite.de\/wordpress\/wp-json\/wp\/v2\/categories?post=1891"},{"taxonomy":"post_tag","embeddable":true,"href":"https:\/\/sockenseite.de\/wordpress\/wp-json\/wp\/v2\/tags?post=1891"}],"curies":[{"name":"wp","href":"https:\/\/api.w.org\/{rel}","templated":true}]}}