{"id":1679,"date":"2014-05-05T16:34:53","date_gmt":"2014-05-05T15:34:53","guid":{"rendered":"https:\/\/sockenseite.de\/wordpress\/?p=1679"},"modified":"2021-02-25T10:56:18","modified_gmt":"2021-02-25T09:56:18","slug":"stoeren-plakate","status":"publish","type":"post","link":"https:\/\/sockenseite.de\/wordpress\/2014\/05\/05\/stoeren-plakate\/","title":{"rendered":"St\u00f6ren Plakate?"},"content":{"rendered":"<p>In Leverkusen ist die vergleichsweise strenge Reglementierung von Plakaten <a href=\"http:\/\/www.rp-online.de\/nrw\/staedte\/leverkusen\/wahlplakate-stadt-veraergert-die-parteien-aid-1.3609852\">immer<\/a> <a href=\"http:\/\/www.rp-online.de\/nrw\/staedte\/leverkusen\/cdu-plakate-noch-immer-nicht-abgehaengt-aid-1.3712554\">mal<\/a> <a href=\"http:\/\/www.rp-online.de\/nrw\/staedte\/leverkusen\/laterne-4-fehlt-und-wieso-die-stadt-50-plakate-zwangsweise-entfernt-aid-1.4235900\">wieder<\/a> <a href=\"http:\/\/www.ksta.de\/stadt-leverkusen\/wahlplakate-in-leverkusen-kompliziertes-system-zur-plakatierung,15189132,27149956.html\">Thema<\/a>. Insb. wenn man auf der B8 von K\u00f6ln nach Leverkusen f\u00e4hrt, f\u00e4llt auf, wie sehr sich die beiden St\u00e4dte unterscheiden: In K\u00f6ln h\u00e4ngt jeder Baum und jede Laterne voll; in Leverkusen h\u00e4ngen die Wahlplakate eher sparsam. Das mag man finden, wie man will<\/p>\n<p>2012 hatten die Leverkusener PIRATEN aus den gerade einmal 38 Laternen im gesamten Stadtgebiet zugewiesen bekommen und daraus eine <a href=\"https:\/\/www.piratenpartei-leverkusen.de\/tag\/piratenschatz\/\">Schatzsuche<\/a> gemacht. Im vergangenen Jahr jammerten die Gro\u00dfparteien \u00fcber die <a href=\"https:\/\/www.piratenpartei-leverkusen.de\/2013\/08\/plakatieren-in-leverkusen\/\">geringe Anzahl von Plakatpl\u00e4tzen<\/a>, obwohl sie diese Regeln selbst festgelegt und sich dabei die mit Abstand meisten Pl\u00e4tze zugesichert haben.<\/p>\n<p>Halten wir mal fest:<\/p>\n<ul>\n<li>Die 38 Pl\u00e4tze von 2012 entsprechen der Anzahl von Plakatierungsstellen, die eine Partei in Leverkusen bekommt, die weder in Stadtrat, Landtag oder Bundestag sitzt.<\/li>\n<li>Im vergangenen Jahr bekamen die PIRATEN 58 Pl\u00e4tze zugeteilt, was der Anzahl der Pl\u00e4tze entspricht, die kleine Parteien, die in einem der genannten Parlamente sitzt, entspricht. <\/li>\n<li>Die gleiche Anzahl haben die PIRATEN in Leverkusen auch dieses Jahr erhalten. Aus der Beobachtung gehen wir davon aus, dass dies f\u00fcr alle kleinen Parteien gilt.<\/li>\n<\/ul>\n<p>Seit Jahren gibt eine dieser kleinen Parteien offensichtlich einen Dreck auf die Vorgaben, die f\u00fcr alle gelten: ProNRW plakatiert ganze Stra\u00dfenz\u00fcge, <a href=\"https:\/\/web.archive.org\/web\/20120430064237\/http:\/\/bergische-stimme.de:80\/index.php\/2-uncategorised\/485-pro-nrw-wahlplakate-schnelle-reaktionen-in-leverkusen\">ohne dass Genehmigungen vorliegen<\/a>. Das st\u00f6rt einige B\u00fcrger und die ekelhaften Parolen der Rechtspopulisten werden breitfl\u00e4chig kritisiert. Im K\u00f6lner Stadt-Anzeiger wird sogar <a href=\"http:\/\/www.ksta.de\/koeln\/-wahlkampf--empoerung-ueber-pro-koeln-plakate,15187530,26999070.html\">begr\u00fc\u00dft<\/a>, dass die Plakate von B\u00fcrgern abgehangen werden. <\/p>\n<p>Zwei Dinge gehen nicht: zum einen der Inhalt, der zu blankem Hass aufruft und dabei entstehende Gewalt mindestens billigt, und zum anderen das Massen-Plakatieren, das m\u00f6glicherweise einberechnet, das die Plakate abgehangen oder zerst\u00f6rt werden. Aber die angeblich so fein b\u00fcrgerlichen Hetzer von ProNRW k\u00f6nnen ja nicht so mit dem Rechtsstaat, sondern lassen sich schon mal dabei <a href=\"http:\/\/www.ksta.de\/koeln\/-prozess-gegen-pro-koeln-,15187530,26820708.html\">erwischen, wie sie den Staat beschei\u00dfen wollen<\/a>.<\/p>\n<p>Was kann nur der B\u00fcrger gegen Plakate von Naziparteien und anderen Hetzern tun, ohne sich m\u00f6glicherweise strafbar zu machen: Das Ordnungsamt jeder Stadt freut sich, wenn die Standorte offensichtlich rechtwidrig geh\u00e4ngter Plakate genannt werden. Dazu reicht der Name der Stra\u00dfe sowie die Nummer der Laterne oder des Baums.<sup><a href=\"#footnote_1_1679\" id=\"identifier_1_1679\" class=\"footnote-link footnote-identifier-link\" title=\"Wer h&auml;tte gedacht, dass in Leverkusen alle Laternen und viele B&auml;ume an Stra&szlig;enz&uuml;gen durchnummeriert sind?\">1<\/a><\/sup>. Auf Verdacht zu melden, lohnt sich, weil ProMimimi so viel plakatiert hat, dass jede Menge Treffer dabei sein werden. In Leverkusen ist das <a href=\"http:\/\/www.leverkusen.de\/vv\/oe\/orga\/135\/orga\/10\/orga\/22\/145010100000013562.php#ali_infos\">Ordnungsamt<\/a> z.B. telefonisch  unter (0214) 406-3001, per Fax unter (0214) 406-3002 und per E-Mail unter <a href=\"mailto:30@stadt.leverkusen.de\">30@stadt.leverkusen.de<\/a> erreichbar.<\/p>\n<p>Auch in St\u00e4dten und Kreisen, in denen die Regeln weniger eingreifen, sind einige Regeln klar: Es darf nicht an Ampeln oder Verkehrsschildern sowie direkt in Kreuzungsbereichen plakatiert werden, weil dies eine Verkehrsbehinderung darstellt. Daher sind z.B. auch Plakate der NPD, die diese h\u00e4ufig im direkten Umfeld von Autobahnabfahrten h\u00e4ngt, gerne mal rechtswidrig.<\/p>\n<ol class=\"footnotes\"><li id=\"footnote_1_1679\" class=\"footnote\">Wer h\u00e4tte gedacht, dass in Leverkusen alle Laternen und viele B\u00e4ume an Stra\u00dfenz\u00fcgen durchnummeriert sind?<span class=\"footnote-back-link-wrapper\">[<a href=\"#identifier_1_1679\" class=\"footnote-link footnote-back-link\">&#8617;<\/a>]<\/span><\/li><\/ol>","protected":false},"excerpt":{"rendered":"<p>In Leverkusen ist die vergleichsweise strenge Reglementierung von Plakaten immer mal wieder Thema. Insb. wenn man auf der B8 von K\u00f6ln nach Leverkusen&hellip;<\/p>\n","protected":false},"author":1,"featured_media":1681,"comment_status":"open","ping_status":"open","sticky":false,"template":"","format":"standard","meta":{"_bluesky_dont_syndicate":"","_bluesky_syndication_accounts":"","_bluesky_syndication_text":"","footnotes":""},"categories":[22],"tags":[294,295,442],"class_list":["post-1679","post","type-post","status-publish","format-standard","has-post-thumbnail","hentry","category-politik-und-gesellschaft","tag-piraten","tag-plakate","tag-wahl"],"_links":{"self":[{"href":"https:\/\/sockenseite.de\/wordpress\/wp-json\/wp\/v2\/posts\/1679","targetHints":{"allow":["GET"]}}],"collection":[{"href":"https:\/\/sockenseite.de\/wordpress\/wp-json\/wp\/v2\/posts"}],"about":[{"href":"https:\/\/sockenseite.de\/wordpress\/wp-json\/wp\/v2\/types\/post"}],"author":[{"embeddable":true,"href":"https:\/\/sockenseite.de\/wordpress\/wp-json\/wp\/v2\/users\/1"}],"replies":[{"embeddable":true,"href":"https:\/\/sockenseite.de\/wordpress\/wp-json\/wp\/v2\/comments?post=1679"}],"version-history":[{"count":0,"href":"https:\/\/sockenseite.de\/wordpress\/wp-json\/wp\/v2\/posts\/1679\/revisions"}],"wp:featuredmedia":[{"embeddable":true,"href":"https:\/\/sockenseite.de\/wordpress\/wp-json\/wp\/v2\/media\/1681"}],"wp:attachment":[{"href":"https:\/\/sockenseite.de\/wordpress\/wp-json\/wp\/v2\/media?parent=1679"}],"wp:term":[{"taxonomy":"category","embeddable":true,"href":"https:\/\/sockenseite.de\/wordpress\/wp-json\/wp\/v2\/categories?post=1679"},{"taxonomy":"post_tag","embeddable":true,"href":"https:\/\/sockenseite.de\/wordpress\/wp-json\/wp\/v2\/tags?post=1679"}],"curies":[{"name":"wp","href":"https:\/\/api.w.org\/{rel}","templated":true}]}}