{"id":1640,"date":"2014-02-27T18:00:44","date_gmt":"2014-02-27T17:00:44","guid":{"rendered":"https:\/\/sockenseite.de\/wordpress\/?p=1640"},"modified":"2026-02-10T15:28:10","modified_gmt":"2026-02-10T14:28:10","slug":"wenn-et-klingelsche-jeht","status":"publish","type":"post","link":"https:\/\/sockenseite.de\/wordpress\/2014\/02\/27\/wenn-et-klingelsche-jeht\/","title":{"rendered":"Wenn et Klingelsche jeht"},"content":{"rendered":"<p>Bei meinem <a href=\"https:\/\/www.altenheim-wahlscheid.de\/\">Lieblingsarbeitgeber<\/a> wurde heute Weiberfastnacht gefeiert. So ziemlich direkt neben meinem B\u00fcro fand eine flotte Sitzung f\u00fcr unsere Bewohner mit jede Menge &#8222;Alaaf&#8220; und Tschingderassabumm statt. Das steckt an. Vielleicht nicht im karnevalistischen Sinn<sup><a href=\"#footnote_1_1640\" id=\"identifier_1_1640\" class=\"footnote-link footnote-identifier-link\" title=\"Ich ging heute als langweiliger QB, und nicht mal die einzige Krawatte aus meinem Besitz hatte ich mir zum Abschneiden umgebunden.\">1<\/a><\/sup>, aber immerhin so als angeblich musikalische <a href=\"https:\/\/sockenseite.de\/wordpress\/tag\/pflege\/\">Pflegekraft<\/a>. Ich bitte also um Vergebung f\u00fcr das Folgende:<\/p>\n<h2>Wenn et Klingelsche jeht<\/h2>\n<blockquote><p>Jeden Daach am Morje, wenn et widder schreit<br \/>\nk\u00fctt fl\u00f6ck ens der Fr\u00f6hdeens, und mir sinn all bereit<br \/>\nAll die ruude Lampe sind doch keine Brass<br \/>\nselvs dr \u00e4ltste Jreis, de wee\u00df,<br \/>\n\u2019t weht widder ahnjefass.<\/p>\n<p><em>Ja, wenn et Klingelsche jeht<br \/>\nDann stonn mer all parat<br \/>\nDenn se trecken an der Schell<br \/>\nUnd jeder h\u00e4tt jesaat<br \/>\nPfleje alaaf, alaaf<br \/>\nPfleje alaaf<\/em><\/p>\n<p>Ja, wenn et Klingelsche jeht<br \/>\nDann stonn mer all parat<br \/>\nDenn se trecken an der Schell<br \/>\nUnd jeder h\u00e4tt jesaat<br \/>\nPfleje alaaf, alaaf<br \/>\nPfleje alaaf<\/p>\n<p>Jo, um sechs Uhr dressich jeht dat Spillsche widder loss<br \/>\nDann weed die Schell jedr\u00f6ck,<br \/>\nejal watt et och koss<br \/>\nDe Pfleje jeht om Zahnfleesch,<br \/>\nDoch baal sinn se all paraat<br \/>\nUn glich is de Scheech r\u00f6mm,<br \/>\nJetz ab nohm Alder Maat.<\/p>\n<p><em>Ja, wenn et Klingelsche jeht<br \/>\nDann stonn mer all parat<br \/>\nDenn se trecken an der Schell<br \/>\nUnd jeder h\u00e4tt jesaat<br \/>\nPfleje alaaf, alaaf<br \/>\nPfleje alaaf<\/p>\n<p>Ja, wenn et Klingelsche jeht<br \/>\nDann stonn mer all parat<br \/>\nDenn se trecken an der Schell<br \/>\nUnd jeder h\u00e4tt jesaat<br \/>\nPfleje alaaf, alaaf<br \/>\nPfleje alaaf<\/em><\/p><\/blockquote>\n<p>Und was ist schuld daran? Ein Ohrwurm hier von:<br \/>\n<iframe loading=\"lazy\" title=\"Karneval - De R\u00e4uber Tr\u00f6mmelche\" width=\"900\" height=\"675\" src=\"https:\/\/www.youtube.com\/embed\/bs3UNLDemfo?feature=oembed\" frameborder=\"0\" allow=\"accelerometer; autoplay; clipboard-write; encrypted-media; gyroscope; picture-in-picture; web-share\" referrerpolicy=\"strict-origin-when-cross-origin\" allowfullscreen><\/iframe><\/p>\n<ol class=\"footnotes\"><li id=\"footnote_1_1640\" class=\"footnote\">Ich ging heute als langweiliger QB, und nicht mal die einzige Krawatte aus meinem Besitz hatte ich mir zum Abschneiden umgebunden.<span class=\"footnote-back-link-wrapper\">[<a href=\"#identifier_1_1640\" class=\"footnote-link footnote-back-link\">&#8617;<\/a>]<\/span><\/li><\/ol>","protected":false},"excerpt":{"rendered":"<p>Bei meinem Lieblingsarbeitgeber wurde heute Weiberfastnacht gefeiert. So ziemlich direkt neben meinem B\u00fcro fand eine flotte Sitzung f\u00fcr unsere Bewohner mit jede Menge&hellip;<\/p>\n","protected":false},"author":1,"featured_media":1641,"comment_status":"open","ping_status":"open","sticky":false,"template":"","format":"standard","meta":{"_bluesky_dont_syndicate":"1","_bluesky_syndication_accounts":"","_bluesky_syndication_text":"","footnotes":""},"categories":[18,21,5],"tags":[211,287],"class_list":["post-1640","post","type-post","status-publish","format-standard","has-post-thumbnail","hentry","category-lyrics","category-pflege-und-gesundheit","category-sinnfrei","tag-karneval","tag-pflege"],"_links":{"self":[{"href":"https:\/\/sockenseite.de\/wordpress\/wp-json\/wp\/v2\/posts\/1640","targetHints":{"allow":["GET"]}}],"collection":[{"href":"https:\/\/sockenseite.de\/wordpress\/wp-json\/wp\/v2\/posts"}],"about":[{"href":"https:\/\/sockenseite.de\/wordpress\/wp-json\/wp\/v2\/types\/post"}],"author":[{"embeddable":true,"href":"https:\/\/sockenseite.de\/wordpress\/wp-json\/wp\/v2\/users\/1"}],"replies":[{"embeddable":true,"href":"https:\/\/sockenseite.de\/wordpress\/wp-json\/wp\/v2\/comments?post=1640"}],"version-history":[{"count":0,"href":"https:\/\/sockenseite.de\/wordpress\/wp-json\/wp\/v2\/posts\/1640\/revisions"}],"wp:featuredmedia":[{"embeddable":true,"href":"https:\/\/sockenseite.de\/wordpress\/wp-json\/wp\/v2\/media\/1641"}],"wp:attachment":[{"href":"https:\/\/sockenseite.de\/wordpress\/wp-json\/wp\/v2\/media?parent=1640"}],"wp:term":[{"taxonomy":"category","embeddable":true,"href":"https:\/\/sockenseite.de\/wordpress\/wp-json\/wp\/v2\/categories?post=1640"},{"taxonomy":"post_tag","embeddable":true,"href":"https:\/\/sockenseite.de\/wordpress\/wp-json\/wp\/v2\/tags?post=1640"}],"curies":[{"name":"wp","href":"https:\/\/api.w.org\/{rel}","templated":true}]}}