{"id":1541,"date":"2007-11-05T21:54:31","date_gmt":"2007-11-05T20:54:31","guid":{"rendered":"https:\/\/sockenseite.de\/wordpress\/?p=1541"},"modified":"2021-03-10T14:39:03","modified_gmt":"2021-03-10T13:39:03","slug":"noch-ein-anstreicher","status":"publish","type":"post","link":"https:\/\/sockenseite.de\/wordpress\/2007\/11\/05\/noch-ein-anstreicher\/","title":{"rendered":"Noch ein Anstreicher"},"content":{"rendered":"<p>Es ist ja <a href=\"http:\/\/www.coffeeandtv.de\/2007\/02\/12\/der-diskrete-charme-der-bourgeoisie\/\">keine neue Erkenntnis<\/a>, dass der kl\u00e4gliche Versuch, der deutschen Ausgabe von <a href=\"http:\/\/www.vanityfair.de\/\">\u201cVanity Fair&#8220;<\/a>, eine Existenzberechtigung jenseits der R\u00e4tselseite zu verpassen, mindestens mittelfristig zum Scheitern verurteilt ist. Diesen Nullstellen-Journalismus im Hinterkopf war die Meldung, dass mit <a href=\"http:\/\/de.wikipedia.org\/wiki\/Horst_Mahler\">Horst Mahler<\/a> der einzige Mensch, der krude genug im Hirn ist, sowohl in der RAF als auch in der NPD gewesen zu sein, seinen Denkmist ausgerechnet dort in einem <a href=\"https:\/\/web.archive.org\/web\/20080501213034\/http:\/\/www.vanityfair.de:80\/articles\/agenda\/horst-mahler\/2007\/11\/01\/0\/04423\/\">Interview <\/a>ausbreiten durfte, f\u00fcr einiges Entsetzen gut.<\/p>\n<p>Nun hat man sich mit Michel Friedmann einen externen Mitarbeiter f\u00fcr dieses Gespr\u00e4ch geangelt, der das von vorneherein zum Scheitern verurteilte Unterfangen (man denke an das hilflose Desaster, als Ralph Giordano und Michael Glos in der n-tv-Sendung <a href=\"http:\/\/www.freitag.de\/autoren\/der-freitag\/sind-sie-ein-neonazi-herr-haider\">Talk in Berlin<\/a> J\u00f6rg Haider demaskieren wollten) recht bravour\u00f6s nach Hause bringt. Dieses eine Mal n\u00e4mlich darf, nein, muss Friedmann so angenehm \u00fcberheblich agieren. Denn die Zweifel daran, da\u00df Mahler <a href=\"http:\/\/de.wikipedia.org\/wiki\/Verein_zur_Rehabilitierung_der_wegen_Bestreitens_des_Holocaust_Verfolgten\">ziemlich schattig im Sch\u00e4del<\/a> ist, schwinden dank Friedmanns gespielter Naivit\u00e4t, die Mahler zu immer neuem D\u00fcnnsinn provoziert, immer weiter. Aber die Anma\u00dfung, einzig Vanity Fair wisse, wie man mit Nazis zu sprechen habe, ist dann doch etwas zu viel mit dem Feuer gespielt. Es ist ja gar nicht lange her, da\u00df <a href=\"http:\/\/www.coffeeandtv.de\/tag\/eva-herman\">eine in die Ecke gedr\u00e4ngte Zukurzdenkerin<\/a> die Mitleidskarte ausspielen durfte.<\/p>\n<p>Weniger Schaulaufen d\u00fcrfte der Film <a href=\"http:\/\/www.roots-germania.com\/\">\u201cRoots Germania\u201d<\/a> von Mo Asumang sein, die als Reaktion auf den Song einer Naziband, in dem ihr eine Kugel verpasst werden sollte, spontan das Gespr\u00e4ch mit den Flachbirnen suchte und ihnen beim Sichselbstentlarven half. Diese Nacht um 0:20 Uhr im ZDF. Angucken.<\/p>\n<p>(Crosspost von <a href=\"http:\/\/www.coffeeandtv.de\/2007\/11\/05\/noch-ein-anstreicher\/\">Coffee and TV<\/a>)<\/p>\n","protected":false},"excerpt":{"rendered":"<p>Es ist ja keine neue Erkenntnis, dass der kl\u00e4gliche Versuch, der deutschen Ausgabe von \u201cVanity Fair&#8220;, eine Existenzberechtigung jenseits der R\u00e4tselseite zu verpassen,&hellip;<\/p>\n","protected":false},"author":1,"featured_media":0,"comment_status":"open","ping_status":"open","sticky":false,"template":"","format":"standard","meta":{"_bluesky_dont_syndicate":"","_bluesky_syndication_accounts":"","_bluesky_syndication_text":"","footnotes":""},"categories":[12,22],"tags":[317,322],"class_list":["post-1541","post","type-post","status-publish","format-standard","hentry","category-altlast","category-politik-und-gesellschaft","tag-qualitaetsjournalismus","tag-rassismus"],"_links":{"self":[{"href":"https:\/\/sockenseite.de\/wordpress\/wp-json\/wp\/v2\/posts\/1541","targetHints":{"allow":["GET"]}}],"collection":[{"href":"https:\/\/sockenseite.de\/wordpress\/wp-json\/wp\/v2\/posts"}],"about":[{"href":"https:\/\/sockenseite.de\/wordpress\/wp-json\/wp\/v2\/types\/post"}],"author":[{"embeddable":true,"href":"https:\/\/sockenseite.de\/wordpress\/wp-json\/wp\/v2\/users\/1"}],"replies":[{"embeddable":true,"href":"https:\/\/sockenseite.de\/wordpress\/wp-json\/wp\/v2\/comments?post=1541"}],"version-history":[{"count":0,"href":"https:\/\/sockenseite.de\/wordpress\/wp-json\/wp\/v2\/posts\/1541\/revisions"}],"wp:attachment":[{"href":"https:\/\/sockenseite.de\/wordpress\/wp-json\/wp\/v2\/media?parent=1541"}],"wp:term":[{"taxonomy":"category","embeddable":true,"href":"https:\/\/sockenseite.de\/wordpress\/wp-json\/wp\/v2\/categories?post=1541"},{"taxonomy":"post_tag","embeddable":true,"href":"https:\/\/sockenseite.de\/wordpress\/wp-json\/wp\/v2\/tags?post=1541"}],"curies":[{"name":"wp","href":"https:\/\/api.w.org\/{rel}","templated":true}]}}