{"id":1540,"date":"2007-07-27T22:11:24","date_gmt":"2007-07-27T21:11:24","guid":{"rendered":"https:\/\/sockenseite.de\/wordpress\/?p=1540"},"modified":"2007-07-27T22:11:24","modified_gmt":"2007-07-27T21:11:24","slug":"jeden-tag-so-viele-nette-leute","status":"publish","type":"post","link":"https:\/\/sockenseite.de\/wordpress\/2007\/07\/27\/jeden-tag-so-viele-nette-leute\/","title":{"rendered":"Jeden Tag so viele nette Leute"},"content":{"rendered":"<p>Eben schnupperte ich mal wieder \u00fcber den p\u00fcnktlich um 20 Uhr verschickten Tagesschau-Newsletter, der viel charmanter ist als <a href=\"http:\/\/www.coffeeandtv.de\/2007\/09\/20\/geladene-rote-ampel-entgleist\/\">irgendein Stream<\/a>, \u00fcber den sich Lukas mal zur Abwechslung nicht lustig machen kann. Da stand dann also in angenehm unblinkender Festbreitenschrift folgendes:<\/p>\n<blockquote><p>Schavan will nationales Demenzzentrum einrichten<br \/>\nImmer mehr Menschen erkranken an Alzheimer. Deshalb will die Bundesregierung jetzt ein nationales Demenzzentrum schaffen, um das Problem n\u00e4her zu erforschen. Betroffenen soll es ein \u201cLeuchtfeuer der Hoffnung\u201d sein, so Forschungsministerin Schavan.<\/p><\/blockquote>\n<p>mehr: <a href=\"http:\/\/newsletter.tagesschau.de\/re?l=6m7680I1oa164Ii\">http:\/\/newsletter.tagesschau.de\/re?l=6m7680I1oa164Ii<\/a><\/p>\n<p>Ich schaffte es leider nur bis zum ersten Komma und musste losbr\u00fcllen vor Lachen. Doch bevor ich den Gedanken zuende gedacht hatte, dass ihre <a href=\"http:\/\/www.coffeeandtv.de\/2007\/09\/17\/rollenspiel\/\">Chefin Angela<\/a> doch schon eine Regierung beisammen h\u00e4tte, merkte ich, dass es gar nicht um die angemessene <a href=\"http:\/\/radio-utopie.de\/index.php?themenID=947\">Endlagerung von durchdrehenden Politikern<\/a> ging. Schade eigentlich.<\/p>\n<p>(Crosspost von <a href=\"http:\/\/www.coffeeandtv.de\/2007\/09\/21\/jeden-tag-so-viele-nette-leute\/\">Coffee and TV<\/a>)<\/p>\n","protected":false},"excerpt":{"rendered":"<p>Eben schnupperte ich mal wieder \u00fcber den p\u00fcnktlich um 20 Uhr verschickten Tagesschau-Newsletter, der viel charmanter ist als irgendein Stream, \u00fcber den sich&hellip;<\/p>\n","protected":false},"author":1,"featured_media":0,"comment_status":"open","ping_status":"open","sticky":false,"template":"","format":"standard","meta":{"_bluesky_dont_syndicate":"","_bluesky_syndication_accounts":"","_bluesky_syndication_text":"","footnotes":""},"categories":[12,21],"tags":[96,287,303],"class_list":["post-1540","post","type-post","status-publish","format-standard","hentry","category-altlast","category-pflege-und-gesundheit","tag-demenz","tag-pflege","tag-politik"],"_links":{"self":[{"href":"https:\/\/sockenseite.de\/wordpress\/wp-json\/wp\/v2\/posts\/1540","targetHints":{"allow":["GET"]}}],"collection":[{"href":"https:\/\/sockenseite.de\/wordpress\/wp-json\/wp\/v2\/posts"}],"about":[{"href":"https:\/\/sockenseite.de\/wordpress\/wp-json\/wp\/v2\/types\/post"}],"author":[{"embeddable":true,"href":"https:\/\/sockenseite.de\/wordpress\/wp-json\/wp\/v2\/users\/1"}],"replies":[{"embeddable":true,"href":"https:\/\/sockenseite.de\/wordpress\/wp-json\/wp\/v2\/comments?post=1540"}],"version-history":[{"count":0,"href":"https:\/\/sockenseite.de\/wordpress\/wp-json\/wp\/v2\/posts\/1540\/revisions"}],"wp:attachment":[{"href":"https:\/\/sockenseite.de\/wordpress\/wp-json\/wp\/v2\/media?parent=1540"}],"wp:term":[{"taxonomy":"category","embeddable":true,"href":"https:\/\/sockenseite.de\/wordpress\/wp-json\/wp\/v2\/categories?post=1540"},{"taxonomy":"post_tag","embeddable":true,"href":"https:\/\/sockenseite.de\/wordpress\/wp-json\/wp\/v2\/tags?post=1540"}],"curies":[{"name":"wp","href":"https:\/\/api.w.org\/{rel}","templated":true}]}}