{"id":1246,"date":"2012-06-04T14:48:42","date_gmt":"2012-06-04T14:48:42","guid":{"rendered":"https:\/\/sockenseite.de\/wordpress\/schriftverkehr\/status\/die-kampagne-wir-sind-die-urheber-hat-eben-zwar-jede-menge-urheber-rekrutieren\/"},"modified":"2012-06-04T14:48:42","modified_gmt":"2012-06-04T14:48:42","slug":"wir-sind-die-dampfplauderer","status":"publish","type":"post","link":"https:\/\/sockenseite.de\/wordpress\/2012\/06\/04\/wir-sind-die-dampfplauderer\/","title":{"rendered":"Die Kampagne &#8222;Wir sind die Urheber&#8220; hat eben zwar jede Menge Urheber rekrutieren,&#8230;"},"content":{"rendered":"<p>Die Kampagne &quot;Wir sind die Urheber&quot; hat eben zwar jede Menge Urheber rekrutieren, aber keine stichhaltigen Argumente liefern k\u00f6nnen. Juli Zeh und Ilja Trojanow lassen medienwirksam inszenierten Hyperventilation der vermeintlich durch &quot;das Internet&quot; und &quot;die Piraten&quot; bedrohten Urheber in der FAZ die Hose herunter:<\/p>\n<p>&quot;Die Bedrohung durch eine (\u00fcbrigens fiktive, weil von niemandem ernsthaft geplante) Einschr\u00e4nkung des Urheberrechts ist also keineswegs so existentiell, wie die Lautst\u00e4rke des Aufrufs vermuten l\u00e4sst. Vor allem aber ist die im Umfeld des Aufrufs ventilierte Behauptung, K\u00fcnstler w\u00fcrden in Deutschland geringgesch\u00e4tzt, schlicht und ergreifend nicht wahr und beim Blick auf die Lebensbedingungen von Schriftstellern in anderen L\u00e4ndern bedenklich kurzsichtig.&quot;<\/p>\n<p><a href=\"http:\/\/www.faz.net\/aktuell\/feuilleton\/debatten\/urheberrecht\/urheberrechtsdebatte-was-die-autoren-umtreibt-11771905.html\" class=\"ot-anchor\">http:\/\/www.faz.net\/aktuell\/feuilleton\/debatten\/urheberrecht\/urheberrechtsdebatte-was-die-autoren-umtreibt-11771905.html<\/a>\ufeff<\/p>\n<p style='clear:both;'>\n<p style='margin-bottom:5px;'><strong>Embedded Link<\/strong><\/p>\n<p>\t\t\t\t\t\t\t\t\t\t\t\t<a href='http:\/\/www.faz.net\/aktuell\/feuilleton\/debatten\/urheberrecht\/urheberrechtsdebatte-was-die-autoren-umtreibt-11771905.html'>Urheberrechtsdebatte: Was die Autoren umtreibt &#8211; Urheberrecht &#8211; FAZ<\/a><br \/>\n\t\t\t\t\t\t\t\t\t\t\t\tGeringgesch\u00e4tzte K\u00fcnstler und die Verteidigung der Kultur gegen \u201eGeiz und Gier\u201c: Wissen die Unterzeichner des Urheber-Aufrufs wirklich, was sie da&#8230;jetzt lesen<\/p>\n<p style='clear:both;'> <strong>Google+:<\/strong> <a href='https:\/\/plus.google.com\/114757645082304681244\/posts\/JjZQ58Abeor' target='_new'>View post on Google+<\/a><\/p>\n<p><i>Post imported by Google+Blog.  Created By <a href='http:\/\/minimali.se\/'>Daniel Treadwell<\/a>.<\/i><\/p>\n","protected":false},"excerpt":{"rendered":"<p>Die Kampagne &quot;Wir sind die Urheber&quot; hat eben zwar jede Menge Urheber rekrutieren, aber keine stichhaltigen Argumente liefern k\u00f6nnen. Juli Zeh und Ilja&hellip;<\/p>\n","protected":false},"author":1,"featured_media":0,"comment_status":"open","ping_status":"open","sticky":false,"template":"","format":"standard","meta":{"_bluesky_dont_syndicate":"","_bluesky_syndication_accounts":"","_bluesky_syndication_text":"","footnotes":""},"categories":[19,22,6],"tags":[169],"class_list":["post-1246","post","type-post","status-publish","format-standard","hentry","category-musik-und-kultur","category-politik-und-gesellschaft","category-status","tag-google"],"_links":{"self":[{"href":"https:\/\/sockenseite.de\/wordpress\/wp-json\/wp\/v2\/posts\/1246","targetHints":{"allow":["GET"]}}],"collection":[{"href":"https:\/\/sockenseite.de\/wordpress\/wp-json\/wp\/v2\/posts"}],"about":[{"href":"https:\/\/sockenseite.de\/wordpress\/wp-json\/wp\/v2\/types\/post"}],"author":[{"embeddable":true,"href":"https:\/\/sockenseite.de\/wordpress\/wp-json\/wp\/v2\/users\/1"}],"replies":[{"embeddable":true,"href":"https:\/\/sockenseite.de\/wordpress\/wp-json\/wp\/v2\/comments?post=1246"}],"version-history":[{"count":0,"href":"https:\/\/sockenseite.de\/wordpress\/wp-json\/wp\/v2\/posts\/1246\/revisions"}],"wp:attachment":[{"href":"https:\/\/sockenseite.de\/wordpress\/wp-json\/wp\/v2\/media?parent=1246"}],"wp:term":[{"taxonomy":"category","embeddable":true,"href":"https:\/\/sockenseite.de\/wordpress\/wp-json\/wp\/v2\/categories?post=1246"},{"taxonomy":"post_tag","embeddable":true,"href":"https:\/\/sockenseite.de\/wordpress\/wp-json\/wp\/v2\/tags?post=1246"}],"curies":[{"name":"wp","href":"https:\/\/api.w.org\/{rel}","templated":true}]}}