{"id":1217,"date":"2012-04-21T10:56:35","date_gmt":"2012-04-21T10:56:35","guid":{"rendered":"https:\/\/sockenseite.de\/wordpress\/schriftverkehr\/status\/der-artikel-ist-grausig\/"},"modified":"2021-10-12T09:27:56","modified_gmt":"2021-10-12T07:27:56","slug":"der-artikel-ist-grausig","status":"publish","type":"post","link":"https:\/\/sockenseite.de\/wordpress\/2012\/04\/21\/der-artikel-ist-grausig\/","title":{"rendered":"Der Artikel ist grausig"},"content":{"rendered":"<p>Zum einen wird mit Einzelstimmen und dem pauschalen &quot;die B\u00fcrger&quot; eine vermeintliche Mehrheit unterstellt. Zum anderen \u00e4u\u00dfert der Artikel mit keinem Wort, dass Video\u00fcberwachung prinzipbedingt keine Sicherheit schaffen kann. Sie hindert niemanden, der Gewalt aus\u00fcben will, daran, dies zu tun. Wenn, was unwahrscheinlich ist, der T\u00e4ter im Affekt die Kamera bemerkt, wird er h\u00f6chstens einen anderen Ort f\u00fcr die Tat w\u00e4hlen. Aber selbst das ist h\u00f6chstunwahrscheinlich, wie die Riots in London zeigten. London ist au\u00dferhalb von China die am fl\u00e4chendeckendste von Kameras \u00fcberwachte Stadt der Welt, was nicht mal ansatzweise dabei half, die Gewalt einzud\u00e4mmen oder gar zu verhindern.<\/p>\n<p>Das einzige, was Kameras erreichen, ist, den B\u00fcrgern um den Preis ihrer Freiheit ein falsches Gef\u00fchl von Sicherheit zu vermitteln.  Das Ausstellen von Kameras ist reine Symbolpolitik ohne jeden Schutzwert. Das Gef\u00fchl, durch Kameras beobachtet zu werden, vermittelt keine Sicherheit, sondern schr\u00e4nkt die pers\u00f6nliche Freiheit ein. Das Geld, das in die v\u00f6llig unn\u00fctze Technik gesteckt werden soll, w\u00e4re deutlich besser in Pr\u00e4ventionsprogrammen bei jugendlichen und sozial schwachen Mitb\u00fcrgern gesteckt. Lediglich bei der Aufkl\u00e4rung kann in seltenen F\u00e4llen ein Fahndungserfolg, der fast immer auch ohne die Kameras m\u00f6glich ist, beschleunigt werden. Ebenso wie bei der von den Medien nie korrigierten Falschmeldung, der Attent\u00e4ter von Toulouse sei durch die Vorratsdatenspeicherung gefasst worden, ist auch bei der verdachtslosen \u00dcberwachung des \u00f6ffentlichen Raums die Wiederholung der Behauptung einer vermeintlichen Verbesserung der Sicherheit eine reine Luftnummer.<\/p>\n<p>Dass gerade die FDP diese Einschr\u00e4nkung der Freiheit fordert, zeigt, wie \u00fcberfl\u00fcssig diese Partei mittlerweile geworden ist. Wer die eigene Freiheit auf Kosten von nur vermeintlicher Sicherheit preisgibt, hat mit Freiheit nichts mehr zu tun.\ufeff<\/p>\n<p><a href='https:\/\/www.rp-online.de\/bergisches-land\/leverkusen\/nachrichten\/buerger-wollen-videokameras-1.2800905'>Leverkusen: B\u00fcrger wollen Videokameras<\/a><\/p>\n","protected":false},"excerpt":{"rendered":"<p>Zum einen wird mit Einzelstimmen und dem pauschalen &quot;die B\u00fcrger&quot; eine vermeintliche Mehrheit unterstellt. Zum anderen \u00e4u\u00dfert der Artikel mit keinem Wort, dass&hellip;<\/p>\n","protected":false},"author":1,"featured_media":0,"comment_status":"open","ping_status":"open","sticky":false,"template":"","format":"standard","meta":{"_bluesky_dont_syndicate":"","_bluesky_syndication_accounts":"","_bluesky_syndication_text":"","footnotes":""},"categories":[6],"tags":[137,148,169,418],"class_list":["post-1217","post","type-post","status-publish","format-standard","hentry","category-status","tag-fdp","tag-freiheit","tag-google","tag-ueberwachung"],"_links":{"self":[{"href":"https:\/\/sockenseite.de\/wordpress\/wp-json\/wp\/v2\/posts\/1217","targetHints":{"allow":["GET"]}}],"collection":[{"href":"https:\/\/sockenseite.de\/wordpress\/wp-json\/wp\/v2\/posts"}],"about":[{"href":"https:\/\/sockenseite.de\/wordpress\/wp-json\/wp\/v2\/types\/post"}],"author":[{"embeddable":true,"href":"https:\/\/sockenseite.de\/wordpress\/wp-json\/wp\/v2\/users\/1"}],"replies":[{"embeddable":true,"href":"https:\/\/sockenseite.de\/wordpress\/wp-json\/wp\/v2\/comments?post=1217"}],"version-history":[{"count":0,"href":"https:\/\/sockenseite.de\/wordpress\/wp-json\/wp\/v2\/posts\/1217\/revisions"}],"wp:attachment":[{"href":"https:\/\/sockenseite.de\/wordpress\/wp-json\/wp\/v2\/media?parent=1217"}],"wp:term":[{"taxonomy":"category","embeddable":true,"href":"https:\/\/sockenseite.de\/wordpress\/wp-json\/wp\/v2\/categories?post=1217"},{"taxonomy":"post_tag","embeddable":true,"href":"https:\/\/sockenseite.de\/wordpress\/wp-json\/wp\/v2\/tags?post=1217"}],"curies":[{"name":"wp","href":"https:\/\/api.w.org\/{rel}","templated":true}]}}