{"id":1114,"date":"2011-10-26T18:07:58","date_gmt":"2011-10-26T17:07:58","guid":{"rendered":"https:\/\/sockenseite.de\/wordpress\/?p=1114"},"modified":"2021-02-07T16:39:46","modified_gmt":"2021-02-07T15:39:46","slug":"werte-schaetzen","status":"publish","type":"post","link":"https:\/\/sockenseite.de\/wordpress\/2011\/10\/26\/werte-schaetzen\/","title":{"rendered":"Werte sch\u00e4tzen"},"content":{"rendered":"<p>Wissenschaft ist eine feine Sache.<sup><a href=\"#footnote_1_1114\" id=\"identifier_1_1114\" class=\"footnote-link footnote-identifier-link\" title=\"Und wenn es nur darum geht, mit fundierter Forschung und standfesten Belegen zu untermauern, was diejenigen, die sich intensiv, aber eben unwissenschaftlich mit dem Thema besch&auml;ftigen, eigentlich immer schon wussten.\">1<\/a><\/sup> So fanden f\u00fcnf vom <a href=\"http:\/\/www.bmbf.de\/\">Bundesministerium f\u00fcr Bildung und Forschung<\/a> gef\u00f6rderte<sup><a href=\"#footnote_2_1114\" id=\"identifier_2_1114\" class=\"footnote-link footnote-identifier-link\" title=\"Ja, Frau Schavan schafft es doch tats&auml;chlich, sich mit zukunftstr&auml;chtigeren Dingen zu besch&auml;ftigen als mit wissenschaftsfernen Staatsbesuchen und dem Ignorieren von Diskriminierung und Ungleichbehandlung.\">2<\/a><\/sup> Forschungsprojekte zum Thema \u201cDienstleistungsqualit\u00e4t durch professionelle Arbeit\u201d heraus, wie die Pflege sich selbst sieht, wie sie von der Gesellschaft angesehen wird und wie gegen Wertsch\u00e4tzungdefizite angegangen werden k\u00f6nnte. Als Ergebnis geistert gerade das Memorandum <a href=\"http:\/\/www.interaktive-arbeit.de\/files\/memorandum_arbeitsgruppe_wertschaetzung_in_der_pflege.pdf\">&#8222;Den Wert von Pflegearbeit sch\u00e4tzen&#8220;<\/a> durch die <a href=\"https:\/\/web.archive.org\/web\/20111031150646\/http:\/\/www.altenpflege.vincentz.net:80\/nachrichten\/articles\/179625\/Wert-von-Pflegearbeit-schaetzen\/\">Fachwelt<\/a>. <\/p>\n<p>Versammeln wir mal ein paar der sehr begr\u00fc\u00dfenswerten Kernfeststellungen:<\/p>\n<blockquote>\n<ul>\n<li>Politik und Gesellschaft m\u00fcssen f\u00fcr eine bessere Ressourcenausstattung der Pflege sorgen.<\/li>\n<li>Die Arbeitgeber m\u00fcssen v.a. durch arbeitsorganisatorische Verbesserungen, neue Karrierem\u00f6glichkeiten und bessere Bezahlung die Arbeitsbedingungen der Besch\u00e4ftigten verbessern.<\/li>\n<li>Einrichtungen der Pflege sollten durch ein besseres \u201eSelbstmarketing\u201c einen Gegenpol zu den skandalisierenden Darstellungen des Pflegealltages in den Medien zu sorgen.<\/li>\n<li>Einrichtungen und Verb\u00e4nde, Politik und Gesellschaft d\u00fcrfen das aktuell noch positive Selbstbild der Pflegenden nicht aufs Spiel setzen, denn &#8222;nur, wer die Besch\u00e4ftigten wertsch\u00e4tzt, legt die Grundlage f\u00fcr eine gute Versorgung der pflegebed\u00fcrftigen Menschen in Deutschland&#8220;.<\/li>\n<\/ul>\n<\/blockquote>\n<p>Interessant ist, dass die Bev\u00f6lkerung der von der Politik so gerne vertretenen Einstellung &#8222;Pflege kann doch jeder&#8220; f\u00fcr den ausgemachten <a href=\"https:\/\/sockenseite.de\/wordpress\/aufreger\/wie-verhindere-ich-menschenwuerdige-pflege-teil-2-185\/\">Unfug<\/a> h\u00e4lt, der er ist: Nur 2% der in der Studie &#8222;Berufe im Schatten&#8220; befragten Personen, stimmten dem zu.<sup><a href=\"#footnote_3_1114\" id=\"identifier_3_1114\" class=\"footnote-link footnote-identifier-link\" title=\"Die Kanzlerinnenwahlvereine d&uuml;rfen also diesbez&uuml;glich k&uuml;nftig die Fresse halten.\">3<\/a><\/sup> In einer <a href=\"http:\/\/www.isf-muenchen.de\/pdf\/Pressemitteilung_PiA_111013.pdf\">Pressemitteilung<\/a> des <a href=\"http:\/\/www.isf-muenchen.de\/\">Instituts f\u00fcr Sozialwissenschaftliche Forschung<\/a> aus M\u00fcnchen werden die Erkenntnisse des Memorandums noch ein wenig ausgef\u00fchrt:<\/p>\n<blockquote><p>Die Forscher stellen fest: Altenpflegekr\u00e4fte begreifen ihre Arbeit als sehr sinnvoll und wichtig und sind stolz darauf. Fast 70% von ihnen w\u00fcnschen sich, bis zur Rente in ihrem Beruf zu arbeiten, wenn sie das gesundheitlich schaffen. Sie leiden aber stark unter Zeitdruck, \u00fcberh\u00f6hter Arbeitsintensit\u00e4t, Personalmangel und Effizienzdruck: Belastungen, die oft ihre Gesundheit sch\u00e4digen. <\/p>\n<p>In der Bev\u00f6lkerung wird die Leistung der Pflegekr\u00e4fte in den Einrichtungen einer repr\u00e4sentativen Befragung zufolge ebenfalls anerkannt und wertgesch\u00e4tzt. Zugleich werden aber auch die schwierigen Bedingungen gesehen, unter denen die Pflegekr\u00e4fte arbeiten: 90% der Befragten meinen, es stehe zu wenig Geld f\u00fcr Altenpflege zur Verf\u00fcgung; nur 5% glauben, dass in Pflegeeinrichtungen gen\u00fcgend Zeit f\u00fcr Betreuung und Versorgung der alten Menschen da ist.<\/p>\n<p>Daraus folgern die Forschungsprojekte: Altenpflege braucht Wertsch\u00e4tzung und Anerkennung, sie braucht aber auch ad\u00e4quate Rahmenbedingungen. Es wird mehr Geld f\u00fcr die Pflege ben\u00f6tigt \u2013 f\u00fcr mehr Personal, mehr Qualifizierung und bessere Entlohnung. Auch die Handlungsm\u00f6glichkeiten der Pflegekr\u00e4fte sollten erweitert werden, etwa indem sie selbst Pflegeleistungen und Hilfsmittel verordnen k\u00f6nnen oder indem eine berufliche Selbstverwaltung vergleichbar den \u00c4rzten etabliert wird.<\/p><\/blockquote>\n<p><a href=\"https:\/\/sockenseite.de\/wordpress\/aufreger\/gepflegtes-aussitzen\/\">Kommt<\/a> <a href=\"https:\/\/sockenseite.de\/wordpress\/aufreger\/das-gegenteil-von-volksnaehe\/\">mir<\/a> <a href=\"https:\/\/sockenseite.de\/wordpress\/aufreger\/wie-verhindere-ich-menschenwuerdige-pflege-teil-2-185\/\">bekannt<\/a> <a href=\"https:\/\/sockenseite.de\/wordpress\/aufreger\/angeschwaerzte-arbeit\/\">vor<\/a>. In meiner Einrichtung ist Wertsch\u00e4tzung auch immer wieder Thema. Aktueller Anlass: Wir hatten in beiden H\u00e4usern im September Besuch vom MDK und beides Mal gab es die Bestnote.<sup><a href=\"#footnote_4_1114\" id=\"identifier_4_1114\" class=\"footnote-link footnote-identifier-link\" title=\"Sobald beide Transparenzberichte online sind, werde ich sie hier verlinken.\">4<\/a><\/sup> Eine 1,0 liegt allerdings nicht weit weg vom aktuellen Landesdurchschnitt, der in Nordrhein-Westfalen aktuell bei 1,3 liegt. Richtig gelesen: Bei den diesj\u00e4hrigen Qualit\u00e4tspr\u00fcfungen des &#8222;Pflege-T\u00dcVs&#8220; gibt es hierzubundeslande einen Schnitt, der die bestm\u00f6gliche Note \u00fcberhaupt nur knapp verfehlt. Schon im Oktober 2009 lag der Bundesschnitt bei 1,9. Viel zu hoch, oder? Das kann wegen der bekannt miserablen Pflege in deutschen Altenheim doch kaum die Wirklichkeit abbildern, oder? Oder. Wenn man n\u00e4mlich mal ignoriert, was die \u00fcblichen <a href=\"http:\/\/www.sueddeutsche.de\/politik\/noten-fuer-heime-groteske-ergebnisse-beim-pflege-tuev-1.51157\">Dampfplauderer<\/a> von sich geben, gibt es ja noch eine weitere Interpretationsm\u00f6glichkeit f\u00fcr die guten Noten: Pflege ist l\u00e4ngst nicht so mies, wie es die absto\u00dfende Berichterstattung immer wieder vorspiegelt. Es wird m\u00f6glicherweise sogar fl\u00e4chendeckend gute bis hervorragende Pflege geleistet. So, jetzt ist es raus.<\/p>\n<p>Man darf jedoch bei der Negativpresse, die bestimmt bald wieder einen neuen Grund f\u00fcr allgemeine Hyperventilation finden wird, sogar Vorsatz unterstellen, kommt es doch durch sie zu einer n\u00fctzlichen Kausalkette: Wenn Pflegeeinrichtungen konsequent skandalisiert werden, f\u00fchrt das dazu, dass die Anforderungen der Einrichtungen an ihr Personal steigen, um Anl\u00e4sse f\u00fcr negative Noten &#8211; zum Beispiel <a href=\"http:\/\/www.pflegenoten.de\/Home.gkvnet\">die vermeintlichen &#8222;Kernkriterien&#8220; der Pflegenoten<\/a>: Dekubitusprophylaxe, Ern\u00e4hrung, Fl\u00fcssigkeitsversorgung, Schmerzmanagement, Inkontinenzversorgung und Sturzprophylaxe<sup><a href=\"#footnote_5_1114\" id=\"identifier_5_1114\" class=\"footnote-link footnote-identifier-link\" title=\"Das sind &uuml;brigens die Inhalte der nationalen Expertenstandards, die die f&uuml;r die Pflegenoten zust&auml;ndigen Vertragspartner aber gerade f&uuml;r ung&uuml;ltig erkl&auml;rt haben, weil ihnen das ausgebootete pflegewissenschaftliche Institut die Inhalte nicht einfach &uuml;berschreiben wollte.\">5<\/a><\/sup> &#8211; und damit f\u00fcr m\u00f6gliche Einnahmer\u00fcckg\u00e4nge zu vermeiden. Die \u00dcberbelastung sorgt daf\u00fcr, dass Pflegende immer mehr zu Krankheiten wie Burnout neigen, was die Medien derzeit ja perfiderweise dazu benutzen, Heime mit zu wenigen Fachkr\u00e4ften, wof\u00fcr es neben Abzocken durchaus auch Gr\u00fcnde wie hohen Krankenstand, geringen Nachwuchs und allgemeinen Fachkr\u00e4ftemangel gibt, zu kritisieren. Diese st\u00e4ndige Skandalisierung, die teilweise immer noch auf unkritisch nachgeplapperten Fehlinterpretationen von veralteten Statistiken beruhen, hat aber noch einen weiteren Effekt, der auch durch die oben angesprochene Studie gedeckt wird: <\/p>\n<blockquote><p>Nur jeder 5. Befragte der angef\u00fchrten repr\u00e4sentativen Studie ist der Auffassung, dass Altenheime ein hohes gesellschaftliches Ansehen genie\u00dfen. Dies verweist dabei in den Augen der Bev\u00f6lkerung auf arbeitsorganisatorische M\u00e4ngel, die zu schlechten Arbeitsbedingungen f\u00fchren, nicht zuletzt aber auch auf die finanzielle Unterausstattung dieser Dienstleistungsbereiche. Nur jeder 20. sieht in den Pflegeeinrichtungen gen\u00fcgend Zeit f\u00fcr die Betreuung und Versorgung. Und neun von zehn Befragten sind der Auffassung, dass f\u00fcr Altenpflege zu wenig Geld zur Verf\u00fcgung steht.<\/p><\/blockquote>\n<p>Nat\u00fcrlich m\u00fcsste jetzt die Frage kommen, woher das Geld denn kommen soll. Schwarzgelb demonstriert gerade die eigene Unf\u00e4higkeit mit einer <a href=\"http:\/\/www.spiegel.de\/politik\/deutschland\/0,1518,792985,00.html\">verkorksten Steuerentlastung<\/a>. Da werden sie kaum spontan Geld in die Pflege pumpen. Und wer wird angesichts der immer bedrohlicher wirkenden Eurokrise ohne Gegenwehr einfach die Beitr\u00e4ge der Pflegeversicherung erh\u00f6hen? Wo doch die Pflege ohnehin so schlecht ist? Kausalkette Ende. Wobei man nat\u00fcrlich ehrlicherweise auch sagen muss, dass Pflege sich die mangelnde Lobby auch selbst zuzuschreiben hat, weil es die gr\u00f6\u00dfte deutsche Berufsgruppe noch immer nicht geschafft hat, von ihrem erschreckend niedrigen Organisationsgrad in Gewerkschaften und Verb\u00e4nden herunterzukommen. Das ist etwas, wo ich Pflege mal nicht lobhudeln werde.<\/p>\n<p>\u00dcbrigens: Dass die Forschungsgruppe das sch\u00f6ne Memorandum bereits anl\u00e4sslich einer <a href=\"http:\/\/www.interaktive-arbeit.de\/index.php?article_id=113\">F\u00f6rderschwerpunkttagung am 30. und 31. Mai 2011 in Leipzig<\/a> ver\u00f6ffentlichte, \u00e4ndert nichts an der Richtigkeit seiner Aussagen. Es \u00fcberrascht nur ein wenig, dass man jetzt so geballt darauf anspringt.<\/p>\n<ol class=\"footnotes\"><li id=\"footnote_1_1114\" class=\"footnote\">Und wenn es nur darum geht, mit fundierter Forschung und standfesten Belegen zu untermauern, was diejenigen, die sich intensiv, aber eben unwissenschaftlich mit dem Thema besch\u00e4ftigen, eigentlich immer schon wussten.<span class=\"footnote-back-link-wrapper\">[<a href=\"#identifier_1_1114\" class=\"footnote-link footnote-back-link\">&#8617;<\/a>]<\/span><\/li><li id=\"footnote_2_1114\" class=\"footnote\">Ja, Frau Schavan schafft es doch tats\u00e4chlich, sich mit zukunftstr\u00e4chtigeren Dingen zu besch\u00e4ftigen als mit <a href=\"http:\/\/www.spiegel.de\/politik\/deutschland\/0,1518,789430,00.html\">wissenschaftsfernen Staatsbesuchen<\/a> und dem <a href=\"http:\/\/www.derwesten.de\/nachrichten\/politik\/Schavan-lehnt-Quote-fuer-Wissenschaftlerinnen-ab-id5084843.html\">Ignorieren von Diskriminierung und Ungleichbehandlung<\/a>.<span class=\"footnote-back-link-wrapper\">[<a href=\"#identifier_2_1114\" class=\"footnote-link footnote-back-link\">&#8617;<\/a>]<\/span><\/li><li id=\"footnote_3_1114\" class=\"footnote\">Die <a href=\"http:\/\/de.wikipedia.org\/wiki\/Schwarz-gelbe_Koalition#Koalitionen_auf_Bundesebene\">Kanzlerinnenwahlvereine<\/a> d\u00fcrfen also diesbez\u00fcglich k\u00fcnftig die Fresse halten. <span class=\"footnote-back-link-wrapper\">[<a href=\"#identifier_3_1114\" class=\"footnote-link footnote-back-link\">&#8617;<\/a>]<\/span><\/li><li id=\"footnote_4_1114\" class=\"footnote\">Sobald beide Transparenzberichte online sind, werde ich sie hier verlinken.<span class=\"footnote-back-link-wrapper\">[<a href=\"#identifier_4_1114\" class=\"footnote-link footnote-back-link\">&#8617;<\/a>]<\/span><\/li><li id=\"footnote_5_1114\" class=\"footnote\">Das sind \u00fcbrigens die Inhalte der nationalen Expertenstandards, die die f\u00fcr die Pflegenoten zust\u00e4ndigen Vertragspartner aber gerade <a href=\"https:\/\/www.bibliomed-pflege.de\/news\/32232-der-paragraph-113a-hat-sich-nicht-bewaehrt\">f\u00fcr ung\u00fcltig erkl\u00e4rt<\/a> haben, weil ihnen das ausgebootete pflegewissenschaftliche Institut die Inhalte nicht einfach \u00fcberschreiben wollte.<span class=\"footnote-back-link-wrapper\">[<a href=\"#identifier_5_1114\" class=\"footnote-link footnote-back-link\">&#8617;<\/a>]<\/span><\/li><\/ol>","protected":false},"excerpt":{"rendered":"<p>Wissenschaft ist eine feine Sache.1 So fanden f\u00fcnf vom Bundesministerium f\u00fcr Bildung und Forschung gef\u00f6rderte2 Forschungsprojekte zum Thema \u201cDienstleistungsqualit\u00e4t durch professionelle Arbeit\u201d heraus,&hellip;<\/p>\n","protected":false},"author":1,"featured_media":1849,"comment_status":"open","ping_status":"open","sticky":false,"template":"","format":"standard","meta":{"_bluesky_dont_syndicate":"","_bluesky_syndication_accounts":"","_bluesky_syndication_text":"","footnotes":""},"categories":[21],"tags":[287,451,457],"class_list":["post-1114","post","type-post","status-publish","format-standard","has-post-thumbnail","hentry","category-pflege-und-gesundheit","tag-pflege","tag-wertschaetzung","tag-wissenschaft"],"_links":{"self":[{"href":"https:\/\/sockenseite.de\/wordpress\/wp-json\/wp\/v2\/posts\/1114","targetHints":{"allow":["GET"]}}],"collection":[{"href":"https:\/\/sockenseite.de\/wordpress\/wp-json\/wp\/v2\/posts"}],"about":[{"href":"https:\/\/sockenseite.de\/wordpress\/wp-json\/wp\/v2\/types\/post"}],"author":[{"embeddable":true,"href":"https:\/\/sockenseite.de\/wordpress\/wp-json\/wp\/v2\/users\/1"}],"replies":[{"embeddable":true,"href":"https:\/\/sockenseite.de\/wordpress\/wp-json\/wp\/v2\/comments?post=1114"}],"version-history":[{"count":0,"href":"https:\/\/sockenseite.de\/wordpress\/wp-json\/wp\/v2\/posts\/1114\/revisions"}],"wp:featuredmedia":[{"embeddable":true,"href":"https:\/\/sockenseite.de\/wordpress\/wp-json\/wp\/v2\/media\/1849"}],"wp:attachment":[{"href":"https:\/\/sockenseite.de\/wordpress\/wp-json\/wp\/v2\/media?parent=1114"}],"wp:term":[{"taxonomy":"category","embeddable":true,"href":"https:\/\/sockenseite.de\/wordpress\/wp-json\/wp\/v2\/categories?post=1114"},{"taxonomy":"post_tag","embeddable":true,"href":"https:\/\/sockenseite.de\/wordpress\/wp-json\/wp\/v2\/tags?post=1114"}],"curies":[{"name":"wp","href":"https:\/\/api.w.org\/{rel}","templated":true}]}}