{"id":1106,"date":"2011-10-14T15:04:40","date_gmt":"2011-10-14T14:04:40","guid":{"rendered":"https:\/\/sockenseite.de\/wordpress\/?p=1106"},"modified":"2021-03-02T11:16:38","modified_gmt":"2021-03-02T10:16:38","slug":"angeschwaerzte-arbeit","status":"publish","type":"post","link":"https:\/\/sockenseite.de\/wordpress\/2011\/10\/14\/angeschwaerzte-arbeit\/","title":{"rendered":"Angeschw\u00e4rzte Arbeit"},"content":{"rendered":"<p>Aufgescheucht von der \u00fcblichen Panikmache der Medien (dieses Mal: <a href=\"http:\/\/www.welt.de\/wirtschaft\/article13638899\/Korruption-und-Betrug-der-grosse-Altenheim-Report.html\">die Welt am Sonntag<\/a>) heuchelt die versammelte Politik, dass in vielen<sup><a href=\"#footnote_1_1106\" id=\"identifier_1_1106\" class=\"footnote-link footnote-identifier-link\" title=\"&bdquo;Viel&ldquo; steht hier im Sinne von &bdquo;immerhin ein F&uuml;nftel&ldquo;. Das ist zu viel, klar, aber es sollte nicht der zur weiteren Negativkampagne beitragende Eindruck einer Mehrzahl entstehen.\">1<\/a><\/sup> Altenheimen <a href=\"http:\/\/www.welt.de\/article13637619\">zu wenig Personal<\/a> eingesetzt w\u00fcrde. Der <a href=\"https:\/\/www.welt.de\/print\/welt_kompakt\/print_wirtschaft\/article13380728\/OECD-Pflege-Notstand-in-Deutschland-befuerchtet.html\">angeblich drohende<\/a>, aber <a href=\"http:\/\/www.good-care.de\/?p=606\">l\u00e4ngst eingetretene Pflegenotstand<\/a> und die <a href=\"https:\/\/web.archive.org\/web\/20120904004946\/http:\/\/www.deutscher-pflegerat.de:80\/dpr.nsf\/0\/D377CF8056FD8D01C12577E600352944\">Aush\u00f6hlung der Fachkraftquote<\/a> fielen demnach h\u00f6chstwahrscheinlich \u00fcberraschend vom Himmel. Und dass examiniertem Personal mittlerweile f\u00fcnfstellige (!) Kopfpr\u00e4mien angeboten werden, wenn sie den Arbeitgeber wechseln, hat sicherlich so \u00fcberhaupt nichts damit zu tun, dass es derzeit einfach nicht <a href=\"https:\/\/www.rwi-essen.de\/media\/content\/pages\/publikationen\/rwi-projektberichte\/rwi-pb_faktenbuch_pflege_2016.pdf\">ausreichend <\/a><a href=\"https:\/\/web.archive.org\/web\/20140212214721\/http:\/\/www.politik-im-blick.de:80\/wcsite.php?wc_c=267\">verf\u00fcgbares<\/a> <a href=\"http:\/\/www.aerzteblatt.de\/v4\/news\/news.asp?id=44567\">Fachpersonal<\/a> gibt.<sup><a href=\"#footnote_2_1106\" id=\"identifier_2_1106\" class=\"footnote-link footnote-identifier-link\" title=\"Wenn bis zum Jahr 2020 konservativ gesch&auml;tzt Bedarfszahlen von 75.000 fehlenden Fachkr&auml;fte im Raum stehen, weswegen bereits &uuml;ber das Anwerben von Pflegekr&auml;ften aus China angedacht wird, bemerkt man deren Fehlen sicherlich fr&uuml;hestens im Herbst 2019.\">2<\/a><\/sup><\/p>\n<p>Der eigentliche Skandal ist, dass sich jetzt die Politik, die ma\u00dfgeblich angeregt hat, zu den Fachkr\u00e4ften eben <a href=\"https:\/\/web.archive.org\/web\/20120118130036\/http:\/\/www.bmfsfj.de:80\/Publikationen\/heimbericht\/3-Heiminfrastruktur-in-deutschland\/3-4-Personelle-situation-der-heime\/3-4-1-daten-zur-personallage-in-den-heimen-pflegestatistik-,seite=4.html\">auch Hauswirtschafterinnen und Sozialarbeiterinnen zu z\u00e4hlen<\/a>, jetzt beklagt, dass zu wenige Pflegefachkr\u00e4fte eingesetzt w\u00fcrden. Ihr habt&#8217;s so gewollt, um die Kosten f\u00fcr die Pflegeversicherung im Keller zuhalten, also h\u00f6rt die Jammerei auf! Es n\u00fctzt auch nichts, <a href=\"http:\/\/www.coffeeandtv.de\/2007\/09\/01\/hilfe-ambulant-oder-stationar\/\">mal wieder<\/a> die b\u00f6swillige M\u00e4r von verhungernden und verdurstenden Bewohnerinnen zu verbreiten. Au\u00dferdem tr\u00e4gt die von der <a href=\"http:\/\/www.sueddeutsche.de\/politik\/vorstoss-gegen-pflegenotstand-cdu-hartz-iv-empfaenger-als-zivis-1.1086088\">Politik<\/a> <a href=\"http:\/\/herrpfleger.de\/2011\/02\/kopflos-dem-pflegenotstand-begegnen\/\">gest\u00fctzte<\/a> <a href=\"https:\/\/web.archive.org\/web\/20120311062021\/http:\/\/www.ftd.de:80\/politik\/deutschland\/:roesler-vorstoss-arbeitslose-sollen-not-in-pflegeheimen-lindern\/50203100.html\">Geringsch\u00e4tzung<\/a> <a href=\"https:\/\/sockenseite.de\/wordpress\/aufreger\/gepflegtes-aussitzen\/\">der<\/a> <a href=\"https:\/\/sockenseite.de\/wordpress\/aufreger\/wie-verhindere-ich-menschenwuerdige-pflege-teil-2-185\/\">Pflegeberufe<\/a> immer weiter zur Versch\u00e4rfung der Situation bei, weil sie Pflegekr\u00e4ften die Lust am eigenen Beruf ausredet und verhindert, dass sich die so dringend ben\u00f6tigten Nachwuchskr\u00e4fte engagieren. So wurde j\u00fcngst die Pflege als Berufsgruppe aus der Entwicklung der <a href=\"https:\/\/web.archive.org\/web\/20120104031041\/http:\/\/www.gkv-spitzenverband.de:80\/Expertenstandards_113a_SGB_XI.gkvnet\">f\u00fcr die Pflege verpflichtenden nationalen Expertenstandards<\/a> ausgeschlossen. Au\u00dferdem haben die  &#8222;Vertragspartner&#8220; alle bisher vom <a href=\"http:\/\/www.dnqp.de\/\">Deutschen Netzwerk f\u00fcr Qualit\u00e4tsentwicklung in der Pflege<\/a> am pflegewissenschaftlichen Institut der Hochschule Osnabr\u00fcck entwickelten <a href=\"https:\/\/web.archive.org\/web\/20120109030425\/http:\/\/www.dnqp.de:80\/ExpertAudit.htm\">Standards, die den aktuellen Stand pflegerischen Wissens abbilden<\/a>, <a href=\"https:\/\/web.archive.org\/web\/20110925042700\/http:\/\/www.altenpflege.vincentz.net:80\/nachrichten\/articles\/179340\/Expertenstandards-Neue-ausgeschrieben,-alte-auf-Eis-gelegt\/\">f\u00fcr ung\u00fcltig erkl\u00e4rt<\/a>!<\/p>\n<p>Als jemand, der f\u00fcr zwei Einrichtungen arbeitet, denen der MDK j\u00fcngst bei Pr\u00fcfungen jeweils eine erfreuliche 1,0 f\u00fcr den Transparenzbericht feststellte, wei\u00df ich, dass gute Pflege auch zum Alltag geh\u00f6ren kann. Ich m\u00fcsste irritiert sein von der fortgesetzten Schlechtmache, aber es geh\u00f6rt weiterhin so sehr zum Alltag, dass man abstumpfen k\u00f6nnte. Es mag denn auch naiv sein, wenn ich angesichts eines aktuellen Landesschnitts von 1,3 Anzeichen daf\u00fcr sehe, dass die aller Orten beklagte miese Pflegequalit\u00e4t m\u00f6glicherweise vorwiegend herbeigeredet wird. Nat\u00fcrlich<sup><a href=\"#footnote_3_1106\" id=\"identifier_3_1106\" class=\"footnote-link footnote-identifier-link\" title=\"&hellip;und h&ouml;chst wahrscheinlich!\">3<\/a><\/sup> kann das Instrument des Pflege-T\u00dcVs auch <a href=\"http:\/\/www.pflegenoten.info\/moratorium.php\">ungeeignet<\/a> sein und daher einer geringe Aufdeckungsquote aufweisen. Ich nehme mir trotzdem die Freiheit heraus, mich gegen reflexartiges Misstrauen zu wehren. Wenn Pflege gut ist, geh\u00f6rt das gef\u00e4lligst \u00f6ffentlich gemacht!<\/p>\n<p>Womit wir wieder beim Gegenteil von &#8222;gut&#8220; sind: Die Politik <a href=\"http:\/\/de.wikipedia.org\/wiki\/Philipp_R%C3%B6sler\">in Gestalt eines ahnungs- und kompentenzfreien Wichts<\/a> hatte Ende 2010 noch gro\u00dfm\u00e4ulig <a href=\"http:\/\/www.stern.de\/politik\/deutschland\/notstand-in-der-pflege-roesler-fuer-politisches-pflegejahr-2011-1631962.html\">das Jahr der Pflege ausgerufen<\/a>, das wichtige Thema dann aber doch schnell wieder unter <a href=\"http:\/\/www.zeit.de\/2011\/39\/Pflege-Politik\">den \u00fcblichen Streitigkeiten<\/a> eines ge\u00fcbten Sauhaufens <a href=\"https:\/\/web.archive.org\/web\/20111211130502\/http:\/\/blog.zdf.de:80\/zdfdasblog\/2011\/09\/21\/pflegereform-in-der-sackgasse\/\">begraben<\/a>. Ist dies das, was in Berlin unter <a href=\"http:\/\/www.dradio.de\/dkultur\/sendungen\/politischesfeuilleton\/1561064\/\">&#8222;Liefern&#8220;<\/a> verstanden wird? Man stelle sich einmal das Gekeife vor, wenn Pflegekr\u00e4fte ihre Kunden derma\u00dfen h\u00e4ngen lie\u00dfen!<\/p>\n<p><b>Update (2011-11-03):<\/b> Das DNQP ist offenbar wieder im Boot. Auf der <a href=\"https:\/\/web.archive.org\/web\/20070702015438\/http:\/\/www.dnqp.de\/mitteilungen.htm\">Website<\/a> findet sich ein Bewerbungsaufruf f\u00fcr die wissenschaftliche Leitung f\u00fcr den Expertenstandard &#8222;Schmerzmanagement in der Pflege bei chronischen Schmerzen&#8220;. Hinter den Kulissen scheint man sich also geeinigt zu haben. Leider finde ich dar\u00fcber bisher nichts im Netz, nicht mal bei dnqp.de selbst.<\/p>\n<ol class=\"footnotes\"><li id=\"footnote_1_1106\" class=\"footnote\">&#8222;Viel&#8220; steht hier im Sinne von &#8222;immerhin ein F\u00fcnftel&#8220;. Das ist zu viel, klar, aber es sollte nicht der zur weiteren Negativkampagne beitragende Eindruck einer Mehrzahl entstehen.<span class=\"footnote-back-link-wrapper\">[<a href=\"#identifier_1_1106\" class=\"footnote-link footnote-back-link\">&#8617;<\/a>]<\/span><\/li><li id=\"footnote_2_1106\" class=\"footnote\">Wenn bis zum Jahr 2020 konservativ gesch\u00e4tzt Bedarfszahlen von 75.000 fehlenden Fachkr\u00e4fte im Raum stehen, weswegen bereits \u00fcber das Anwerben von Pflegekr\u00e4ften aus <a href=\"https:\/\/web.archive.org\/web\/20130922124219\/https:\/\/www.altenheim.net\/Infopool\/Nachrichten\/Bundesregierung-wirbt-in-neun-Laendern-um-Pflegekraefte\">China<\/a> angedacht wird, bemerkt man deren Fehlen sicherlich fr\u00fchestens im Herbst 2019.<span class=\"footnote-back-link-wrapper\">[<a href=\"#identifier_2_1106\" class=\"footnote-link footnote-back-link\">&#8617;<\/a>]<\/span><\/li><li id=\"footnote_3_1106\" class=\"footnote\">&#8230;und h\u00f6chst <a href=\"https:\/\/web.archive.org\/web\/20111113032944\/http:\/\/www.bagfw.de\/fileadmin\/media\/Projekte_2010\/Endbericht_Beirat_u._WB_2010.07.21.pdf\">wahrscheinlich<\/a>!<span class=\"footnote-back-link-wrapper\">[<a href=\"#identifier_3_1106\" class=\"footnote-link footnote-back-link\">&#8617;<\/a>]<\/span><\/li><\/ol>","protected":false},"excerpt":{"rendered":"<p>Aufgescheucht von der \u00fcblichen Panikmache der Medien (dieses Mal: die Welt am Sonntag) heuchelt die versammelte Politik, dass in vielen1 Altenheimen zu wenig&hellip;<\/p>\n","protected":false},"author":1,"featured_media":0,"comment_status":"open","ping_status":"open","sticky":false,"template":"","format":"standard","meta":{"_bluesky_dont_syndicate":"","_bluesky_syndication_accounts":"","_bluesky_syndication_text":"","footnotes":""},"categories":[13,21],"tags":[133,287,303],"class_list":["post-1106","post","type-post","status-publish","format-standard","hentry","category-aufreger","category-pflege-und-gesundheit","tag-fachkraefte","tag-pflege","tag-politik"],"_links":{"self":[{"href":"https:\/\/sockenseite.de\/wordpress\/wp-json\/wp\/v2\/posts\/1106","targetHints":{"allow":["GET"]}}],"collection":[{"href":"https:\/\/sockenseite.de\/wordpress\/wp-json\/wp\/v2\/posts"}],"about":[{"href":"https:\/\/sockenseite.de\/wordpress\/wp-json\/wp\/v2\/types\/post"}],"author":[{"embeddable":true,"href":"https:\/\/sockenseite.de\/wordpress\/wp-json\/wp\/v2\/users\/1"}],"replies":[{"embeddable":true,"href":"https:\/\/sockenseite.de\/wordpress\/wp-json\/wp\/v2\/comments?post=1106"}],"version-history":[{"count":0,"href":"https:\/\/sockenseite.de\/wordpress\/wp-json\/wp\/v2\/posts\/1106\/revisions"}],"wp:attachment":[{"href":"https:\/\/sockenseite.de\/wordpress\/wp-json\/wp\/v2\/media?parent=1106"}],"wp:term":[{"taxonomy":"category","embeddable":true,"href":"https:\/\/sockenseite.de\/wordpress\/wp-json\/wp\/v2\/categories?post=1106"},{"taxonomy":"post_tag","embeddable":true,"href":"https:\/\/sockenseite.de\/wordpress\/wp-json\/wp\/v2\/tags?post=1106"}],"curies":[{"name":"wp","href":"https:\/\/api.w.org\/{rel}","templated":true}]}}