{"id":1096,"date":"2011-09-21T19:39:24","date_gmt":"2011-09-21T18:39:24","guid":{"rendered":"https:\/\/sockenseite.de\/wordpress\/?p=1096"},"modified":"2022-04-01T13:30:39","modified_gmt":"2022-04-01T11:30:39","slug":"technik-die-begeistert","status":"publish","type":"post","link":"https:\/\/sockenseite.de\/wordpress\/2011\/09\/21\/technik-die-begeistert\/","title":{"rendered":"Technik, die begeistert"},"content":{"rendered":"<p>Ich habe ja schon seltsame Dinge als EDV-Beauftragter erlebt. Meine Kolleginnen sind ja in der Vielzahl sehr auf die Nutzerperspektive beschr\u00e4nkt und ben\u00f6tigen f\u00fcr kleine Konfigurationen sehr h\u00e4ufig Hilfe. Ist ja nichts verkehrtes dran, das ist ja mein Job. Ich mache mein M\u00f6glichstes, um ihnen zu helfen, auch wenn ich mich manchmal wundern muss. Mal \u00fcber die Anfragen, aber auch immer mal wieder \u00fcber die Soft- und die Hardware.<\/p>\n<p>Heute war mal wieder so ein Fall. Ich wurde mit der sehr aussagekr\u00e4ftigen Fehlermeldung &#8222;Irgendwie ist mein Bildschirm anders&#8220; in ein B\u00fcro gerufen. Es s\u00e4he alles so unscharf aus und die Schrift sei viel gr\u00f6\u00dfer als vorgestern<sup><a href=\"#footnote_1_1096\" id=\"identifier_1_1096\" class=\"footnote-link footnote-identifier-link\" title=\"Der Hauptspeicher der Windows-7-Maschine war erweitert worden, wof&uuml;r nat&uuml;rlich das Geh&auml;use ge&ouml;ffnet werden musste.\">1<\/a><\/sup>. Also mal eben einen Rechtsklick auf den Desktop machen und das Aufl\u00f6sungsmen\u00fc aufrufen. Interessanterweise wurde keine empfohlene Einstellung angezeigt, obwohl das Win7 bei PnP-Bildschirmen normalerweise macht. Au\u00dferdem konnte nur bei jeder dritten der angebotenen Aufl\u00f6sungen tats\u00e4chlich auch ein Bild angezeigt werden. Die Anzeige war auf 100%-Darstellung, so dass die Gr\u00f6\u00dfe der Schrift nicht weiter reduziert werden konnte. Es schien sich also um ein Treiberproblem zu handeln. Google spuckte jedoch bei Eingabe von Hersteller und Typ des noch recht neuen TFTs (Baujahr 2010) keinen Treiber aus, der j\u00fcnger war als 2002. Keine allzu viel versprechende Option.<\/p>\n<p>Eine hinzugekommene Kollegin schaute sich das offene Aufl\u00f6sungsfenster an und schlug vor, man k\u00f6nne doch mal den Bildschirm von Querformat auf Hochformat umstellen. Ich demonstrierte kurz, warum das keine gute Idee w\u00e4re, und drehte daf\u00fcr den Bildschirm kurz hochkant, um zu zeigen, wie man ihn dann montieren m\u00fcsste. In diesem Moment wurde der Bildschirm f\u00fcr eine Sekunde schwarz und kehrte dann mit ver\u00e4nderter Aufl\u00f6sung (1920&#215;1200) zur\u00fcck. &#8222;Super! Genau so war&#8217;s vorgestern.&#8220;<\/p>\n<p>Dass <a href=\"http:\/\/www.aoc-europe.com\/\">AOC<\/a> jetzt auch Sch\u00fcttelkonfiguration<sup><a href=\"#footnote_2_1096\" id=\"identifier_2_1096\" class=\"footnote-link footnote-identifier-link\" title=\"Vermutlich war ein Kabel wacklig.\">2<\/a><\/sup> anbietet, wusste ich bislang nicht. \ud83d\ude09<\/p>\n<ol class=\"footnotes\"><li id=\"footnote_1_1096\" class=\"footnote\">Der Hauptspeicher der Windows-7-Maschine war erweitert worden, wof\u00fcr nat\u00fcrlich das Geh\u00e4use ge\u00f6ffnet werden musste.<span class=\"footnote-back-link-wrapper\">[<a href=\"#identifier_1_1096\" class=\"footnote-link footnote-back-link\">&#8617;<\/a>]<\/span><\/li><li id=\"footnote_2_1096\" class=\"footnote\">Vermutlich war ein Kabel wacklig.<span class=\"footnote-back-link-wrapper\">[<a href=\"#identifier_2_1096\" class=\"footnote-link footnote-back-link\">&#8617;<\/a>]<\/span><\/li><\/ol>","protected":false},"excerpt":{"rendered":"<p>Ich habe ja schon seltsame Dinge als EDV-Beauftragter erlebt. Meine Kolleginnen sind ja in der Vielzahl sehr auf die Nutzerperspektive beschr\u00e4nkt und ben\u00f6tigen&hellip;<\/p>\n","protected":false},"author":1,"featured_media":4954,"comment_status":"open","ping_status":"open","sticky":false,"template":"","format":"standard","meta":{"_bluesky_dont_syndicate":"","_bluesky_syndication_accounts":"","_bluesky_syndication_text":"","footnotes":""},"categories":[20],"tags":[403,413],"class_list":["post-1096","post","type-post","status-publish","format-standard","has-post-thumbnail","hentry","category-netze-und-systeme","tag-technik","tag-troubleshooting"],"_links":{"self":[{"href":"https:\/\/sockenseite.de\/wordpress\/wp-json\/wp\/v2\/posts\/1096","targetHints":{"allow":["GET"]}}],"collection":[{"href":"https:\/\/sockenseite.de\/wordpress\/wp-json\/wp\/v2\/posts"}],"about":[{"href":"https:\/\/sockenseite.de\/wordpress\/wp-json\/wp\/v2\/types\/post"}],"author":[{"embeddable":true,"href":"https:\/\/sockenseite.de\/wordpress\/wp-json\/wp\/v2\/users\/1"}],"replies":[{"embeddable":true,"href":"https:\/\/sockenseite.de\/wordpress\/wp-json\/wp\/v2\/comments?post=1096"}],"version-history":[{"count":0,"href":"https:\/\/sockenseite.de\/wordpress\/wp-json\/wp\/v2\/posts\/1096\/revisions"}],"wp:featuredmedia":[{"embeddable":true,"href":"https:\/\/sockenseite.de\/wordpress\/wp-json\/wp\/v2\/media\/4954"}],"wp:attachment":[{"href":"https:\/\/sockenseite.de\/wordpress\/wp-json\/wp\/v2\/media?parent=1096"}],"wp:term":[{"taxonomy":"category","embeddable":true,"href":"https:\/\/sockenseite.de\/wordpress\/wp-json\/wp\/v2\/categories?post=1096"},{"taxonomy":"post_tag","embeddable":true,"href":"https:\/\/sockenseite.de\/wordpress\/wp-json\/wp\/v2\/tags?post=1096"}],"curies":[{"name":"wp","href":"https:\/\/api.w.org\/{rel}","templated":true}]}}