{"id":1094,"date":"2011-09-14T11:55:55","date_gmt":"2011-09-14T10:55:55","guid":{"rendered":"https:\/\/sockenseite.de\/wordpress\/aufreger\/jede-stimme-zaehlt\/"},"modified":"2020-12-07T15:59:10","modified_gmt":"2020-12-07T14:59:10","slug":"jede-stimme-zaehlt","status":"publish","type":"post","link":"https:\/\/sockenseite.de\/wordpress\/2011\/09\/14\/jede-stimme-zaehlt\/","title":{"rendered":"Jede Stimme z\u00e4hlt"},"content":{"rendered":"<p>Dies ist schon der dritte Beitrag zum Thema VDS, aber aller guten Dinge sind ja bekanntlich &#8211; genau &#8211; drei. Und da <a href=\"http:\/\/digitalegesellschaft.de\/\">DigiGes<\/a> gerade rechtzeitig noch eine Mobilisierungsanleitung rausgehauen hat, den die eine oder der andere schon von mir per E-Mail erhalten hat (Sorry daf\u00fcr, aber was muss, das muss), geh\u00f6rt das nat\u00fcrlich auch ins Blog.<\/p>\n<blockquote>\n<p><em>Wo Du warst und wann. Mit wem Du geredet hast. Was Dich interessiert. Das alles geht niemanden etwas an. Vorratsdatenspeicherung hei\u00dft:<\/em><br \/>\n<em>\u00dcber Dich und jeden anderen B\u00fcrger wird gespeichert,<\/em><br \/>\n<em>&#8211; wo Du mit Deinem Mobiltelefon warst.<\/em><br \/>\n<em>&#8211; mit wem Du dich unterhalten hast.<\/em><br \/>\n<em>&#8211; wem Du E-Mails geschickt hast.<\/em><br \/>\n<em>&#8211; wann Du mit welcher Adresse im Internet gesurft hast.<\/em><br \/>\n<em>Und das alles mindestens sechs Monate.<\/em><br \/>\n<em>Daher: unterst\u00fctze heute noch die Petition gegen Vorratsdatenspeicherung! Das kostet Dich 3 Minuten \u2013 und macht mich gl\u00fccklich.<\/em><br \/>\n<a href=\"http:\/\/www.zeichnemit.de\"><em>http:\/\/www.zeichnemit.de<\/em><\/a>.<br \/>\n<em>Dieses Video erkl\u00e4rt, wie man in dem System mitzeichnen kann:<\/em><br \/>\n<a href=\"https:\/\/web.archive.org\/web\/20151015015056\/https:\/\/digitalegesellschaft.de\/2011\/09\/endspurt-petition-gegen-die-vorratsdatenspeicherung\/\"><em>http:\/\/digitalegesellschaft.de\/2011\/09\/endspurt-petition-gegen-die-vorratsdatenspeicherung\/<\/em><\/a>.<br \/>\n<em>Und dieses Video erkl\u00e4rt nochmal in aller K\u00fcrze, warum man mitzeichnen sollte:<\/em><br \/>\n<a href=\"https:\/\/web.archive.org\/web\/20200918143305\/https:\/\/digitalegesellschaft.de\/2011\/09\/video-gegen-vorratsdatenspeicherung-wir-speichern-das\/\"><em>http:\/\/digitalegesellschaft.de\/2011\/09\/video-gegen-vorratsdatenspeicherung-wir-speichern-das\/<\/em><\/a>.<\/p>\n<\/blockquote>\n<p><strong>Update:<\/strong> Die 50.000er-Schwelle ist geschafft. Dank an alle Mitzeichner.<\/p>\n","protected":false},"excerpt":{"rendered":"<p>Dies ist schon der dritte Beitrag zum Thema VDS, aber aller guten Dinge sind ja bekanntlich &#8211; genau &#8211; drei. Und da DigiGes&hellip;<\/p>\n","protected":false},"author":1,"featured_media":0,"comment_status":"open","ping_status":"open","sticky":false,"template":"","format":"standard","meta":{"_bluesky_dont_syndicate":"","_bluesky_syndication_accounts":"","_bluesky_syndication_text":"","footnotes":""},"categories":[13,20,22],"tags":[174,274,286,441],"class_list":["post-1094","post","type-post","status-publish","format-standard","hentry","category-aufreger","category-netze-und-systeme","category-politik-und-gesellschaft","tag-gute-sache","tag-netzpolitik","tag-petition","tag-vorratsdatenspeicherung"],"_links":{"self":[{"href":"https:\/\/sockenseite.de\/wordpress\/wp-json\/wp\/v2\/posts\/1094","targetHints":{"allow":["GET"]}}],"collection":[{"href":"https:\/\/sockenseite.de\/wordpress\/wp-json\/wp\/v2\/posts"}],"about":[{"href":"https:\/\/sockenseite.de\/wordpress\/wp-json\/wp\/v2\/types\/post"}],"author":[{"embeddable":true,"href":"https:\/\/sockenseite.de\/wordpress\/wp-json\/wp\/v2\/users\/1"}],"replies":[{"embeddable":true,"href":"https:\/\/sockenseite.de\/wordpress\/wp-json\/wp\/v2\/comments?post=1094"}],"version-history":[{"count":0,"href":"https:\/\/sockenseite.de\/wordpress\/wp-json\/wp\/v2\/posts\/1094\/revisions"}],"wp:attachment":[{"href":"https:\/\/sockenseite.de\/wordpress\/wp-json\/wp\/v2\/media?parent=1094"}],"wp:term":[{"taxonomy":"category","embeddable":true,"href":"https:\/\/sockenseite.de\/wordpress\/wp-json\/wp\/v2\/categories?post=1094"},{"taxonomy":"post_tag","embeddable":true,"href":"https:\/\/sockenseite.de\/wordpress\/wp-json\/wp\/v2\/tags?post=1094"}],"curies":[{"name":"wp","href":"https:\/\/api.w.org\/{rel}","templated":true}]}}