{"id":1065,"date":"2011-08-25T19:25:16","date_gmt":"2011-08-25T18:25:16","guid":{"rendered":"https:\/\/sockenseite.de\/wordpress\/?p=1065"},"modified":"2011-08-25T19:25:16","modified_gmt":"2011-08-25T18:25:16","slug":"wider-den-vorrat","status":"publish","type":"post","link":"https:\/\/sockenseite.de\/wordpress\/2011\/08\/25\/wider-den-vorrat\/","title":{"rendered":"Wider den Vorrat"},"content":{"rendered":"<p>Es gibt zu tun: Kai-Uwe Steffens hat eine sehr unterst\u00fctzenswerte E-Petition auf den Weg gebracht, die mit aktuell nicht einmal 4.000 Mitzeichnern noch viel zu wenig Unterst\u00fctung hat. Du kannst das \u00e4ndern, indem Du die Petition <a href=\"https:\/\/epetitionen.bundestag.de\/index.php?action=petition;sa=details;petition=17143\">Strafprozessordnung &#8211; Verbot der Vorratsdatenspeicherung vom 15.03.2011<\/a> aufrufst und mitzeichnest. <a href=\"http:\/\/netzpolitik.org\/2011\/mitzeichnen-petition-gegen-vorratsdatenspeicherung\/\">Netzpolitik.org<\/a> w\u00fcnscht sich das auch von Dir (und hat einen <a href=\"http:\/\/netzpolitik.org\/wp-upload\/img.php-PNG-Grafik-376x376-Pixel_1314260572076-300x300.png\">QR-Code<\/a>, mit dem sogar Dein Smartphone den Weg findet).<\/p>\n<p>Darum geht&#8217;s: <\/p>\n<blockquote><p>Der Deutsche Bundestag m\u00f6ge beschlie\u00dfen, dass die verdachtlose Vorratsdatenspeicherung nicht zul\u00e4ssig ist. Dar\u00fcber hinaus m\u00f6ge er die Bundesregierung auffordern, sich f\u00fcr eine Aufhebung der entsprechenden EU-Richtlinie und f\u00fcr ein europaweites Verbot der Vorratsdatenspeicherung einzusetzen.<\/p><\/blockquote>\n<p>Steffens wiederholt noch einmal, was schlecht ist an der Vorratsdatenspeicherung: <\/p>\n<blockquote><p>Im Zuge einer Vorratsdatenspeicherung werden ohne jeden Verdacht einer Straftat sensible Informationen \u00fcber die sozialen Beziehungen (einschlie\u00dflich Gesch\u00e4ftsbeziehungen), die Bewegungen und die individuelle Lebenssituation (z.B. Kontakte mit \u00c4rzten, Rechtsanw\u00e4lten, Betriebsr\u00e4ten, Psychologen, Beratungsstellen usw.) von 500 Millionen Europ\u00e4ern gesammelt. Eine derart weitreichende Registrierung des Verhaltens der Menschen in Deutschland ist inakzeptabel. Eine Vorratsdatenspeicherung h\u00f6hlt Anwalts-, Arzt-, Seelsorge-, Beratungs- und andere Berufsgeheimnisse aus und beg\u00fcnstigt Datenpannen und -missbrauch. Sie untergr\u00e4bt den Schutz journalistischer Quellen und besch\u00e4digt damit die Pressefreiheit im Kern.<\/p><\/blockquote>\n<p>Was folgt daraus? <\/p>\n<blockquote><p>In mehreren EU-Mitgliedstaaten sind die Gesetze zur Vorratsdatenspeicherung, mit denen die EU-Richtlinie 2006\/24 umgesetzt werden sollte, von h\u00f6chsten Gerichten bereits f\u00fcr unvereinbar mit den Verfassungen der jeweiligen Staaten und somit f\u00fcr ung\u00fcltig erkl\u00e4rt worden. Eine einheitliche Regelung, wie sie die Richtlinie urspr\u00fcnglich aus Wettbewerbsgr\u00fcnden herstellen wollte, ist daher mit Vorratsdatenspeicherungen nicht herbeizuf\u00fchren. Die notwendige einheitliche Regelung kann folglich nur darin bestehen, Vorratsdatenspeicherungen jeder Art in allen EU-Mitgliedstaaten zu untersagen.<\/p><\/blockquote>\n<p>Die Begr\u00fcndung ist schlicht, aber stichhaltig. Aus der w\u00fcnschenswerten Rechtsharmonisierung ein Verbot der uns\u00e4glichen Schn\u00fcffelmanie abzuleiten, ist schon genial. Also, nix wie auf zum Mitzeichnen!<\/p>\n<p>(siehe auch: <a href=\"http:\/\/digitalegesellschaft.de\/2011\/08\/petition-gegen-vorratsdatenspeicherung\/\">Petition gegen Vorratsdatenspeicherung<\/a>, <a href=\"http:\/\/winfuture.de\/news,65148.html\">Neue Petition gegen die Vorratsdatenspeicherung<\/a>, <a href=\"http:\/\/www.heise.de\/newsticker\/meldung\/Neue-Petition-gegen-die-Vorratsdatenspeicherung-1330972.html\">Neue Petition gegen die Vorratsdatenspeicherung<\/a>)<\/p>\n","protected":false},"excerpt":{"rendered":"<p>Es gibt zu tun: Kai-Uwe Steffens hat eine sehr unterst\u00fctzenswerte E-Petition auf den Weg gebracht, die mit aktuell nicht einmal 4.000 Mitzeichnern noch&hellip;<\/p>\n","protected":false},"author":1,"featured_media":0,"comment_status":"open","ping_status":"open","sticky":false,"template":"","format":"standard","meta":{"_bluesky_dont_syndicate":"","_bluesky_syndication_accounts":"","_bluesky_syndication_text":"","footnotes":""},"categories":[20,22],"tags":[174,274,286,441],"class_list":["post-1065","post","type-post","status-publish","format-standard","hentry","category-netze-und-systeme","category-politik-und-gesellschaft","tag-gute-sache","tag-netzpolitik","tag-petition","tag-vorratsdatenspeicherung"],"_links":{"self":[{"href":"https:\/\/sockenseite.de\/wordpress\/wp-json\/wp\/v2\/posts\/1065","targetHints":{"allow":["GET"]}}],"collection":[{"href":"https:\/\/sockenseite.de\/wordpress\/wp-json\/wp\/v2\/posts"}],"about":[{"href":"https:\/\/sockenseite.de\/wordpress\/wp-json\/wp\/v2\/types\/post"}],"author":[{"embeddable":true,"href":"https:\/\/sockenseite.de\/wordpress\/wp-json\/wp\/v2\/users\/1"}],"replies":[{"embeddable":true,"href":"https:\/\/sockenseite.de\/wordpress\/wp-json\/wp\/v2\/comments?post=1065"}],"version-history":[{"count":0,"href":"https:\/\/sockenseite.de\/wordpress\/wp-json\/wp\/v2\/posts\/1065\/revisions"}],"wp:attachment":[{"href":"https:\/\/sockenseite.de\/wordpress\/wp-json\/wp\/v2\/media?parent=1065"}],"wp:term":[{"taxonomy":"category","embeddable":true,"href":"https:\/\/sockenseite.de\/wordpress\/wp-json\/wp\/v2\/categories?post=1065"},{"taxonomy":"post_tag","embeddable":true,"href":"https:\/\/sockenseite.de\/wordpress\/wp-json\/wp\/v2\/tags?post=1065"}],"curies":[{"name":"wp","href":"https:\/\/api.w.org\/{rel}","templated":true}]}}