{"id":1035,"date":"2011-07-26T19:40:16","date_gmt":"2011-07-26T18:40:16","guid":{"rendered":"https:\/\/sockenseite.de\/wordpress\/?p=1035"},"modified":"2011-07-26T19:40:16","modified_gmt":"2011-07-26T18:40:16","slug":"vorrat-unnoetig","status":"publish","type":"post","link":"https:\/\/sockenseite.de\/wordpress\/2011\/07\/26\/vorrat-unnoetig\/","title":{"rendered":"Vorrat? Unn\u00f6tig!"},"content":{"rendered":"<p>Ich habe soeben erstmals eine Nachricht an <a href=\"http:\/\/www.karllauterbach.de\/\">meinen Bundestagsabgeordneten<\/a> geschrieben. Das solltest Du auch tun. Warum? Das steht bei <a href=\"http:\/\/netzpolitik.org\/2011\/aktion-sprich-dich-gegen-die-vorratsdatenspeicherung-aus\/\">Netzpolitik<\/a>, beim <a href=\"http:\/\/www.vorratsdatenspeicherung.de\/\">AK Vorrat<\/a>, (und auch in einem \u00e4lteren Beitrag <a href=\"https:\/\/sockenseite.de\/wordpress\/aufreger\/politik-und-gesellschaft\/bis-24-12-2007-verfassungsbeschwerde-gegen-vorratsdatenspeicherung-ein-how-to\/\">hierzuseits<\/a>). Wie? Bei abgeordnetenwatch.de findest Du die <a href=\"http:\/\/www.abgeordnetenwatch.de\/bundestag-360-0.html#einstieg\">Kontaktdaten<\/a> gegen Eingabe einer Postleitzahl, und zur Not f\u00fchrt Dich Tante Google zur E-Mail- oder Postadresse.<\/p>\n<p>Und hier folgt mein zusammengeguttenbergter<sup><a href=\"#footnote_1_1035\" id=\"identifier_1_1035\" class=\"footnote-link footnote-identifier-link\" title=\"Die Vorlage stammt von daten-speicherung.de, steht unter der CC-BY-Lizenz und darf gerne weiterverbreitet werden.\">1<\/a><\/sup> Brief:<\/p>\n<blockquote><p>Sehr geehrter Prof. Dr. Lauterbach,<\/p>\n<p>ich geh\u00f6re Ihrem Wahlkreis an und fordere Sie dringend auf, den<br \/>\nDiskussionsentwurf des Bundesjustizministeriums eines \u201eGesetzes zur<br \/>\nSicherung vorhandener Verkehrsdaten und Gew\u00e4hrleistung von<br \/>\nBestandsdatenausk\u00fcnften im Internet\u201c abzulehnen. Dieser Gesetzentwurf<br \/>\nw\u00fcrde eine gro\u00dfe Zahl von Internet-Zugangsanbietern zur F\u00fchrung neuer<br \/>\nAufzeichnungen \u00fcber alle ihre Kunden verpflichten und dadurch die Rechte<br \/>\nMillionen unbescholtener Deutscher auf freie Meinungs\u00e4u\u00dferung und<br \/>\nPrivatsph\u00e4re im Internet kompromittieren, aber auch Innovation und<br \/>\nWachstum der Telekommunikationswirtschaft gef\u00e4hrden.<\/p>\n<p>Niemand lehnt das Ziel des Schutzes von Kindern gegen Missbrauch ab,<br \/>\naber dieser Gesetzentwurf w\u00fcrde jeden Internetnutzer wie einen<br \/>\nVerbrecher behandeln. Jeder Internet-Zugangsanbieter, jede andere<br \/>\nPerson, die mir einen Zugang zum Internet anbietet, w\u00fcrde verpflichtet,<br \/>\nsehendes Auges meine Privatsph\u00e4re im Internet zu untergraben. Die in dem<br \/>\nGesetzentwurf vorgesehene Vorratsdatenspeicherung w\u00fcrde meine und<br \/>\njedermanns pers\u00f6nliche Daten \u00fcbereifrigen Ermittlern, Hackern und<br \/>\nversehentlichen Datenpannen preisgeben, Kindern jedoch kaum bis<br \/>\n\u00fcberhaupt nicht helfen. Auch eine Katastrophe wie die schrecklichen<br \/>\nMordanschl\u00e4ge durch einen christlichen Fanatiker in Norwegen k\u00f6nnte &#8211;<br \/>\nentgegen der wirren \u00c4u\u00dferungen Ihres Bundestagskollegen Uhl von der<br \/>\nCSU &#8211; durch die (in Norwegen \u00fcbrigens bereits geltende und somit als<br \/>\nwenig hilfreich zu bewertende Vorratsdatenspeicherung) nicht auch nur<br \/>\nansatzweise verhindert werden.<\/p>\n<p>Durch diese Vorratsdatespeicherung w\u00fcrde jeder Internet-Zugangsanbieter<br \/>\nmit neuen Kosten belastet, die zu Preiserh\u00f6hungen, zur Verhinderung von<br \/>\nInnovationen und zur Erschwerung des Zugangs zum Internet f\u00fchren<br \/>\nk\u00f6nnten, indem die Kosten von gemeinn\u00fctzigen Anbietern kostenfreier<br \/>\nInternetzug\u00e4nge erh\u00f6ht w\u00fcrden. Doch nicht nur dies: Durch die geplante<br \/>\nPflicht \u00f6ffentlich zug\u00e4nglicher Internetzugangsdienste zur siebent\u00e4gigen<br \/>\nVorratsspeicherung der Zuweisung von Netzwerkadressen gef\u00e4hrdet der<br \/>\nGesetzentwurf meine Grundrechte auf freie Meinungs\u00e4u\u00dferung und freie<br \/>\nInformation im Internet. Die verdachtsunabh\u00e4ngige Speicherung meiner<br \/>\nKommunikationsdaten setzt mich mit Schwerstkriminellen und Terroristen<br \/>\ngleich. Sollten Sie dies durch eine Zustimmung zu diesem Gesetz<br \/>\nunterst\u00fctzen, k\u00f6nnte ich Ihnen bei der n\u00e4chsten Bundestagswahl nicht<br \/>\nmehr guten Gewissens meine Stimme geben.<\/p>\n<p>Es handelt sich nicht um eine parteipolitische Auseinandersetzung.<br \/>\nAbgeordnete aller Fraktionen haben sich in der Vergangenheit gegen eine<br \/>\nanlasslose Vorratsdatenspeicherung der gesamten Bev\u00f6lkerung<br \/>\nausgesprochen. So sagte die Vorsitzende des CSU-Netzrates, Dorothee B\u00e4r,<br \/>\nAnfang des Jahres: \u201eEs w\u00e4re mir lieber, man w\u00fcrde das Ganze auf Verdacht<br \/>\nmachen und nicht verdachtsunabh\u00e4ngig von jedem Einzelnen\u201c. Die<br \/>\nFDP-Bundesjustizministerin Sabine Leutheusser-Schnarrenberger erkl\u00e4rte<br \/>\nvor einem Jahr: \u201eZur Kriminalit\u00e4tsbek\u00e4mpfung sind auch ohne die<br \/>\npauschale und anlasslose Speicherung jeder Benutzung von [\u2026] Internet<br \/>\ngen\u00fcgend Verbindungsdaten verf\u00fcgbar.\u201c Ich h\u00e4tte es nicht besser<br \/>\nausdr\u00fccken k\u00f6nnen. Das Bundesverfassungsgericht hat nicht ohne Grund<br \/>\nschon den ersten Versuch, eine umfassende \u00dcberwachungsinfrastruktur zu<br \/>\ninstallieren, kassiert, weil dies das in Art. 10 Abs 1 GG garantierte<br \/>\nRecht auf das Post- und Fernmeldegeheimnis in unzul\u00e4ssiger Weise<br \/>\nverletzte und damit verfassungswidrig war.<\/p>\n<p>Von Internet-Zugangsanbietern zu verlangen, ihre Systeme umzugestalten,<br \/>\num die beh\u00f6rdliche \u00dcberwachung der Meinungs\u00e4u\u00dferung von B\u00fcrgern zu<br \/>\nerleichtern, entspricht schlichtweg nicht unseren Werten. Die M\u00fctter und<br \/>\nV\u00e4ter unseres Grundgesetzes h\u00e4tten dieses Ansinnen ebenso zur\u00fcckgewiesen<br \/>\nwie sonstige Eingriffe in das Fernmeldegeheimnis. Ich wende mich an Sie<br \/>\nals meinen gew\u00e4hlten Abgeordneten, damit Sie meine verfassungsm\u00e4\u00dfigen<br \/>\nRechte sch\u00fctzen und dieses privatsph\u00e4ren-, meinungsfreiheits- und<br \/>\ninnovationsfeindliche Vorhaben zur\u00fcckweisen.<\/p>\n<p>Bitte sch\u00fctzen Sie meine digitalen B\u00fcrgerrechte, indem Sie den<br \/>\nGesetzentwurf ablehnen und jeden Vorschlag unterst\u00fctzen, die darin<br \/>\nvorgesehene, gef\u00e4hrliche und unseren Werten widersprechende anlasslose<br \/>\nVorratsdatenspeicherung zu streichen.<\/p>\n<p>Mit freundlichen Gr\u00fc\u00dfen<br \/>\nOliver Ding<\/p><\/blockquote>\n<p>Jetzt bist Du dran.<\/p>\n<ol class=\"footnotes\"><li id=\"footnote_1_1035\" class=\"footnote\">Die Vorlage stammt von <a href=\"http:\/\/www.daten-speicherung.de\/index.php\/verhindere-dass-die-bundesregierung-dich-ausspionieren-laesst-sprich-dich-gegen-den-gesetzentwurf-zur-vorratsdatenspeicherung-aus\/\">daten-speicherung.de<\/a>, steht unter der <a href=\"http:\/\/creativecommons.org\/licenses\/by\/2.0\/de\/\">CC-BY-Lizenz<\/a> und darf gerne weiterverbreitet werden.<span class=\"footnote-back-link-wrapper\">[<a href=\"#identifier_1_1035\" class=\"footnote-link footnote-back-link\">&#8617;<\/a>]<\/span><\/li><\/ol>","protected":false},"excerpt":{"rendered":"<p>Ich habe soeben erstmals eine Nachricht an meinen Bundestagsabgeordneten geschrieben. Das solltest Du auch tun. Warum? Das steht bei Netzpolitik, beim AK Vorrat,&hellip;<\/p>\n","protected":false},"author":1,"featured_media":0,"comment_status":"open","ping_status":"open","sticky":false,"template":"","format":"standard","meta":{"_bluesky_dont_syndicate":"","_bluesky_syndication_accounts":"","_bluesky_syndication_text":"","footnotes":""},"categories":[22],"tags":[174,274,441],"class_list":["post-1035","post","type-post","status-publish","format-standard","hentry","category-politik-und-gesellschaft","tag-gute-sache","tag-netzpolitik","tag-vorratsdatenspeicherung"],"_links":{"self":[{"href":"https:\/\/sockenseite.de\/wordpress\/wp-json\/wp\/v2\/posts\/1035","targetHints":{"allow":["GET"]}}],"collection":[{"href":"https:\/\/sockenseite.de\/wordpress\/wp-json\/wp\/v2\/posts"}],"about":[{"href":"https:\/\/sockenseite.de\/wordpress\/wp-json\/wp\/v2\/types\/post"}],"author":[{"embeddable":true,"href":"https:\/\/sockenseite.de\/wordpress\/wp-json\/wp\/v2\/users\/1"}],"replies":[{"embeddable":true,"href":"https:\/\/sockenseite.de\/wordpress\/wp-json\/wp\/v2\/comments?post=1035"}],"version-history":[{"count":0,"href":"https:\/\/sockenseite.de\/wordpress\/wp-json\/wp\/v2\/posts\/1035\/revisions"}],"wp:attachment":[{"href":"https:\/\/sockenseite.de\/wordpress\/wp-json\/wp\/v2\/media?parent=1035"}],"wp:term":[{"taxonomy":"category","embeddable":true,"href":"https:\/\/sockenseite.de\/wordpress\/wp-json\/wp\/v2\/categories?post=1035"},{"taxonomy":"post_tag","embeddable":true,"href":"https:\/\/sockenseite.de\/wordpress\/wp-json\/wp\/v2\/tags?post=1035"}],"curies":[{"name":"wp","href":"https:\/\/api.w.org\/{rel}","templated":true}]}}